{"id":3533,"date":"2024-03-26T12:39:11","date_gmt":"2024-03-26T11:39:11","guid":{"rendered":"http:\/\/olasz-altisk.edu.hu\/weboldal\/?p=3533"},"modified":"2024-03-26T12:39:14","modified_gmt":"2024-03-26T11:39:14","slug":"okoli-megyei-fenntarthatosagi-verseny-a-pecsi-kodaly-zoltan-kollegiumban","status":"publish","type":"post","link":"http:\/\/olasz-altisk.edu.hu\/weboldal\/?p=3533","title":{"rendered":"\u00d6KOLI megyei fenntarthat\u00f3s\u00e1gi verseny a P\u00e9csi Kod\u00e1ly Zolt\u00e1n Koll\u00e9giumban"},"content":{"rendered":"\n<p>2023. m\u00e1rcius 21-\u00e9n ker\u00fclt megrendez\u00e9sre az \u00d6KOLI versenysorozat d\u00f6nt\u0151je a p\u00e9csi Kod\u00e1ly Zolt\u00e1n Koll\u00e9giumban, ahol a megyei d\u00f6nt\u0151be bejutott 5 csapat m\u00e9rte \u00f6ssze tud\u00e1s\u00e1t fenntarthat\u00f3s\u00e1g, term\u00e9szetv\u00e9delem t\u00e9mak\u00f6rben. B\u00fcszkes\u00e9g\u00fcnk, hogy az \u00f6t csapat k\u00f6z\u00fcl 3-at az Olaszi \u00c1ltal\u00e1nos Iskola tanul\u00f3i alkottak. A csapatok el\u0151zetes projektfeladattal k\u00e9sz\u00fcltek, ahol egy mad\u00e1rod\u00fa vagy rovarhotel elk\u00e9sz\u00edt\u00e9s\u00e9r\u0151l sz\u00e1moltak be, melyet \u00fajrahasznos\u00edtott anyagok felhaszn\u00e1l\u00e1s\u00e1val k\u00e9sz\u00edtettek el. Majd a versenyz\u0151 csapatok egy mozg\u00e1sos \u201e\u00e1llatkeres\u0151\u201d feladattal oldhatt\u00e1k kezdeti l\u00e1mpal\u00e1zukat, s a vill\u00e1mk\u00e9rd\u00e9sekre adott j\u00f3 v\u00e1laszaikkal gyarap\u00edtott\u00e1k pontjaikat. A versenyt egy Kahoot-os feladatsor z\u00e1rta, ennek megold\u00e1sai alak\u00edtott\u00e1k ki a v\u00e9gs\u0151 sorrendet.<\/p>\n\n\n\n<p>Az Olaszi \u00c1ltal\u00e1nos Iskola K\u00f6rnyezetv\u00e9d\u0151k csapata (tagok: Kis-Peti Luca, Kiss Hanna Fatima) a 3. helyez\u00e9st \u00e9rt\u00e9k el.<\/p>\n\n\n\n<p>A csapatok felk\u00e9sz\u00edt\u0151je: Vajt\u00e1n\u00e9 Boros \u00c9va Kl\u00e1ra biol\u00f3gia szakos koll\u00e9gan\u0151 volt.<\/p>\n\n\n\n<p>Gratul\u00e1lunk a sz\u00e9p eredm\u00e9nyhez!<\/p>\n\n\n\n\n\n<div class=\"ngg-galleryoverview ngg-slideshow\"\n\t id=\"ngg-slideshow-0f95ddc133bf43c0e4cbf26ee9baa9f8-15619120850\"\n     data-gallery-id=\"0f95ddc133bf43c0e4cbf26ee9baa9f8\"\n     style=\"max-width: 600px; max-height: 400px;\">\n\n \t<div id=\"ngg-image-0\" class=\"ngg-gallery-slideshow-image\" style=\"height:400px\">\n\n        <a href=\"http:\/\/olasz-altisk.edu.hu\/weboldal\/wp-content\/gallery\/okoli-megyei-fenntarthatosagi-verseny-a-pecsi-kodaly-zoltan-kollegiumban\/okoli1.jpg\"\n           title=\"\"\n           data-src=\"http:\/\/olasz-altisk.edu.hu\/weboldal\/wp-content\/gallery\/okoli-megyei-fenntarthatosagi-verseny-a-pecsi-kodaly-zoltan-kollegiumban\/okoli1.jpg\"\n           data-thumbnail=\"http:\/\/olasz-altisk.edu.hu\/weboldal\/wp-content\/gallery\/okoli-megyei-fenntarthatosagi-verseny-a-pecsi-kodaly-zoltan-kollegiumban\/thumbs\/thumbs_okoli1.jpg\"\n           data-image-id=\"1293\"\n           data-title=\"okoli1\"\n           data-description=\"\"\n           class=\"ngg-fancybox\" rel=\"0f95ddc133bf43c0e4cbf26ee9baa9f8\">\n\n            <img data-image-id='1293'\n                 title=\"\"\n                 alt=\"okoli1\"\n                 src=\"http:\/\/olasz-altisk.edu.hu\/weboldal\/wp-content\/gallery\/okoli-megyei-fenntarthatosagi-verseny-a-pecsi-kodaly-zoltan-kollegiumban\/okoli1.jpg\"\n                 style=\"max-height: 380px;\"\/>\n        <\/a>\n\n        <\/div> \n<div id=\"ngg-image-1\" class=\"ngg-gallery-slideshow-image\" style=\"height:400px\">\n\n        <a href=\"http:\/\/olasz-altisk.edu.hu\/weboldal\/wp-content\/gallery\/okoli-megyei-fenntarthatosagi-verseny-a-pecsi-kodaly-zoltan-kollegiumban\/okoli3.jpg\"\n           title=\"\"\n           data-src=\"http:\/\/olasz-altisk.edu.hu\/weboldal\/wp-content\/gallery\/okoli-megyei-fenntarthatosagi-verseny-a-pecsi-kodaly-zoltan-kollegiumban\/okoli3.jpg\"\n           data-thumbnail=\"http:\/\/olasz-altisk.edu.hu\/weboldal\/wp-content\/gallery\/okoli-megyei-fenntarthatosagi-verseny-a-pecsi-kodaly-zoltan-kollegiumban\/thumbs\/thumbs_okoli3.jpg\"\n           data-image-id=\"1294\"\n           data-title=\"okoli3\"\n           data-description=\"\"\n           class=\"ngg-fancybox\" rel=\"0f95ddc133bf43c0e4cbf26ee9baa9f8\">\n\n            <img data-image-id='1294'\n                 title=\"\"\n                 alt=\"okoli3\"\n                 src=\"http:\/\/olasz-altisk.edu.hu\/weboldal\/wp-content\/gallery\/okoli-megyei-fenntarthatosagi-verseny-a-pecsi-kodaly-zoltan-kollegiumban\/okoli3.jpg\"\n                 style=\"max-height: 380px;\"\/>\n        <\/a>\n\n        <\/div> \n<div id=\"ngg-image-2\" class=\"ngg-gallery-slideshow-image\" style=\"height:400px\">\n\n        <a href=\"http:\/\/olasz-altisk.edu.hu\/weboldal\/wp-content\/gallery\/okoli-megyei-fenntarthatosagi-verseny-a-pecsi-kodaly-zoltan-kollegiumban\/okoli4.jpg\"\n           title=\"\"\n           data-src=\"http:\/\/olasz-altisk.edu.hu\/weboldal\/wp-content\/gallery\/okoli-megyei-fenntarthatosagi-verseny-a-pecsi-kodaly-zoltan-kollegiumban\/okoli4.jpg\"\n           data-thumbnail=\"http:\/\/olasz-altisk.edu.hu\/weboldal\/wp-content\/gallery\/okoli-megyei-fenntarthatosagi-verseny-a-pecsi-kodaly-zoltan-kollegiumban\/thumbs\/thumbs_okoli4.jpg\"\n           data-image-id=\"1295\"\n           data-title=\"okoli4\"\n           data-description=\"\"\n           class=\"ngg-fancybox\" rel=\"0f95ddc133bf43c0e4cbf26ee9baa9f8\">\n\n            <img data-image-id='1295'\n                 title=\"\"\n                 alt=\"okoli4\"\n                 src=\"http:\/\/olasz-altisk.edu.hu\/weboldal\/wp-content\/gallery\/okoli-megyei-fenntarthatosagi-verseny-a-pecsi-kodaly-zoltan-kollegiumban\/okoli4.jpg\"\n                 style=\"max-height: 380px;\"\/>\n        <\/a>\n\n        <\/div> \n<div id=\"ngg-image-3\" class=\"ngg-gallery-slideshow-image\" style=\"height:400px\">\n\n        <a href=\"http:\/\/olasz-altisk.edu.hu\/weboldal\/wp-content\/gallery\/okoli-megyei-fenntarthatosagi-verseny-a-pecsi-kodaly-zoltan-kollegiumban\/okoli2.jpg\"\n           title=\"\"\n           data-src=\"http:\/\/olasz-altisk.edu.hu\/weboldal\/wp-content\/gallery\/okoli-megyei-fenntarthatosagi-verseny-a-pecsi-kodaly-zoltan-kollegiumban\/okoli2.jpg\"\n           data-thumbnail=\"http:\/\/olasz-altisk.edu.hu\/weboldal\/wp-content\/gallery\/okoli-megyei-fenntarthatosagi-verseny-a-pecsi-kodaly-zoltan-kollegiumban\/thumbs\/thumbs_okoli2.jpg\"\n           data-image-id=\"1296\"\n           data-title=\"okoli2\"\n           data-description=\"\"\n           class=\"ngg-fancybox\" rel=\"0f95ddc133bf43c0e4cbf26ee9baa9f8\">\n\n            <img data-image-id='1296'\n                 title=\"\"\n                 alt=\"okoli2\"\n                 src=\"http:\/\/olasz-altisk.edu.hu\/weboldal\/wp-content\/gallery\/okoli-megyei-fenntarthatosagi-verseny-a-pecsi-kodaly-zoltan-kollegiumban\/okoli2.jpg\"\n                 style=\"max-height: 380px;\"\/>\n        <\/a>\n\n        <\/div> \n<\/div>\n\n\n\n\n","protected":false},"excerpt":{"rendered":"<p>2023. m\u00e1rcius 21-\u00e9n ker\u00fclt megrendez\u00e9sre az \u00d6KOLI versenysorozat d\u00f6nt\u0151je a p\u00e9csi Kod\u00e1ly Zolt\u00e1n Koll\u00e9giumban, ahol a megyei d\u00f6nt\u0151be bejutott 5 csapat m\u00e9rte \u00f6ssze tud\u00e1s\u00e1t fenntarthat\u00f3s\u00e1g, term\u00e9szetv\u00e9delem t\u00e9mak\u00f6rben. B\u00fcszkes\u00e9g\u00fcnk, hogy az \u00f6t csapat k\u00f6z\u00fcl 3-at az Olaszi \u00c1ltal\u00e1nos Iskola tanul\u00f3i alkottak. A csapatok el\u0151zetes projektfeladattal k\u00e9sz\u00fcltek, ahol egy mad\u00e1rod\u00fa vagy rovarhotel \u2026 <a class=\"continue-reading-link\" href=\"http:\/\/olasz-altisk.edu.hu\/weboldal\/?p=3533\"> Continue reading <span class=\"meta-nav\">&rarr; <\/span><\/a><\/p>\n","protected":false},"author":1,"featured_media":0,"comment_status":"closed","ping_status":"closed","sticky":false,"template":"","format":"standard","meta":{"ngg_post_thumbnail":0},"categories":[1],"tags":[],"_links":{"self":[{"href":"http:\/\/olasz-altisk.edu.hu\/weboldal\/index.php?rest_route=\/wp\/v2\/posts\/3533"}],"collection":[{"href":"http:\/\/olasz-altisk.edu.hu\/weboldal\/index.php?rest_route=\/wp\/v2\/posts"}],"about":[{"href":"http:\/\/olasz-altisk.edu.hu\/weboldal\/index.php?rest_route=\/wp\/v2\/types\/post"}],"author":[{"embeddable":true,"href":"http:\/\/olasz-altisk.edu.hu\/weboldal\/index.php?rest_route=\/wp\/v2\/users\/1"}],"replies":[{"embeddable":true,"href":"http:\/\/olasz-altisk.edu.hu\/weboldal\/index.php?rest_route=%2Fwp%2Fv2%2Fcomments&post=3533"}],"version-history":[{"count":1,"href":"http:\/\/olasz-altisk.edu.hu\/weboldal\/index.php?rest_route=\/wp\/v2\/posts\/3533\/revisions"}],"predecessor-version":[{"id":3539,"href":"http:\/\/olasz-altisk.edu.hu\/weboldal\/index.php?rest_route=\/wp\/v2\/posts\/3533\/revisions\/3539"}],"wp:attachment":[{"href":"http:\/\/olasz-altisk.edu.hu\/weboldal\/index.php?rest_route=%2Fwp%2Fv2%2Fmedia&parent=3533"}],"wp:term":[{"taxonomy":"category","embeddable":true,"href":"http:\/\/olasz-altisk.edu.hu\/weboldal\/index.php?rest_route=%2Fwp%2Fv2%2Fcategories&post=3533"},{"taxonomy":"post_tag","embeddable":true,"href":"http:\/\/olasz-altisk.edu.hu\/weboldal\/index.php?rest_route=%2Fwp%2Fv2%2Ftags&post=3533"}],"curies":[{"name":"wp","href":"https:\/\/api.w.org\/{rel}","templated":true}]}}