{"id":3815,"date":"2024-04-29T16:15:12","date_gmt":"2024-04-29T14:15:12","guid":{"rendered":"http:\/\/olasz-altisk.edu.hu\/weboldal\/?p=3815"},"modified":"2024-04-29T16:15:12","modified_gmt":"2024-04-29T14:15:12","slug":"csecsemoapolasi-verseny-2024","status":"publish","type":"post","link":"http:\/\/olasz-altisk.edu.hu\/weboldal\/?p=3815","title":{"rendered":"Csecsem\u0151\u00e1pol\u00e1si verseny 2024."},"content":{"rendered":"\n<p>Sz\u00edvb\u0151l gratul\u00e1lunk <strong>Kiss Hanna, Kis-Peti Luca, Suv\u00e1k K\u00edra<\/strong> 8.oszt\u00e1lyos tanul\u00f3knak, akik a Magyar V\u00f6r\u00f6skereszt \u00e1ltal meghirdetett Csecsem\u0151-\u00e9s kisdedgondoz\u00e1si versenyen kiv\u00e1l\u00f3 eredm\u00e9nyt \u00e9rtek el!<\/p>\n\n\n\n<p><strong>K\u00f6sz\u00f6nj\u00fck Lengyeln\u00e9 Guth \u00c9va v\u00e9d\u0151n\u0151 felk\u00e9sz\u00edt\u0151 munk\u00e1j\u00e1t!<\/strong><\/p>\n\n\n\n<figure class=\"wp-block-gallery has-nested-images columns-default is-cropped wp-block-gallery-1 is-layout-flex\">\n<figure class=\"wp-block-image size-large\"><img decoding=\"async\" loading=\"lazy\" width=\"768\" height=\"1024\" data-id=\"3817\"  src=\"http:\/\/olasz-altisk.edu.hu\/weboldal\/wp-content\/uploads\/IMG_20240429_091322-768x1024.jpg\" alt=\"\" class=\"wp-image-3817\" srcset=\"http:\/\/olasz-altisk.edu.hu\/weboldal\/wp-content\/uploads\/IMG_20240429_091322-768x1024.jpg 768w, http:\/\/olasz-altisk.edu.hu\/weboldal\/wp-content\/uploads\/IMG_20240429_091322-225x300.jpg 225w, http:\/\/olasz-altisk.edu.hu\/weboldal\/wp-content\/uploads\/IMG_20240429_091322-1152x1536.jpg 1152w, http:\/\/olasz-altisk.edu.hu\/weboldal\/wp-content\/uploads\/IMG_20240429_091322-1536x2048.jpg 1536w, http:\/\/olasz-altisk.edu.hu\/weboldal\/wp-content\/uploads\/IMG_20240429_091322-113x150.jpg 113w, http:\/\/olasz-altisk.edu.hu\/weboldal\/wp-content\/uploads\/IMG_20240429_091322-scaled.jpg 1920w\" sizes=\"(max-width: 768px) 100vw, 768px\" \/><\/figure>\n\n\n\n<figure class=\"wp-block-image size-large\"><img decoding=\"async\" loading=\"lazy\" width=\"768\" height=\"1024\" data-id=\"3816\"  src=\"http:\/\/olasz-altisk.edu.hu\/weboldal\/wp-content\/uploads\/IMG_20240429_091314-768x1024.jpg\" alt=\"\" class=\"wp-image-3816\" srcset=\"http:\/\/olasz-altisk.edu.hu\/weboldal\/wp-content\/uploads\/IMG_20240429_091314-768x1024.jpg 768w, http:\/\/olasz-altisk.edu.hu\/weboldal\/wp-content\/uploads\/IMG_20240429_091314-225x300.jpg 225w, http:\/\/olasz-altisk.edu.hu\/weboldal\/wp-content\/uploads\/IMG_20240429_091314-1152x1536.jpg 1152w, http:\/\/olasz-altisk.edu.hu\/weboldal\/wp-content\/uploads\/IMG_20240429_091314-1536x2048.jpg 1536w, http:\/\/olasz-altisk.edu.hu\/weboldal\/wp-content\/uploads\/IMG_20240429_091314-113x150.jpg 113w, http:\/\/olasz-altisk.edu.hu\/weboldal\/wp-content\/uploads\/IMG_20240429_091314-scaled.jpg 1920w\" sizes=\"(max-width: 768px) 100vw, 768px\" \/><\/figure>\n<\/figure>\n","protected":false},"excerpt":{"rendered":"<p>Sz\u00edvb\u0151l gratul\u00e1lunk Kiss Hanna, Kis-Peti Luca, Suv\u00e1k K\u00edra 8.oszt\u00e1lyos tanul\u00f3knak, akik a Magyar V\u00f6r\u00f6skereszt \u00e1ltal meghirdetett Csecsem\u0151-\u00e9s kisdedgondoz\u00e1si versenyen kiv\u00e1l\u00f3 eredm\u00e9nyt \u00e9rtek el! K\u00f6sz\u00f6nj\u00fck Lengyeln\u00e9 Guth \u00c9va v\u00e9d\u0151n\u0151 felk\u00e9sz\u00edt\u0151 munk\u00e1j\u00e1t!<\/p>\n","protected":false},"author":1,"featured_media":0,"comment_status":"closed","ping_status":"closed","sticky":false,"template":"","format":"standard","meta":{"ngg_post_thumbnail":0},"categories":[1],"tags":[],"_links":{"self":[{"href":"http:\/\/olasz-altisk.edu.hu\/weboldal\/index.php?rest_route=\/wp\/v2\/posts\/3815"}],"collection":[{"href":"http:\/\/olasz-altisk.edu.hu\/weboldal\/index.php?rest_route=\/wp\/v2\/posts"}],"about":[{"href":"http:\/\/olasz-altisk.edu.hu\/weboldal\/index.php?rest_route=\/wp\/v2\/types\/post"}],"author":[{"embeddable":true,"href":"http:\/\/olasz-altisk.edu.hu\/weboldal\/index.php?rest_route=\/wp\/v2\/users\/1"}],"replies":[{"embeddable":true,"href":"http:\/\/olasz-altisk.edu.hu\/weboldal\/index.php?rest_route=%2Fwp%2Fv2%2Fcomments&post=3815"}],"version-history":[{"count":1,"href":"http:\/\/olasz-altisk.edu.hu\/weboldal\/index.php?rest_route=\/wp\/v2\/posts\/3815\/revisions"}],"predecessor-version":[{"id":3818,"href":"http:\/\/olasz-altisk.edu.hu\/weboldal\/index.php?rest_route=\/wp\/v2\/posts\/3815\/revisions\/3818"}],"wp:attachment":[{"href":"http:\/\/olasz-altisk.edu.hu\/weboldal\/index.php?rest_route=%2Fwp%2Fv2%2Fmedia&parent=3815"}],"wp:term":[{"taxonomy":"category","embeddable":true,"href":"http:\/\/olasz-altisk.edu.hu\/weboldal\/index.php?rest_route=%2Fwp%2Fv2%2Fcategories&post=3815"},{"taxonomy":"post_tag","embeddable":true,"href":"http:\/\/olasz-altisk.edu.hu\/weboldal\/index.php?rest_route=%2Fwp%2Fv2%2Ftags&post=3815"}],"curies":[{"name":"wp","href":"https:\/\/api.w.org\/{rel}","templated":true}]}}