{"id":3827,"date":"2024-05-05T10:54:04","date_gmt":"2024-05-05T08:54:04","guid":{"rendered":"http:\/\/olasz-altisk.edu.hu\/weboldal\/?p=3827"},"modified":"2024-05-05T10:54:04","modified_gmt":"2024-05-05T08:54:04","slug":"anyak-napi-koszonto","status":"publish","type":"post","link":"http:\/\/olasz-altisk.edu.hu\/weboldal\/?p=3827","title":{"rendered":"Any\u00e1k napi k\u00f6sz\u00f6nt\u0151"},"content":{"rendered":"\n<p class=\"has-medium-font-size\"><strong>Szeretettel k\u00f6sz\u00f6ntj\u00fck any\u00e1k napja alkalm\u00e1b\u00f3l az \u00e9desany\u00e1kat, nagymam\u00e1kat , d\u00e9dimam\u00e1kat, nevel\u0151any\u00e1kat, keresztany\u00e1kat!<\/strong><\/p>\n\n\n\n<p class=\"has-text-align-center has-blush-light-purple-gradient-background has-background has-medium-font-size\"><strong>J\u00f3zsef Attila: Nem tud \u00fagy szeretni<br><\/strong>Nem tud \u00fagy szeretni a vil\u00e1gon senki Mint az \u00e9desany\u00e1m tud engem szeretni. Ak\u00e1rmit k\u00edv\u00e1ntam megtette egy sz\u00f3ra, M\u00e9g a csillagot is re\u00e1m rakta volna. Mikor a faluban iskol\u00e1ba j\u00e1rtam, Rendesebb egy gyerek nemigen volt n\u00e1lam. El nem t\u0171rte volna \u0151 azt semmi \u00e1ron, Hogy valaki n\u00e1lam szebb ruh\u00e1ba j\u00e1rjon. \u00c9jjel &#8211; nappal \u0151rz\u00f6tt mikor beteg voltam, Mag\u00e1t nem k\u00edm\u00e9lte, csak \u00e9rtem agg\u00f3dott. Mikor felgy\u00f3gyultam, f\u00e1radt k\u00e9t szem\u00e9ben \u00d6r\u00f6m k\u00f6nnynek \u00e9gtek, s cs\u00f3kolva bec\u00e9zett. \u00c9n Istenem \u00e1ldd meg, \u0151rizd az any\u00e1mat, Viszonozhassam \u00e9n ezt a nagy j\u00f3s\u00e1got. L\u00e1ssak a szem\u00e9ben boldog \u00f6r\u00f6mk\u00f6nnyet, Ne l\u00e1ssam \u00e9n soha b\u00fasnak, szenved\u0151nek.<\/p>\n\n\n<div class=\"wp-block-image is-style-rounded\">\n<figure class=\"aligncenter size-full is-resized\"><img decoding=\"async\" loading=\"lazy\" src=\"http:\/\/olasz-altisk.edu.hu\/weboldal\/wp-content\/uploads\/3648ab1b-ef13-40cd-84b5-5bff05ef466e.jpg\" alt=\"\" class=\"wp-image-3831\" width=\"360\" height=\"383\" srcset=\"http:\/\/olasz-altisk.edu.hu\/weboldal\/wp-content\/uploads\/3648ab1b-ef13-40cd-84b5-5bff05ef466e.jpg 720w, http:\/\/olasz-altisk.edu.hu\/weboldal\/wp-content\/uploads\/3648ab1b-ef13-40cd-84b5-5bff05ef466e-282x300.jpg 282w, http:\/\/olasz-altisk.edu.hu\/weboldal\/wp-content\/uploads\/3648ab1b-ef13-40cd-84b5-5bff05ef466e-141x150.jpg 141w\" sizes=\"(max-width: 360px) 100vw, 360px\" \/><\/figure><\/div>","protected":false},"excerpt":{"rendered":"<p>Szeretettel k\u00f6sz\u00f6ntj\u00fck any\u00e1k napja alkalm\u00e1b\u00f3l az \u00e9desany\u00e1kat, nagymam\u00e1kat , d\u00e9dimam\u00e1kat, nevel\u0151any\u00e1kat, keresztany\u00e1kat! J\u00f3zsef Attila: Nem tud \u00fagy szeretniNem tud \u00fagy szeretni a vil\u00e1gon senki Mint az \u00e9desany\u00e1m tud engem szeretni. Ak\u00e1rmit k\u00edv\u00e1ntam megtette egy sz\u00f3ra, M\u00e9g a csillagot is re\u00e1m rakta volna. Mikor a faluban iskol\u00e1ba j\u00e1rtam, Rendesebb egy gyerek \u2026 <a class=\"continue-reading-link\" href=\"http:\/\/olasz-altisk.edu.hu\/weboldal\/?p=3827\"> Continue reading <span class=\"meta-nav\">&rarr; <\/span><\/a><\/p>\n","protected":false},"author":1,"featured_media":0,"comment_status":"closed","ping_status":"closed","sticky":false,"template":"","format":"standard","meta":{"ngg_post_thumbnail":0},"categories":[1],"tags":[],"_links":{"self":[{"href":"http:\/\/olasz-altisk.edu.hu\/weboldal\/index.php?rest_route=\/wp\/v2\/posts\/3827"}],"collection":[{"href":"http:\/\/olasz-altisk.edu.hu\/weboldal\/index.php?rest_route=\/wp\/v2\/posts"}],"about":[{"href":"http:\/\/olasz-altisk.edu.hu\/weboldal\/index.php?rest_route=\/wp\/v2\/types\/post"}],"author":[{"embeddable":true,"href":"http:\/\/olasz-altisk.edu.hu\/weboldal\/index.php?rest_route=\/wp\/v2\/users\/1"}],"replies":[{"embeddable":true,"href":"http:\/\/olasz-altisk.edu.hu\/weboldal\/index.php?rest_route=%2Fwp%2Fv2%2Fcomments&post=3827"}],"version-history":[{"count":11,"href":"http:\/\/olasz-altisk.edu.hu\/weboldal\/index.php?rest_route=\/wp\/v2\/posts\/3827\/revisions"}],"predecessor-version":[{"id":3839,"href":"http:\/\/olasz-altisk.edu.hu\/weboldal\/index.php?rest_route=\/wp\/v2\/posts\/3827\/revisions\/3839"}],"wp:attachment":[{"href":"http:\/\/olasz-altisk.edu.hu\/weboldal\/index.php?rest_route=%2Fwp%2Fv2%2Fmedia&parent=3827"}],"wp:term":[{"taxonomy":"category","embeddable":true,"href":"http:\/\/olasz-altisk.edu.hu\/weboldal\/index.php?rest_route=%2Fwp%2Fv2%2Fcategories&post=3827"},{"taxonomy":"post_tag","embeddable":true,"href":"http:\/\/olasz-altisk.edu.hu\/weboldal\/index.php?rest_route=%2Fwp%2Fv2%2Ftags&post=3827"}],"curies":[{"name":"wp","href":"https:\/\/api.w.org\/{rel}","templated":true}]}}