{"id":3840,"date":"2024-05-06T20:09:55","date_gmt":"2024-05-06T18:09:55","guid":{"rendered":"http:\/\/olasz-altisk.edu.hu\/weboldal\/?p=3840"},"modified":"2024-05-10T08:43:00","modified_gmt":"2024-05-10T06:43:00","slug":"szakma-sztar-fesztival-budapest","status":"publish","type":"post","link":"http:\/\/olasz-altisk.edu.hu\/weboldal\/?p=3840","title":{"rendered":"Szakma-Szt\u00e1r-Fesztiv\u00e1l Budapest"},"content":{"rendered":"\n<p class=\"has-text-align-left\">Az Olaszi \u00c1ltal\u00e1nos Iskola 6.-7.-8. oszt\u00e1lyos tanul\u00f3i \u00e1prilis 24.-\u00e9n a P\u00e9cs-Baranyai Kereskedelmi \u00e9s Iparkamara t\u00e1mogat\u00e1s\u00e1val Budapestre utazott a Szakma Szt\u00e1r Ki\u00e1ll\u00edt\u00e1s \u00e9s Fesztiv\u00e1l rendezv\u00e9ny\u00e9re.<\/p>\n\n\n\n<p class=\"has-text-align-left\">A Magyar Kereskedelmi \u00e9s Iparkamara XVII. alkalommal 2024. \u00e1prilis 24-26. k\u00f6z\u00f6tt szervezte meg Budapesten a Hungexpo pavilonjaiban a Szakma Szt\u00e1r Fesztiv\u00e1lt. A fesztiv\u00e1l kiemelt c\u00e9lja a szakk\u00e9pz\u00e9s, a szakmav\u00e1laszt\u00e1s n\u00e9pszer\u0171s\u00edt\u00e9se \u00e9s bemutat\u00e1sa, valamint t\u00e1mogassa a p\u00e1lyav\u00e1laszt\u00e1s el\u0151tt \u00e1ll\u00f3 fiatalokat, utat mutasson a feln\u00f6vekv\u0151 gener\u00e1ci\u00f3 sz\u00e1m\u00e1ra.<\/p>\n\n\n\n<p class=\"has-text-align-left\">Di\u00e1kjaink igen sz\u00ednvonalas, gazdag ki\u00e1ll\u00edt\u00e1snak lehettek r\u00e9sztvev\u0151i. A standokon az ipar, a mez\u0151gazdas\u00e1g, a szolg\u00e1ltat\u00f3 szektorok l\u00e1tv\u00e1nyos bemutat\u00f3i, j\u00e1t\u00e9kos interakt\u00edv feladatai \u00e9s szakm\u00e1ban dolgoz\u00f3 \u00e9s tanul\u00f3 di\u00e1kok kedves, seg\u00edt\u0151k\u00e9sz csapata v\u00e1rta a k\u00edv\u00e1ncsiskod\u00f3kat. Mindenki megtal\u00e1lhatta, ami \u00e9rdekelte: volt \u00fajra \u00e9leszt\u00e9s, m\u00e9zk\u00f3stol\u00e1s, sz\u0151l\u0151vessz\u0151 dugv\u00e1nyoz\u00e1s, l\u00e1thatunk kozmetikus \u00e9s fodr\u00e1sztanul\u00f3kat munka k\u00f6zben, \u00e9p\u00edt\u0151ipari bemutat\u00f3t, aut\u00f3kat. A szorgalmasabbak t\u00f6bb pr\u00f3b\u00e1t is ki\u00e1llhattak \u00e9s minden elv\u00e9gzett feladaton nyerhett\u00fcnk, nemcsak az ismereteink gazdagodtak, hanem t\u00e1sk\u00e1nkban lev\u0151 aj\u00e1nd\u00e9kok is. Senki sem j\u00f6tt haza \u00fcres k\u00e9zzel, sem \u00fcres gyomorral, hiszen a hamburger \u00e9s \u00fcd\u00edt\u0151 is a nyerem\u00e9ny r\u00e9sze volt. A gyerekek telve \u00e9lm\u00e9nyekkel \u00e9s nyerem\u00e9nyekkel megrakodva sz\u00e1lltak buszra. meg\u00e9rte elmenni. K\u00f6sz\u00f6nj\u00fck igazgat\u00f3n\u0151nknek, Vajt\u00e1n\u00e9 Boros \u00c9v\u00e1nak \u00e9s az Iparkamar\u00e1nak a szervez\u00e9st!<\/p>\n\n\n\n\n\n<div class=\"ngg-galleryoverview ngg-slideshow\"\n\t id=\"ngg-slideshow-935dac0d005523ae57a99c73cdcc522a-13055132460\"\n     data-gallery-id=\"935dac0d005523ae57a99c73cdcc522a\"\n     style=\"max-width: 600px; max-height: 400px;\">\n\n \t<div id=\"ngg-image-0\" class=\"ngg-gallery-slideshow-image\" style=\"height:400px\">\n\n        <a href=\"http:\/\/olasz-altisk.edu.hu\/weboldal\/wp-content\/gallery\/szakma-sztar-fesztival-budapest\/Messenger_creation_146e98a6-9ec5-431c-8d79-01692e8719e7.jpeg\"\n           title=\"\"\n           data-src=\"http:\/\/olasz-altisk.edu.hu\/weboldal\/wp-content\/gallery\/szakma-sztar-fesztival-budapest\/Messenger_creation_146e98a6-9ec5-431c-8d79-01692e8719e7.jpeg\"\n           data-thumbnail=\"http:\/\/olasz-altisk.edu.hu\/weboldal\/wp-content\/gallery\/szakma-sztar-fesztival-budapest\/thumbs\/thumbs_Messenger_creation_146e98a6-9ec5-431c-8d79-01692e8719e7.jpeg\"\n           data-image-id=\"1493\"\n           data-title=\"Messenger_creation_146e98a6-9ec5-431c-8d79-01692e8719e7\"\n           data-description=\"\"\n           class=\"ngg-fancybox\" rel=\"935dac0d005523ae57a99c73cdcc522a\">\n\n            <img data-image-id='1493'\n                 title=\"\"\n                 alt=\"Messenger_creation_146e98a6-9ec5-431c-8d79-01692e8719e7\"\n                 src=\"http:\/\/olasz-altisk.edu.hu\/weboldal\/wp-content\/gallery\/szakma-sztar-fesztival-budapest\/Messenger_creation_146e98a6-9ec5-431c-8d79-01692e8719e7.jpeg\"\n                 style=\"max-height: 380px;\"\/>\n        <\/a>\n\n        <\/div> \n<div id=\"ngg-image-1\" class=\"ngg-gallery-slideshow-image\" style=\"height:400px\">\n\n        <a href=\"http:\/\/olasz-altisk.edu.hu\/weboldal\/wp-content\/gallery\/szakma-sztar-fesztival-budapest\/Messenger_creation_4ce9f6e8-093b-4d59-b6e4-d95d853911e2.jpeg\"\n           title=\"\"\n           data-src=\"http:\/\/olasz-altisk.edu.hu\/weboldal\/wp-content\/gallery\/szakma-sztar-fesztival-budapest\/Messenger_creation_4ce9f6e8-093b-4d59-b6e4-d95d853911e2.jpeg\"\n           data-thumbnail=\"http:\/\/olasz-altisk.edu.hu\/weboldal\/wp-content\/gallery\/szakma-sztar-fesztival-budapest\/thumbs\/thumbs_Messenger_creation_4ce9f6e8-093b-4d59-b6e4-d95d853911e2.jpeg\"\n           data-image-id=\"1494\"\n           data-title=\"Messenger_creation_4ce9f6e8-093b-4d59-b6e4-d95d853911e2\"\n           data-description=\"\"\n           class=\"ngg-fancybox\" rel=\"935dac0d005523ae57a99c73cdcc522a\">\n\n            <img data-image-id='1494'\n                 title=\"\"\n                 alt=\"Messenger_creation_4ce9f6e8-093b-4d59-b6e4-d95d853911e2\"\n                 src=\"http:\/\/olasz-altisk.edu.hu\/weboldal\/wp-content\/gallery\/szakma-sztar-fesztival-budapest\/Messenger_creation_4ce9f6e8-093b-4d59-b6e4-d95d853911e2.jpeg\"\n                 style=\"max-height: 380px;\"\/>\n        <\/a>\n\n        <\/div> \n<div id=\"ngg-image-2\" class=\"ngg-gallery-slideshow-image\" style=\"height:400px\">\n\n        <a href=\"http:\/\/olasz-altisk.edu.hu\/weboldal\/wp-content\/gallery\/szakma-sztar-fesztival-budapest\/Messenger_creation_c88de927-6689-48c4-8a1f-804fb06b1cf6.jpeg\"\n           title=\"\"\n           data-src=\"http:\/\/olasz-altisk.edu.hu\/weboldal\/wp-content\/gallery\/szakma-sztar-fesztival-budapest\/Messenger_creation_c88de927-6689-48c4-8a1f-804fb06b1cf6.jpeg\"\n           data-thumbnail=\"http:\/\/olasz-altisk.edu.hu\/weboldal\/wp-content\/gallery\/szakma-sztar-fesztival-budapest\/thumbs\/thumbs_Messenger_creation_c88de927-6689-48c4-8a1f-804fb06b1cf6.jpeg\"\n           data-image-id=\"1495\"\n           data-title=\"Messenger_creation_c88de927-6689-48c4-8a1f-804fb06b1cf6\"\n           data-description=\"\"\n           class=\"ngg-fancybox\" rel=\"935dac0d005523ae57a99c73cdcc522a\">\n\n            <img data-image-id='1495'\n                 title=\"\"\n                 alt=\"Messenger_creation_c88de927-6689-48c4-8a1f-804fb06b1cf6\"\n                 src=\"http:\/\/olasz-altisk.edu.hu\/weboldal\/wp-content\/gallery\/szakma-sztar-fesztival-budapest\/Messenger_creation_c88de927-6689-48c4-8a1f-804fb06b1cf6.jpeg\"\n                 style=\"max-height: 380px;\"\/>\n        <\/a>\n\n        <\/div> \n<div id=\"ngg-image-3\" class=\"ngg-gallery-slideshow-image\" style=\"height:400px\">\n\n        <a href=\"http:\/\/olasz-altisk.edu.hu\/weboldal\/wp-content\/gallery\/szakma-sztar-fesztival-budapest\/Messenger_creation_5794b0a7-f60b-4b4e-844c-9bcca904065c.jpeg\"\n           title=\"\"\n           data-src=\"http:\/\/olasz-altisk.edu.hu\/weboldal\/wp-content\/gallery\/szakma-sztar-fesztival-budapest\/Messenger_creation_5794b0a7-f60b-4b4e-844c-9bcca904065c.jpeg\"\n           data-thumbnail=\"http:\/\/olasz-altisk.edu.hu\/weboldal\/wp-content\/gallery\/szakma-sztar-fesztival-budapest\/thumbs\/thumbs_Messenger_creation_5794b0a7-f60b-4b4e-844c-9bcca904065c.jpeg\"\n           data-image-id=\"1496\"\n           data-title=\"Messenger_creation_5794b0a7-f60b-4b4e-844c-9bcca904065c\"\n           data-description=\"\"\n           class=\"ngg-fancybox\" rel=\"935dac0d005523ae57a99c73cdcc522a\">\n\n            <img data-image-id='1496'\n                 title=\"\"\n                 alt=\"Messenger_creation_5794b0a7-f60b-4b4e-844c-9bcca904065c\"\n                 src=\"http:\/\/olasz-altisk.edu.hu\/weboldal\/wp-content\/gallery\/szakma-sztar-fesztival-budapest\/Messenger_creation_5794b0a7-f60b-4b4e-844c-9bcca904065c.jpeg\"\n                 style=\"max-height: 380px;\"\/>\n        <\/a>\n\n        <\/div> \n<div id=\"ngg-image-4\" class=\"ngg-gallery-slideshow-image\" style=\"height:400px\">\n\n        <a href=\"http:\/\/olasz-altisk.edu.hu\/weboldal\/wp-content\/gallery\/szakma-sztar-fesztival-budapest\/Messenger_creation_b0feb900-2a9a-459c-9f4a-14d5d79aea19.jpeg\"\n           title=\"\"\n           data-src=\"http:\/\/olasz-altisk.edu.hu\/weboldal\/wp-content\/gallery\/szakma-sztar-fesztival-budapest\/Messenger_creation_b0feb900-2a9a-459c-9f4a-14d5d79aea19.jpeg\"\n           data-thumbnail=\"http:\/\/olasz-altisk.edu.hu\/weboldal\/wp-content\/gallery\/szakma-sztar-fesztival-budapest\/thumbs\/thumbs_Messenger_creation_b0feb900-2a9a-459c-9f4a-14d5d79aea19.jpeg\"\n           data-image-id=\"1497\"\n           data-title=\"Messenger_creation_b0feb900-2a9a-459c-9f4a-14d5d79aea19\"\n           data-description=\"\"\n           class=\"ngg-fancybox\" rel=\"935dac0d005523ae57a99c73cdcc522a\">\n\n            <img data-image-id='1497'\n                 title=\"\"\n                 alt=\"Messenger_creation_b0feb900-2a9a-459c-9f4a-14d5d79aea19\"\n                 src=\"http:\/\/olasz-altisk.edu.hu\/weboldal\/wp-content\/gallery\/szakma-sztar-fesztival-budapest\/Messenger_creation_b0feb900-2a9a-459c-9f4a-14d5d79aea19.jpeg\"\n                 style=\"max-height: 380px;\"\/>\n        <\/a>\n\n        <\/div> \n<div id=\"ngg-image-5\" class=\"ngg-gallery-slideshow-image\" style=\"height:400px\">\n\n        <a href=\"http:\/\/olasz-altisk.edu.hu\/weboldal\/wp-content\/gallery\/szakma-sztar-fesztival-budapest\/Messenger_creation_fc4148bd-e5db-481e-b789-45c1db48effa.jpeg\"\n           title=\"\"\n           data-src=\"http:\/\/olasz-altisk.edu.hu\/weboldal\/wp-content\/gallery\/szakma-sztar-fesztival-budapest\/Messenger_creation_fc4148bd-e5db-481e-b789-45c1db48effa.jpeg\"\n           data-thumbnail=\"http:\/\/olasz-altisk.edu.hu\/weboldal\/wp-content\/gallery\/szakma-sztar-fesztival-budapest\/thumbs\/thumbs_Messenger_creation_fc4148bd-e5db-481e-b789-45c1db48effa.jpeg\"\n           data-image-id=\"1498\"\n           data-title=\"Messenger_creation_fc4148bd-e5db-481e-b789-45c1db48effa\"\n           data-description=\"\"\n           class=\"ngg-fancybox\" rel=\"935dac0d005523ae57a99c73cdcc522a\">\n\n            <img data-image-id='1498'\n                 title=\"\"\n                 alt=\"Messenger_creation_fc4148bd-e5db-481e-b789-45c1db48effa\"\n                 src=\"http:\/\/olasz-altisk.edu.hu\/weboldal\/wp-content\/gallery\/szakma-sztar-fesztival-budapest\/Messenger_creation_fc4148bd-e5db-481e-b789-45c1db48effa.jpeg\"\n                 style=\"max-height: 380px;\"\/>\n        <\/a>\n\n        <\/div> \n<div id=\"ngg-image-6\" class=\"ngg-gallery-slideshow-image\" style=\"height:400px\">\n\n        <a href=\"http:\/\/olasz-altisk.edu.hu\/weboldal\/wp-content\/gallery\/szakma-sztar-fesztival-budapest\/received_407847965431569.jpeg\"\n           title=\"\"\n           data-src=\"http:\/\/olasz-altisk.edu.hu\/weboldal\/wp-content\/gallery\/szakma-sztar-fesztival-budapest\/received_407847965431569.jpeg\"\n           data-thumbnail=\"http:\/\/olasz-altisk.edu.hu\/weboldal\/wp-content\/gallery\/szakma-sztar-fesztival-budapest\/thumbs\/thumbs_received_407847965431569.jpeg\"\n           data-image-id=\"1499\"\n           data-title=\"received_407847965431569\"\n           data-description=\"\"\n           class=\"ngg-fancybox\" rel=\"935dac0d005523ae57a99c73cdcc522a\">\n\n            <img data-image-id='1499'\n                 title=\"\"\n                 alt=\"received_407847965431569\"\n                 src=\"http:\/\/olasz-altisk.edu.hu\/weboldal\/wp-content\/gallery\/szakma-sztar-fesztival-budapest\/received_407847965431569.jpeg\"\n                 style=\"max-height: 380px;\"\/>\n        <\/a>\n\n        <\/div> \n<div id=\"ngg-image-7\" class=\"ngg-gallery-slideshow-image\" style=\"height:400px\">\n\n        <a href=\"http:\/\/olasz-altisk.edu.hu\/weboldal\/wp-content\/gallery\/szakma-sztar-fesztival-budapest\/received_296517390062231.jpeg\"\n           title=\"\"\n           data-src=\"http:\/\/olasz-altisk.edu.hu\/weboldal\/wp-content\/gallery\/szakma-sztar-fesztival-budapest\/received_296517390062231.jpeg\"\n           data-thumbnail=\"http:\/\/olasz-altisk.edu.hu\/weboldal\/wp-content\/gallery\/szakma-sztar-fesztival-budapest\/thumbs\/thumbs_received_296517390062231.jpeg\"\n           data-image-id=\"1500\"\n           data-title=\"received_296517390062231\"\n           data-description=\"\"\n           class=\"ngg-fancybox\" rel=\"935dac0d005523ae57a99c73cdcc522a\">\n\n            <img data-image-id='1500'\n                 title=\"\"\n                 alt=\"received_296517390062231\"\n                 src=\"http:\/\/olasz-altisk.edu.hu\/weboldal\/wp-content\/gallery\/szakma-sztar-fesztival-budapest\/received_296517390062231.jpeg\"\n                 style=\"max-height: 380px;\"\/>\n        <\/a>\n\n        <\/div> \n<div id=\"ngg-image-8\" class=\"ngg-gallery-slideshow-image\" style=\"height:400px\">\n\n        <a href=\"http:\/\/olasz-altisk.edu.hu\/weboldal\/wp-content\/gallery\/szakma-sztar-fesztival-budapest\/received_730032952374989.jpeg\"\n           title=\"\"\n           data-src=\"http:\/\/olasz-altisk.edu.hu\/weboldal\/wp-content\/gallery\/szakma-sztar-fesztival-budapest\/received_730032952374989.jpeg\"\n           data-thumbnail=\"http:\/\/olasz-altisk.edu.hu\/weboldal\/wp-content\/gallery\/szakma-sztar-fesztival-budapest\/thumbs\/thumbs_received_730032952374989.jpeg\"\n           data-image-id=\"1501\"\n           data-title=\"received_730032952374989\"\n           data-description=\"\"\n           class=\"ngg-fancybox\" rel=\"935dac0d005523ae57a99c73cdcc522a\">\n\n            <img data-image-id='1501'\n                 title=\"\"\n                 alt=\"received_730032952374989\"\n                 src=\"http:\/\/olasz-altisk.edu.hu\/weboldal\/wp-content\/gallery\/szakma-sztar-fesztival-budapest\/received_730032952374989.jpeg\"\n                 style=\"max-height: 380px;\"\/>\n        <\/a>\n\n        <\/div> \n<div id=\"ngg-image-9\" class=\"ngg-gallery-slideshow-image\" style=\"height:400px\">\n\n        <a href=\"http:\/\/olasz-altisk.edu.hu\/weboldal\/wp-content\/gallery\/szakma-sztar-fesztival-budapest\/received_406551055587586.jpeg\"\n           title=\"\"\n           data-src=\"http:\/\/olasz-altisk.edu.hu\/weboldal\/wp-content\/gallery\/szakma-sztar-fesztival-budapest\/received_406551055587586.jpeg\"\n           data-thumbnail=\"http:\/\/olasz-altisk.edu.hu\/weboldal\/wp-content\/gallery\/szakma-sztar-fesztival-budapest\/thumbs\/thumbs_received_406551055587586.jpeg\"\n           data-image-id=\"1502\"\n           data-title=\"received_406551055587586\"\n           data-description=\"\"\n           class=\"ngg-fancybox\" rel=\"935dac0d005523ae57a99c73cdcc522a\">\n\n            <img data-image-id='1502'\n                 title=\"\"\n                 alt=\"received_406551055587586\"\n                 src=\"http:\/\/olasz-altisk.edu.hu\/weboldal\/wp-content\/gallery\/szakma-sztar-fesztival-budapest\/received_406551055587586.jpeg\"\n                 style=\"max-height: 380px;\"\/>\n        <\/a>\n\n        <\/div> \n<div id=\"ngg-image-10\" class=\"ngg-gallery-slideshow-image\" style=\"height:400px\">\n\n        <a href=\"http:\/\/olasz-altisk.edu.hu\/weboldal\/wp-content\/gallery\/szakma-sztar-fesztival-budapest\/received_811732067676906.jpeg\"\n           title=\"\"\n           data-src=\"http:\/\/olasz-altisk.edu.hu\/weboldal\/wp-content\/gallery\/szakma-sztar-fesztival-budapest\/received_811732067676906.jpeg\"\n           data-thumbnail=\"http:\/\/olasz-altisk.edu.hu\/weboldal\/wp-content\/gallery\/szakma-sztar-fesztival-budapest\/thumbs\/thumbs_received_811732067676906.jpeg\"\n           data-image-id=\"1503\"\n           data-title=\"received_811732067676906\"\n           data-description=\"\"\n           class=\"ngg-fancybox\" rel=\"935dac0d005523ae57a99c73cdcc522a\">\n\n            <img data-image-id='1503'\n                 title=\"\"\n                 alt=\"received_811732067676906\"\n                 src=\"http:\/\/olasz-altisk.edu.hu\/weboldal\/wp-content\/gallery\/szakma-sztar-fesztival-budapest\/received_811732067676906.jpeg\"\n                 style=\"max-height: 380px;\"\/>\n        <\/a>\n\n        <\/div> \n<div id=\"ngg-image-11\" class=\"ngg-gallery-slideshow-image\" style=\"height:400px\">\n\n        <a href=\"http:\/\/olasz-altisk.edu.hu\/weboldal\/wp-content\/gallery\/szakma-sztar-fesztival-budapest\/received_796819988699203.jpeg\"\n           title=\"\"\n           data-src=\"http:\/\/olasz-altisk.edu.hu\/weboldal\/wp-content\/gallery\/szakma-sztar-fesztival-budapest\/received_796819988699203.jpeg\"\n           data-thumbnail=\"http:\/\/olasz-altisk.edu.hu\/weboldal\/wp-content\/gallery\/szakma-sztar-fesztival-budapest\/thumbs\/thumbs_received_796819988699203.jpeg\"\n           data-image-id=\"1504\"\n           data-title=\"received_796819988699203\"\n           data-description=\"\"\n           class=\"ngg-fancybox\" rel=\"935dac0d005523ae57a99c73cdcc522a\">\n\n            <img data-image-id='1504'\n                 title=\"\"\n                 alt=\"received_796819988699203\"\n                 src=\"http:\/\/olasz-altisk.edu.hu\/weboldal\/wp-content\/gallery\/szakma-sztar-fesztival-budapest\/received_796819988699203.jpeg\"\n                 style=\"max-height: 380px;\"\/>\n        <\/a>\n\n        <\/div> \n<div id=\"ngg-image-12\" class=\"ngg-gallery-slideshow-image\" style=\"height:400px\">\n\n        <a href=\"http:\/\/olasz-altisk.edu.hu\/weboldal\/wp-content\/gallery\/szakma-sztar-fesztival-budapest\/received_967255781559057.jpeg\"\n           title=\"\"\n           data-src=\"http:\/\/olasz-altisk.edu.hu\/weboldal\/wp-content\/gallery\/szakma-sztar-fesztival-budapest\/received_967255781559057.jpeg\"\n           data-thumbnail=\"http:\/\/olasz-altisk.edu.hu\/weboldal\/wp-content\/gallery\/szakma-sztar-fesztival-budapest\/thumbs\/thumbs_received_967255781559057.jpeg\"\n           data-image-id=\"1505\"\n           data-title=\"received_967255781559057\"\n           data-description=\"\"\n           class=\"ngg-fancybox\" rel=\"935dac0d005523ae57a99c73cdcc522a\">\n\n            <img data-image-id='1505'\n                 title=\"\"\n                 alt=\"received_967255781559057\"\n                 src=\"http:\/\/olasz-altisk.edu.hu\/weboldal\/wp-content\/gallery\/szakma-sztar-fesztival-budapest\/received_967255781559057.jpeg\"\n                 style=\"max-height: 380px;\"\/>\n        <\/a>\n\n        <\/div> \n<div id=\"ngg-image-13\" class=\"ngg-gallery-slideshow-image\" style=\"height:400px\">\n\n        <a href=\"http:\/\/olasz-altisk.edu.hu\/weboldal\/wp-content\/gallery\/szakma-sztar-fesztival-budapest\/received_1100140621286885.jpeg\"\n           title=\"\"\n           data-src=\"http:\/\/olasz-altisk.edu.hu\/weboldal\/wp-content\/gallery\/szakma-sztar-fesztival-budapest\/received_1100140621286885.jpeg\"\n           data-thumbnail=\"http:\/\/olasz-altisk.edu.hu\/weboldal\/wp-content\/gallery\/szakma-sztar-fesztival-budapest\/thumbs\/thumbs_received_1100140621286885.jpeg\"\n           data-image-id=\"1506\"\n           data-title=\"received_1100140621286885\"\n           data-description=\"\"\n           class=\"ngg-fancybox\" rel=\"935dac0d005523ae57a99c73cdcc522a\">\n\n            <img data-image-id='1506'\n                 title=\"\"\n                 alt=\"received_1100140621286885\"\n                 src=\"http:\/\/olasz-altisk.edu.hu\/weboldal\/wp-content\/gallery\/szakma-sztar-fesztival-budapest\/received_1100140621286885.jpeg\"\n                 style=\"max-height: 380px;\"\/>\n        <\/a>\n\n        <\/div> \n<div id=\"ngg-image-14\" class=\"ngg-gallery-slideshow-image\" style=\"height:400px\">\n\n        <a href=\"http:\/\/olasz-altisk.edu.hu\/weboldal\/wp-content\/gallery\/szakma-sztar-fesztival-budapest\/received_1091799325238313.jpeg\"\n           title=\"\"\n           data-src=\"http:\/\/olasz-altisk.edu.hu\/weboldal\/wp-content\/gallery\/szakma-sztar-fesztival-budapest\/received_1091799325238313.jpeg\"\n           data-thumbnail=\"http:\/\/olasz-altisk.edu.hu\/weboldal\/wp-content\/gallery\/szakma-sztar-fesztival-budapest\/thumbs\/thumbs_received_1091799325238313.jpeg\"\n           data-image-id=\"1507\"\n           data-title=\"received_1091799325238313\"\n           data-description=\"\"\n           class=\"ngg-fancybox\" rel=\"935dac0d005523ae57a99c73cdcc522a\">\n\n            <img data-image-id='1507'\n                 title=\"\"\n                 alt=\"received_1091799325238313\"\n                 src=\"http:\/\/olasz-altisk.edu.hu\/weboldal\/wp-content\/gallery\/szakma-sztar-fesztival-budapest\/received_1091799325238313.jpeg\"\n                 style=\"max-height: 380px;\"\/>\n        <\/a>\n\n        <\/div> \n<div id=\"ngg-image-15\" class=\"ngg-gallery-slideshow-image\" style=\"height:400px\">\n\n        <a href=\"http:\/\/olasz-altisk.edu.hu\/weboldal\/wp-content\/gallery\/szakma-sztar-fesztival-budapest\/received_7820518561306168.jpeg\"\n           title=\"\"\n           data-src=\"http:\/\/olasz-altisk.edu.hu\/weboldal\/wp-content\/gallery\/szakma-sztar-fesztival-budapest\/received_7820518561306168.jpeg\"\n           data-thumbnail=\"http:\/\/olasz-altisk.edu.hu\/weboldal\/wp-content\/gallery\/szakma-sztar-fesztival-budapest\/thumbs\/thumbs_received_7820518561306168.jpeg\"\n           data-image-id=\"1508\"\n           data-title=\"received_7820518561306168\"\n           data-description=\"\"\n           class=\"ngg-fancybox\" rel=\"935dac0d005523ae57a99c73cdcc522a\">\n\n            <img data-image-id='1508'\n                 title=\"\"\n                 alt=\"received_7820518561306168\"\n                 src=\"http:\/\/olasz-altisk.edu.hu\/weboldal\/wp-content\/gallery\/szakma-sztar-fesztival-budapest\/received_7820518561306168.jpeg\"\n                 style=\"max-height: 380px;\"\/>\n        <\/a>\n\n        <\/div> \n<div id=\"ngg-image-16\" class=\"ngg-gallery-slideshow-image\" style=\"height:400px\">\n\n        <a href=\"http:\/\/olasz-altisk.edu.hu\/weboldal\/wp-content\/gallery\/szakma-sztar-fesztival-budapest\/received_7180191062086554.jpeg\"\n           title=\"\"\n           data-src=\"http:\/\/olasz-altisk.edu.hu\/weboldal\/wp-content\/gallery\/szakma-sztar-fesztival-budapest\/received_7180191062086554.jpeg\"\n           data-thumbnail=\"http:\/\/olasz-altisk.edu.hu\/weboldal\/wp-content\/gallery\/szakma-sztar-fesztival-budapest\/thumbs\/thumbs_received_7180191062086554.jpeg\"\n           data-image-id=\"1509\"\n           data-title=\"received_7180191062086554\"\n           data-description=\"\"\n           class=\"ngg-fancybox\" rel=\"935dac0d005523ae57a99c73cdcc522a\">\n\n            <img data-image-id='1509'\n                 title=\"\"\n                 alt=\"received_7180191062086554\"\n                 src=\"http:\/\/olasz-altisk.edu.hu\/weboldal\/wp-content\/gallery\/szakma-sztar-fesztival-budapest\/received_7180191062086554.jpeg\"\n                 style=\"max-height: 380px;\"\/>\n        <\/a>\n\n        <\/div> \n<div id=\"ngg-image-17\" class=\"ngg-gallery-slideshow-image\" style=\"height:400px\">\n\n        <a href=\"http:\/\/olasz-altisk.edu.hu\/weboldal\/wp-content\/gallery\/szakma-sztar-fesztival-budapest\/received_1465454807719395.jpeg\"\n           title=\"\"\n           data-src=\"http:\/\/olasz-altisk.edu.hu\/weboldal\/wp-content\/gallery\/szakma-sztar-fesztival-budapest\/received_1465454807719395.jpeg\"\n           data-thumbnail=\"http:\/\/olasz-altisk.edu.hu\/weboldal\/wp-content\/gallery\/szakma-sztar-fesztival-budapest\/thumbs\/thumbs_received_1465454807719395.jpeg\"\n           data-image-id=\"1510\"\n           data-title=\"received_1465454807719395\"\n           data-description=\"\"\n           class=\"ngg-fancybox\" rel=\"935dac0d005523ae57a99c73cdcc522a\">\n\n            <img data-image-id='1510'\n                 title=\"\"\n                 alt=\"received_1465454807719395\"\n                 src=\"http:\/\/olasz-altisk.edu.hu\/weboldal\/wp-content\/gallery\/szakma-sztar-fesztival-budapest\/received_1465454807719395.jpeg\"\n                 style=\"max-height: 380px;\"\/>\n        <\/a>\n\n        <\/div> \n<\/div>\n\n\n\n\n","protected":false},"excerpt":{"rendered":"<p>Az Olaszi \u00c1ltal\u00e1nos Iskola 6.-7.-8. oszt\u00e1lyos tanul\u00f3i \u00e1prilis 24.-\u00e9n a P\u00e9cs-Baranyai Kereskedelmi \u00e9s Iparkamara t\u00e1mogat\u00e1s\u00e1val Budapestre utazott a Szakma Szt\u00e1r Ki\u00e1ll\u00edt\u00e1s \u00e9s Fesztiv\u00e1l rendezv\u00e9ny\u00e9re. A Magyar Kereskedelmi \u00e9s Iparkamara XVII. alkalommal 2024. \u00e1prilis 24-26. k\u00f6z\u00f6tt szervezte meg Budapesten a Hungexpo pavilonjaiban a Szakma Szt\u00e1r Fesztiv\u00e1lt. A fesztiv\u00e1l kiemelt c\u00e9lja a \u2026 <a class=\"continue-reading-link\" href=\"http:\/\/olasz-altisk.edu.hu\/weboldal\/?p=3840\"> Continue reading <span class=\"meta-nav\">&rarr; <\/span><\/a><\/p>\n","protected":false},"author":1,"featured_media":0,"comment_status":"closed","ping_status":"closed","sticky":false,"template":"","format":"standard","meta":{"ngg_post_thumbnail":0},"categories":[1],"tags":[],"_links":{"self":[{"href":"http:\/\/olasz-altisk.edu.hu\/weboldal\/index.php?rest_route=\/wp\/v2\/posts\/3840"}],"collection":[{"href":"http:\/\/olasz-altisk.edu.hu\/weboldal\/index.php?rest_route=\/wp\/v2\/posts"}],"about":[{"href":"http:\/\/olasz-altisk.edu.hu\/weboldal\/index.php?rest_route=\/wp\/v2\/types\/post"}],"author":[{"embeddable":true,"href":"http:\/\/olasz-altisk.edu.hu\/weboldal\/index.php?rest_route=\/wp\/v2\/users\/1"}],"replies":[{"embeddable":true,"href":"http:\/\/olasz-altisk.edu.hu\/weboldal\/index.php?rest_route=%2Fwp%2Fv2%2Fcomments&post=3840"}],"version-history":[{"count":3,"href":"http:\/\/olasz-altisk.edu.hu\/weboldal\/index.php?rest_route=\/wp\/v2\/posts\/3840\/revisions"}],"predecessor-version":[{"id":3948,"href":"http:\/\/olasz-altisk.edu.hu\/weboldal\/index.php?rest_route=\/wp\/v2\/posts\/3840\/revisions\/3948"}],"wp:attachment":[{"href":"http:\/\/olasz-altisk.edu.hu\/weboldal\/index.php?rest_route=%2Fwp%2Fv2%2Fmedia&parent=3840"}],"wp:term":[{"taxonomy":"category","embeddable":true,"href":"http:\/\/olasz-altisk.edu.hu\/weboldal\/index.php?rest_route=%2Fwp%2Fv2%2Fcategories&post=3840"},{"taxonomy":"post_tag","embeddable":true,"href":"http:\/\/olasz-altisk.edu.hu\/weboldal\/index.php?rest_route=%2Fwp%2Fv2%2Ftags&post=3840"}],"curies":[{"name":"wp","href":"https:\/\/api.w.org\/{rel}","templated":true}]}}