{"id":3862,"date":"2024-05-06T21:15:47","date_gmt":"2024-05-06T19:15:47","guid":{"rendered":"http:\/\/olasz-altisk.edu.hu\/weboldal\/?p=3862"},"modified":"2024-09-27T11:44:18","modified_gmt":"2024-09-27T09:44:18","slug":"hatartalanul-magyar-emlekek-nyomaban-szloveniaban-es-horvatorszagban","status":"publish","type":"post","link":"http:\/\/olasz-altisk.edu.hu\/weboldal\/?p=3862","title":{"rendered":"Hat\u00e1rtalanul- Magyar eml\u00e9kek nyom\u00e1ban Szlov\u00e9ni\u00e1ban \u00e9s Horv\u00e1torsz\u00e1gban"},"content":{"rendered":"\n<figure class=\"wp-block-gallery has-nested-images columns-default is-cropped wp-block-gallery-1 is-layout-flex\">\n<figure class=\"wp-block-image size-medium\"><img decoding=\"async\" loading=\"lazy\" width=\"300\" height=\"294\" data-id=\"4426\"  src=\"http:\/\/olasz-altisk.edu.hu\/weboldal\/wp-content\/uploads\/bga_alap_logo-300x294.png\" alt=\"\" class=\"wp-image-4426\" srcset=\"http:\/\/olasz-altisk.edu.hu\/weboldal\/wp-content\/uploads\/bga_alap_logo-300x294.png 300w, http:\/\/olasz-altisk.edu.hu\/weboldal\/wp-content\/uploads\/bga_alap_logo-150x147.png 150w, http:\/\/olasz-altisk.edu.hu\/weboldal\/wp-content\/uploads\/bga_alap_logo-153x150.png 153w, http:\/\/olasz-altisk.edu.hu\/weboldal\/wp-content\/uploads\/bga_alap_logo.png 618w\" sizes=\"(max-width: 300px) 100vw, 300px\" \/><\/figure>\n\n\n\n<figure class=\"wp-block-image size-large\"><img decoding=\"async\" loading=\"lazy\" width=\"1024\" height=\"910\" data-id=\"4427\"  src=\"http:\/\/olasz-altisk.edu.hu\/weboldal\/wp-content\/uploads\/keszult-1024x910.jpg\" alt=\"\" class=\"wp-image-4427\" srcset=\"http:\/\/olasz-altisk.edu.hu\/weboldal\/wp-content\/uploads\/keszult-1024x910.jpg 1024w, http:\/\/olasz-altisk.edu.hu\/weboldal\/wp-content\/uploads\/keszult-300x267.jpg 300w, http:\/\/olasz-altisk.edu.hu\/weboldal\/wp-content\/uploads\/keszult-768x682.jpg 768w, http:\/\/olasz-altisk.edu.hu\/weboldal\/wp-content\/uploads\/keszult-150x133.jpg 150w, http:\/\/olasz-altisk.edu.hu\/weboldal\/wp-content\/uploads\/keszult-169x150.jpg 169w, http:\/\/olasz-altisk.edu.hu\/weboldal\/wp-content\/uploads\/keszult.jpg 1500w\" sizes=\"(max-width: 1024px) 100vw, 1024px\" \/><\/figure>\n<\/figure>\n\n\n\n<p class=\"has-text-align-left\">Mintegy 2,7 milli\u00f3 Ft t\u00e1mogat\u00e1st nyert iskol\u00e1nk a Hat\u00e1rtalanul programon, melynek keret\u00e9ben lehet\u0151v\u00e9 v\u00e1lt, hogy a hetedik oszt\u00e1lyunk 2 napot Szlov\u00e9ni\u00e1ban \u00e9s 3 napot Horv\u00e1torsz\u00e1gban t\u00f6lthetett.<\/p>\n\n\n\n<p class=\"has-text-align-left\">Gy\u00f6ny\u00f6r\u0171 utakon j\u00e1rtak, melyet a k\u00e9pes besz\u00e1mol\u00f3 is bizony\u00edt.<\/p>\n\n\n\n<p class=\"has-text-align-left\">K\u00f6sz\u00f6nj\u00fck a t\u00e1mogat\u00e1st \u00e9s a lehet\u0151s\u00e9get!<\/p>\n\n\n\n<p class=\"has-text-align-left\">K\u00f6sz\u00f6nj\u00fck Vajt\u00e1n\u00e9 Boros \u00c9va Kl\u00e1ra \u00e9s Soponyain\u00e9 F\u00f3rizs Magdolna tan\u00e1rn\u0151knek a csoport vezet\u00e9s\u00e9t, gondoz\u00e1s\u00e1t, Dr. Kop\u00e1ri L\u00e1szl\u00f3 \u00farnak a sz\u00edv\u00e9lyes idegenvezet\u00e9st, az Istria-94 Tours Utaz\u00e1si KFT.-nek, Dr. Kop\u00e1ri L\u00e1szl\u00f3 \u00farnak \u00e9s feles\u00e9g\u00e9nek, a lebonyol\u00edt\u00e1st, Kereszt\u00e9nyn\u00e9 Papp Zsuzsa tan\u00e1rn\u0151nek a p\u00e1ly\u00e1zat meg\u00edr\u00e1s\u00e1t!<\/p>\n\n\n\n<hr class=\"wp-block-separator has-alpha-channel-opacity\"\/>\n\n\n\n<p class=\"has-text-align-left\">Kir\u00e1ndul\u00e1sunk 1. napj\u00e1n megl\u00e1togattuk a Lendvai v\u00e1rat, ahol Zala Gy\u00f6rgy eml\u00e9kki\u00e1ll\u00edt\u00e1s tal\u00e1lhat\u00f3. Megtekintett\u00fck a Makovecz Imre \u00e1ltal tervezett M\u0171vel\u0151d\u00e9si H\u00e1zat \u00e9s sz\u00ednh\u00e1zat, a Szent Katalin templomot, majd Szent Istv\u00e1nra eml\u00e9kezt\u00fcnk, akinek a szobra a Szent Katalin templom mellett \u00e1ll. Innen haladtunk tov\u00e1bb G\u00f6nt\u00e9rh\u00e1z\u00e1ra, ahol betekint\u00e9st nyerhett\u00fcnk egy csal\u00e1di gazdas\u00e1g \u00e9let\u00e9be, majd megcsod\u00e1lhattuk a falu legr\u00e9gebbi vall\u00e1sos \u00e9p\u00edtm\u00e9ny\u00e9t a 19. sz\u00e1zadi szokny\u00e1s harangl\u00e1bat. Ezut\u00e1n Dobronakon r\u00f6vid meg\u00e1ll\u00f3t tett\u00fcnk a K\u00e9tnyelv\u0171 \u00c1ltal\u00e1nos Iskol\u00e1ban, majd felkerest\u00fck a b\u00e1ntornyai Sz\u0171z M\u00e1ria-templomot a Szent L\u00e1szl\u00f3 legend\u00e1t \u00e1br\u00e1zol\u00f3 fresk\u00f3kkal. A hossz\u00fa nap v\u00e9g\u00e9n sz\u00e1ll\u00e1sunkat Sz\u00e9csiszigeten, a Szap\u00e1ry\u2013Andr\u00e1ssy-kast\u00e9lyban foglaltuk el.<\/p>\n\n\n\n\n\n<div class=\"ngg-galleryoverview ngg-slideshow\"\n\t id=\"ngg-slideshow-6c150d3c1900e86eb857d7fe0b0f1f1b-2366676060\"\n     data-gallery-id=\"6c150d3c1900e86eb857d7fe0b0f1f1b\"\n     style=\"max-width: 600px; max-height: 400px;\">\n\n \t<div id=\"ngg-image-0\" class=\"ngg-gallery-slideshow-image\" style=\"height:400px\">\n\n        <a href=\"http:\/\/olasz-altisk.edu.hu\/weboldal\/wp-content\/gallery\/hatartalanul-2024-1-nap\/1727937423208.jpg\"\n           title=\"\"\n           data-src=\"http:\/\/olasz-altisk.edu.hu\/weboldal\/wp-content\/gallery\/hatartalanul-2024-1-nap\/1727937423208.jpg\"\n           data-thumbnail=\"http:\/\/olasz-altisk.edu.hu\/weboldal\/wp-content\/gallery\/hatartalanul-2024-1-nap\/thumbs\/thumbs_1727937423208.jpg\"\n           data-image-id=\"1900\"\n           data-title=\"1727937423208\"\n           data-description=\"\"\n           class=\"ngg-fancybox\" rel=\"6c150d3c1900e86eb857d7fe0b0f1f1b\">\n\n            <img data-image-id='1900'\n                 title=\"\"\n                 alt=\"1727937423208\"\n                 src=\"http:\/\/olasz-altisk.edu.hu\/weboldal\/wp-content\/gallery\/hatartalanul-2024-1-nap\/1727937423208.jpg\"\n                 style=\"max-height: 380px;\"\/>\n        <\/a>\n\n        <\/div> \n<div id=\"ngg-image-1\" class=\"ngg-gallery-slideshow-image\" style=\"height:400px\">\n\n        <a href=\"http:\/\/olasz-altisk.edu.hu\/weboldal\/wp-content\/gallery\/hatartalanul-2024-1-nap\/1727937423216.jpg\"\n           title=\"\"\n           data-src=\"http:\/\/olasz-altisk.edu.hu\/weboldal\/wp-content\/gallery\/hatartalanul-2024-1-nap\/1727937423216.jpg\"\n           data-thumbnail=\"http:\/\/olasz-altisk.edu.hu\/weboldal\/wp-content\/gallery\/hatartalanul-2024-1-nap\/thumbs\/thumbs_1727937423216.jpg\"\n           data-image-id=\"1899\"\n           data-title=\"1727937423216\"\n           data-description=\"\"\n           class=\"ngg-fancybox\" rel=\"6c150d3c1900e86eb857d7fe0b0f1f1b\">\n\n            <img data-image-id='1899'\n                 title=\"\"\n                 alt=\"1727937423216\"\n                 src=\"http:\/\/olasz-altisk.edu.hu\/weboldal\/wp-content\/gallery\/hatartalanul-2024-1-nap\/1727937423216.jpg\"\n                 style=\"max-height: 380px;\"\/>\n        <\/a>\n\n        <\/div> \n<div id=\"ngg-image-2\" class=\"ngg-gallery-slideshow-image\" style=\"height:400px\">\n\n        <a href=\"http:\/\/olasz-altisk.edu.hu\/weboldal\/wp-content\/gallery\/hatartalanul-2024-1-nap\/Kep1.jpg\"\n           title=\"\"\n           data-src=\"http:\/\/olasz-altisk.edu.hu\/weboldal\/wp-content\/gallery\/hatartalanul-2024-1-nap\/Kep1.jpg\"\n           data-thumbnail=\"http:\/\/olasz-altisk.edu.hu\/weboldal\/wp-content\/gallery\/hatartalanul-2024-1-nap\/thumbs\/thumbs_Kep1.jpg\"\n           data-image-id=\"1523\"\n           data-title=\"Kep1\"\n           data-description=\"\"\n           class=\"ngg-fancybox\" rel=\"6c150d3c1900e86eb857d7fe0b0f1f1b\">\n\n            <img data-image-id='1523'\n                 title=\"\"\n                 alt=\"Kep1\"\n                 src=\"http:\/\/olasz-altisk.edu.hu\/weboldal\/wp-content\/gallery\/hatartalanul-2024-1-nap\/Kep1.jpg\"\n                 style=\"max-height: 380px;\"\/>\n        <\/a>\n\n        <\/div> \n<div id=\"ngg-image-3\" class=\"ngg-gallery-slideshow-image\" style=\"height:400px\">\n\n        <a href=\"http:\/\/olasz-altisk.edu.hu\/weboldal\/wp-content\/gallery\/hatartalanul-2024-1-nap\/Kep2.jpg\"\n           title=\"\"\n           data-src=\"http:\/\/olasz-altisk.edu.hu\/weboldal\/wp-content\/gallery\/hatartalanul-2024-1-nap\/Kep2.jpg\"\n           data-thumbnail=\"http:\/\/olasz-altisk.edu.hu\/weboldal\/wp-content\/gallery\/hatartalanul-2024-1-nap\/thumbs\/thumbs_Kep2.jpg\"\n           data-image-id=\"1519\"\n           data-title=\"Kep2\"\n           data-description=\"\"\n           class=\"ngg-fancybox\" rel=\"6c150d3c1900e86eb857d7fe0b0f1f1b\">\n\n            <img data-image-id='1519'\n                 title=\"\"\n                 alt=\"Kep2\"\n                 src=\"http:\/\/olasz-altisk.edu.hu\/weboldal\/wp-content\/gallery\/hatartalanul-2024-1-nap\/Kep2.jpg\"\n                 style=\"max-height: 380px;\"\/>\n        <\/a>\n\n        <\/div> \n<div id=\"ngg-image-4\" class=\"ngg-gallery-slideshow-image\" style=\"height:400px\">\n\n        <a href=\"http:\/\/olasz-altisk.edu.hu\/weboldal\/wp-content\/gallery\/hatartalanul-2024-1-nap\/Kep3.jpg\"\n           title=\"\"\n           data-src=\"http:\/\/olasz-altisk.edu.hu\/weboldal\/wp-content\/gallery\/hatartalanul-2024-1-nap\/Kep3.jpg\"\n           data-thumbnail=\"http:\/\/olasz-altisk.edu.hu\/weboldal\/wp-content\/gallery\/hatartalanul-2024-1-nap\/thumbs\/thumbs_Kep3.jpg\"\n           data-image-id=\"1522\"\n           data-title=\"Kep3\"\n           data-description=\"\"\n           class=\"ngg-fancybox\" rel=\"6c150d3c1900e86eb857d7fe0b0f1f1b\">\n\n            <img data-image-id='1522'\n                 title=\"\"\n                 alt=\"Kep3\"\n                 src=\"http:\/\/olasz-altisk.edu.hu\/weboldal\/wp-content\/gallery\/hatartalanul-2024-1-nap\/Kep3.jpg\"\n                 style=\"max-height: 380px;\"\/>\n        <\/a>\n\n        <\/div> \n<div id=\"ngg-image-5\" class=\"ngg-gallery-slideshow-image\" style=\"height:400px\">\n\n        <a href=\"http:\/\/olasz-altisk.edu.hu\/weboldal\/wp-content\/gallery\/hatartalanul-2024-1-nap\/Kep4.jpg\"\n           title=\"\"\n           data-src=\"http:\/\/olasz-altisk.edu.hu\/weboldal\/wp-content\/gallery\/hatartalanul-2024-1-nap\/Kep4.jpg\"\n           data-thumbnail=\"http:\/\/olasz-altisk.edu.hu\/weboldal\/wp-content\/gallery\/hatartalanul-2024-1-nap\/thumbs\/thumbs_Kep4.jpg\"\n           data-image-id=\"1520\"\n           data-title=\"Kep4\"\n           data-description=\"\"\n           class=\"ngg-fancybox\" rel=\"6c150d3c1900e86eb857d7fe0b0f1f1b\">\n\n            <img data-image-id='1520'\n                 title=\"\"\n                 alt=\"Kep4\"\n                 src=\"http:\/\/olasz-altisk.edu.hu\/weboldal\/wp-content\/gallery\/hatartalanul-2024-1-nap\/Kep4.jpg\"\n                 style=\"max-height: 380px;\"\/>\n        <\/a>\n\n        <\/div> \n<div id=\"ngg-image-6\" class=\"ngg-gallery-slideshow-image\" style=\"height:400px\">\n\n        <a href=\"http:\/\/olasz-altisk.edu.hu\/weboldal\/wp-content\/gallery\/hatartalanul-2024-1-nap\/Kep5.jpg\"\n           title=\"\"\n           data-src=\"http:\/\/olasz-altisk.edu.hu\/weboldal\/wp-content\/gallery\/hatartalanul-2024-1-nap\/Kep5.jpg\"\n           data-thumbnail=\"http:\/\/olasz-altisk.edu.hu\/weboldal\/wp-content\/gallery\/hatartalanul-2024-1-nap\/thumbs\/thumbs_Kep5.jpg\"\n           data-image-id=\"1521\"\n           data-title=\"Kep5\"\n           data-description=\"\"\n           class=\"ngg-fancybox\" rel=\"6c150d3c1900e86eb857d7fe0b0f1f1b\">\n\n            <img data-image-id='1521'\n                 title=\"\"\n                 alt=\"Kep5\"\n                 src=\"http:\/\/olasz-altisk.edu.hu\/weboldal\/wp-content\/gallery\/hatartalanul-2024-1-nap\/Kep5.jpg\"\n                 style=\"max-height: 380px;\"\/>\n        <\/a>\n\n        <\/div> \n<div id=\"ngg-image-7\" class=\"ngg-gallery-slideshow-image\" style=\"height:400px\">\n\n        <a href=\"http:\/\/olasz-altisk.edu.hu\/weboldal\/wp-content\/gallery\/hatartalanul-2024-1-nap\/Kep6.jpg\"\n           title=\"\"\n           data-src=\"http:\/\/olasz-altisk.edu.hu\/weboldal\/wp-content\/gallery\/hatartalanul-2024-1-nap\/Kep6.jpg\"\n           data-thumbnail=\"http:\/\/olasz-altisk.edu.hu\/weboldal\/wp-content\/gallery\/hatartalanul-2024-1-nap\/thumbs\/thumbs_Kep6.jpg\"\n           data-image-id=\"1518\"\n           data-title=\"Kep6\"\n           data-description=\"\"\n           class=\"ngg-fancybox\" rel=\"6c150d3c1900e86eb857d7fe0b0f1f1b\">\n\n            <img data-image-id='1518'\n                 title=\"\"\n                 alt=\"Kep6\"\n                 src=\"http:\/\/olasz-altisk.edu.hu\/weboldal\/wp-content\/gallery\/hatartalanul-2024-1-nap\/Kep6.jpg\"\n                 style=\"max-height: 380px;\"\/>\n        <\/a>\n\n        <\/div> \n<div id=\"ngg-image-8\" class=\"ngg-gallery-slideshow-image\" style=\"height:400px\">\n\n        <a href=\"http:\/\/olasz-altisk.edu.hu\/weboldal\/wp-content\/gallery\/hatartalanul-2024-1-nap\/Kep7.jpg\"\n           title=\"\"\n           data-src=\"http:\/\/olasz-altisk.edu.hu\/weboldal\/wp-content\/gallery\/hatartalanul-2024-1-nap\/Kep7.jpg\"\n           data-thumbnail=\"http:\/\/olasz-altisk.edu.hu\/weboldal\/wp-content\/gallery\/hatartalanul-2024-1-nap\/thumbs\/thumbs_Kep7.jpg\"\n           data-image-id=\"1517\"\n           data-title=\"Kep7\"\n           data-description=\"\"\n           class=\"ngg-fancybox\" rel=\"6c150d3c1900e86eb857d7fe0b0f1f1b\">\n\n            <img data-image-id='1517'\n                 title=\"\"\n                 alt=\"Kep7\"\n                 src=\"http:\/\/olasz-altisk.edu.hu\/weboldal\/wp-content\/gallery\/hatartalanul-2024-1-nap\/Kep7.jpg\"\n                 style=\"max-height: 380px;\"\/>\n        <\/a>\n\n        <\/div> \n<div id=\"ngg-image-9\" class=\"ngg-gallery-slideshow-image\" style=\"height:400px\">\n\n        <a href=\"http:\/\/olasz-altisk.edu.hu\/weboldal\/wp-content\/gallery\/hatartalanul-2024-1-nap\/Kep8.jpg\"\n           title=\"\"\n           data-src=\"http:\/\/olasz-altisk.edu.hu\/weboldal\/wp-content\/gallery\/hatartalanul-2024-1-nap\/Kep8.jpg\"\n           data-thumbnail=\"http:\/\/olasz-altisk.edu.hu\/weboldal\/wp-content\/gallery\/hatartalanul-2024-1-nap\/thumbs\/thumbs_Kep8.jpg\"\n           data-image-id=\"1513\"\n           data-title=\"Kep8\"\n           data-description=\"\"\n           class=\"ngg-fancybox\" rel=\"6c150d3c1900e86eb857d7fe0b0f1f1b\">\n\n            <img data-image-id='1513'\n                 title=\"\"\n                 alt=\"Kep8\"\n                 src=\"http:\/\/olasz-altisk.edu.hu\/weboldal\/wp-content\/gallery\/hatartalanul-2024-1-nap\/Kep8.jpg\"\n                 style=\"max-height: 380px;\"\/>\n        <\/a>\n\n        <\/div> \n<div id=\"ngg-image-10\" class=\"ngg-gallery-slideshow-image\" style=\"height:400px\">\n\n        <a href=\"http:\/\/olasz-altisk.edu.hu\/weboldal\/wp-content\/gallery\/hatartalanul-2024-1-nap\/Kep9.jpg\"\n           title=\"\"\n           data-src=\"http:\/\/olasz-altisk.edu.hu\/weboldal\/wp-content\/gallery\/hatartalanul-2024-1-nap\/Kep9.jpg\"\n           data-thumbnail=\"http:\/\/olasz-altisk.edu.hu\/weboldal\/wp-content\/gallery\/hatartalanul-2024-1-nap\/thumbs\/thumbs_Kep9.jpg\"\n           data-image-id=\"1515\"\n           data-title=\"Kep9\"\n           data-description=\"\"\n           class=\"ngg-fancybox\" rel=\"6c150d3c1900e86eb857d7fe0b0f1f1b\">\n\n            <img data-image-id='1515'\n                 title=\"\"\n                 alt=\"Kep9\"\n                 src=\"http:\/\/olasz-altisk.edu.hu\/weboldal\/wp-content\/gallery\/hatartalanul-2024-1-nap\/Kep9.jpg\"\n                 style=\"max-height: 380px;\"\/>\n        <\/a>\n\n        <\/div> \n<div id=\"ngg-image-11\" class=\"ngg-gallery-slideshow-image\" style=\"height:400px\">\n\n        <a href=\"http:\/\/olasz-altisk.edu.hu\/weboldal\/wp-content\/gallery\/hatartalanul-2024-1-nap\/Kep10.jpg\"\n           title=\"\"\n           data-src=\"http:\/\/olasz-altisk.edu.hu\/weboldal\/wp-content\/gallery\/hatartalanul-2024-1-nap\/Kep10.jpg\"\n           data-thumbnail=\"http:\/\/olasz-altisk.edu.hu\/weboldal\/wp-content\/gallery\/hatartalanul-2024-1-nap\/thumbs\/thumbs_Kep10.jpg\"\n           data-image-id=\"1514\"\n           data-title=\"Kep10\"\n           data-description=\"\"\n           class=\"ngg-fancybox\" rel=\"6c150d3c1900e86eb857d7fe0b0f1f1b\">\n\n            <img data-image-id='1514'\n                 title=\"\"\n                 alt=\"Kep10\"\n                 src=\"http:\/\/olasz-altisk.edu.hu\/weboldal\/wp-content\/gallery\/hatartalanul-2024-1-nap\/Kep10.jpg\"\n                 style=\"max-height: 380px;\"\/>\n        <\/a>\n\n        <\/div> \n<div id=\"ngg-image-12\" class=\"ngg-gallery-slideshow-image\" style=\"height:400px\">\n\n        <a href=\"http:\/\/olasz-altisk.edu.hu\/weboldal\/wp-content\/gallery\/hatartalanul-2024-1-nap\/Kep11.jpg\"\n           title=\"\"\n           data-src=\"http:\/\/olasz-altisk.edu.hu\/weboldal\/wp-content\/gallery\/hatartalanul-2024-1-nap\/Kep11.jpg\"\n           data-thumbnail=\"http:\/\/olasz-altisk.edu.hu\/weboldal\/wp-content\/gallery\/hatartalanul-2024-1-nap\/thumbs\/thumbs_Kep11.jpg\"\n           data-image-id=\"1516\"\n           data-title=\"Kep11\"\n           data-description=\"\"\n           class=\"ngg-fancybox\" rel=\"6c150d3c1900e86eb857d7fe0b0f1f1b\">\n\n            <img data-image-id='1516'\n                 title=\"\"\n                 alt=\"Kep11\"\n                 src=\"http:\/\/olasz-altisk.edu.hu\/weboldal\/wp-content\/gallery\/hatartalanul-2024-1-nap\/Kep11.jpg\"\n                 style=\"max-height: 380px;\"\/>\n        <\/a>\n\n        <\/div> \n<div id=\"ngg-image-13\" class=\"ngg-gallery-slideshow-image\" style=\"height:400px\">\n\n        <a href=\"http:\/\/olasz-altisk.edu.hu\/weboldal\/wp-content\/gallery\/hatartalanul-2024-1-nap\/Kep12.jpg\"\n           title=\"\"\n           data-src=\"http:\/\/olasz-altisk.edu.hu\/weboldal\/wp-content\/gallery\/hatartalanul-2024-1-nap\/Kep12.jpg\"\n           data-thumbnail=\"http:\/\/olasz-altisk.edu.hu\/weboldal\/wp-content\/gallery\/hatartalanul-2024-1-nap\/thumbs\/thumbs_Kep12.jpg\"\n           data-image-id=\"1512\"\n           data-title=\"Kep12\"\n           data-description=\"\"\n           class=\"ngg-fancybox\" rel=\"6c150d3c1900e86eb857d7fe0b0f1f1b\">\n\n            <img data-image-id='1512'\n                 title=\"\"\n                 alt=\"Kep12\"\n                 src=\"http:\/\/olasz-altisk.edu.hu\/weboldal\/wp-content\/gallery\/hatartalanul-2024-1-nap\/Kep12.jpg\"\n                 style=\"max-height: 380px;\"\/>\n        <\/a>\n\n        <\/div> \n<div id=\"ngg-image-14\" class=\"ngg-gallery-slideshow-image\" style=\"height:400px\">\n\n        <a href=\"http:\/\/olasz-altisk.edu.hu\/weboldal\/wp-content\/gallery\/hatartalanul-2024-1-nap\/Kep13.jpg\"\n           title=\"\"\n           data-src=\"http:\/\/olasz-altisk.edu.hu\/weboldal\/wp-content\/gallery\/hatartalanul-2024-1-nap\/Kep13.jpg\"\n           data-thumbnail=\"http:\/\/olasz-altisk.edu.hu\/weboldal\/wp-content\/gallery\/hatartalanul-2024-1-nap\/thumbs\/thumbs_Kep13.jpg\"\n           data-image-id=\"1511\"\n           data-title=\"Kep13\"\n           data-description=\"\"\n           class=\"ngg-fancybox\" rel=\"6c150d3c1900e86eb857d7fe0b0f1f1b\">\n\n            <img data-image-id='1511'\n                 title=\"\"\n                 alt=\"Kep13\"\n                 src=\"http:\/\/olasz-altisk.edu.hu\/weboldal\/wp-content\/gallery\/hatartalanul-2024-1-nap\/Kep13.jpg\"\n                 style=\"max-height: 380px;\"\/>\n        <\/a>\n\n        <\/div> \n<\/div>\n\n\n\n\n\n\n\n<hr class=\"wp-block-separator has-alpha-channel-opacity\"\/>\n\n\n\n<p class=\"has-text-align-left\">Kir\u00e1ndul\u00e1sunk 2. napj\u00e1n els\u0151 utunk Selo (T\u00f3tlak, Nagyt\u00f3tlak) falu v\u00e9g\u00e9n tal\u00e1lhat\u00f3 Szent Mikl\u00f3s \u00e9s Sz\u0171z M\u00e1ria-k\u00f6rtemplomhoz vezetett, ezt k\u00f6vet\u0151en Kapornakon megtekintett\u00fck a t\u00e1jh\u00e1z n\u00e9prajzi \u00e9s helyt\u00f6rt\u00e9neti gy\u0171jtem\u00e9ny\u00e9t. Eb\u00e9d ut\u00e1n a magyar-osztr\u00e1k-szlov\u00e9n h\u00e1rmashat\u00e1rhoz, a hat\u00e1rk\u0151h\u00f6z t\u00far\u00e1ztunk, melyet megker\u00fclve 3 orsz\u00e1g ter\u00fclet\u00e9n is \u00e1ts\u00e9t\u00e1lunk. Utunk ezut\u00e1n a fels\u0151lendvai er\u0151d\u00edtm\u00e9nyhez vezetett. Egy kis szabadprogram ut\u00e1n Lentiben indultunk vissza a sz\u00e9csiszigeti sz\u00e1ll\u00e1sunkra \u00e9s az \u00fat sor\u00e1n m\u00e9g egy r\u00f6vid bev\u00e1s\u00e1rl\u00e1sra is jutott id\u0151.<\/p>\n\n\n\n\n\n<div class=\"ngg-galleryoverview ngg-slideshow\"\n\t id=\"ngg-slideshow-76d0b1a9082a818fff09aacd99e72b5e-1157959410\"\n     data-gallery-id=\"76d0b1a9082a818fff09aacd99e72b5e\"\n     style=\"max-width: 600px; max-height: 400px;\">\n\n \t<div id=\"ngg-image-0\" class=\"ngg-gallery-slideshow-image\" style=\"height:400px\">\n\n        <a href=\"http:\/\/olasz-altisk.edu.hu\/weboldal\/wp-content\/gallery\/hatartalanul-2024-2-nap\/Kep14.jpg\"\n           title=\"\"\n           data-src=\"http:\/\/olasz-altisk.edu.hu\/weboldal\/wp-content\/gallery\/hatartalanul-2024-2-nap\/Kep14.jpg\"\n           data-thumbnail=\"http:\/\/olasz-altisk.edu.hu\/weboldal\/wp-content\/gallery\/hatartalanul-2024-2-nap\/thumbs\/thumbs_Kep14.jpg\"\n           data-image-id=\"1530\"\n           data-title=\"Kep14\"\n           data-description=\"\"\n           class=\"ngg-fancybox\" rel=\"76d0b1a9082a818fff09aacd99e72b5e\">\n\n            <img data-image-id='1530'\n                 title=\"\"\n                 alt=\"Kep14\"\n                 src=\"http:\/\/olasz-altisk.edu.hu\/weboldal\/wp-content\/gallery\/hatartalanul-2024-2-nap\/Kep14.jpg\"\n                 style=\"max-height: 380px;\"\/>\n        <\/a>\n\n        <\/div> \n<div id=\"ngg-image-1\" class=\"ngg-gallery-slideshow-image\" style=\"height:400px\">\n\n        <a href=\"http:\/\/olasz-altisk.edu.hu\/weboldal\/wp-content\/gallery\/hatartalanul-2024-2-nap\/Kep15.jpg\"\n           title=\"\"\n           data-src=\"http:\/\/olasz-altisk.edu.hu\/weboldal\/wp-content\/gallery\/hatartalanul-2024-2-nap\/Kep15.jpg\"\n           data-thumbnail=\"http:\/\/olasz-altisk.edu.hu\/weboldal\/wp-content\/gallery\/hatartalanul-2024-2-nap\/thumbs\/thumbs_Kep15.jpg\"\n           data-image-id=\"1526\"\n           data-title=\"Kep15\"\n           data-description=\"\"\n           class=\"ngg-fancybox\" rel=\"76d0b1a9082a818fff09aacd99e72b5e\">\n\n            <img data-image-id='1526'\n                 title=\"\"\n                 alt=\"Kep15\"\n                 src=\"http:\/\/olasz-altisk.edu.hu\/weboldal\/wp-content\/gallery\/hatartalanul-2024-2-nap\/Kep15.jpg\"\n                 style=\"max-height: 380px;\"\/>\n        <\/a>\n\n        <\/div> \n<div id=\"ngg-image-2\" class=\"ngg-gallery-slideshow-image\" style=\"height:400px\">\n\n        <a href=\"http:\/\/olasz-altisk.edu.hu\/weboldal\/wp-content\/gallery\/hatartalanul-2024-2-nap\/Kep16.jpg\"\n           title=\"\"\n           data-src=\"http:\/\/olasz-altisk.edu.hu\/weboldal\/wp-content\/gallery\/hatartalanul-2024-2-nap\/Kep16.jpg\"\n           data-thumbnail=\"http:\/\/olasz-altisk.edu.hu\/weboldal\/wp-content\/gallery\/hatartalanul-2024-2-nap\/thumbs\/thumbs_Kep16.jpg\"\n           data-image-id=\"1525\"\n           data-title=\"Kep16\"\n           data-description=\"\"\n           class=\"ngg-fancybox\" rel=\"76d0b1a9082a818fff09aacd99e72b5e\">\n\n            <img data-image-id='1525'\n                 title=\"\"\n                 alt=\"Kep16\"\n                 src=\"http:\/\/olasz-altisk.edu.hu\/weboldal\/wp-content\/gallery\/hatartalanul-2024-2-nap\/Kep16.jpg\"\n                 style=\"max-height: 380px;\"\/>\n        <\/a>\n\n        <\/div> \n<div id=\"ngg-image-3\" class=\"ngg-gallery-slideshow-image\" style=\"height:400px\">\n\n        <a href=\"http:\/\/olasz-altisk.edu.hu\/weboldal\/wp-content\/gallery\/hatartalanul-2024-2-nap\/Kep17.jpg\"\n           title=\"\"\n           data-src=\"http:\/\/olasz-altisk.edu.hu\/weboldal\/wp-content\/gallery\/hatartalanul-2024-2-nap\/Kep17.jpg\"\n           data-thumbnail=\"http:\/\/olasz-altisk.edu.hu\/weboldal\/wp-content\/gallery\/hatartalanul-2024-2-nap\/thumbs\/thumbs_Kep17.jpg\"\n           data-image-id=\"1524\"\n           data-title=\"Kep17\"\n           data-description=\"\"\n           class=\"ngg-fancybox\" rel=\"76d0b1a9082a818fff09aacd99e72b5e\">\n\n            <img data-image-id='1524'\n                 title=\"\"\n                 alt=\"Kep17\"\n                 src=\"http:\/\/olasz-altisk.edu.hu\/weboldal\/wp-content\/gallery\/hatartalanul-2024-2-nap\/Kep17.jpg\"\n                 style=\"max-height: 380px;\"\/>\n        <\/a>\n\n        <\/div> \n<div id=\"ngg-image-4\" class=\"ngg-gallery-slideshow-image\" style=\"height:400px\">\n\n        <a href=\"http:\/\/olasz-altisk.edu.hu\/weboldal\/wp-content\/gallery\/hatartalanul-2024-2-nap\/Kep18.jpg\"\n           title=\"\"\n           data-src=\"http:\/\/olasz-altisk.edu.hu\/weboldal\/wp-content\/gallery\/hatartalanul-2024-2-nap\/Kep18.jpg\"\n           data-thumbnail=\"http:\/\/olasz-altisk.edu.hu\/weboldal\/wp-content\/gallery\/hatartalanul-2024-2-nap\/thumbs\/thumbs_Kep18.jpg\"\n           data-image-id=\"1529\"\n           data-title=\"Kep18\"\n           data-description=\"\"\n           class=\"ngg-fancybox\" rel=\"76d0b1a9082a818fff09aacd99e72b5e\">\n\n            <img data-image-id='1529'\n                 title=\"\"\n                 alt=\"Kep18\"\n                 src=\"http:\/\/olasz-altisk.edu.hu\/weboldal\/wp-content\/gallery\/hatartalanul-2024-2-nap\/Kep18.jpg\"\n                 style=\"max-height: 380px;\"\/>\n        <\/a>\n\n        <\/div> \n<div id=\"ngg-image-5\" class=\"ngg-gallery-slideshow-image\" style=\"height:400px\">\n\n        <a href=\"http:\/\/olasz-altisk.edu.hu\/weboldal\/wp-content\/gallery\/hatartalanul-2024-2-nap\/Kep19.jpg\"\n           title=\"\"\n           data-src=\"http:\/\/olasz-altisk.edu.hu\/weboldal\/wp-content\/gallery\/hatartalanul-2024-2-nap\/Kep19.jpg\"\n           data-thumbnail=\"http:\/\/olasz-altisk.edu.hu\/weboldal\/wp-content\/gallery\/hatartalanul-2024-2-nap\/thumbs\/thumbs_Kep19.jpg\"\n           data-image-id=\"1527\"\n           data-title=\"Kep19\"\n           data-description=\"\"\n           class=\"ngg-fancybox\" rel=\"76d0b1a9082a818fff09aacd99e72b5e\">\n\n            <img data-image-id='1527'\n                 title=\"\"\n                 alt=\"Kep19\"\n                 src=\"http:\/\/olasz-altisk.edu.hu\/weboldal\/wp-content\/gallery\/hatartalanul-2024-2-nap\/Kep19.jpg\"\n                 style=\"max-height: 380px;\"\/>\n        <\/a>\n\n        <\/div> \n<div id=\"ngg-image-6\" class=\"ngg-gallery-slideshow-image\" style=\"height:400px\">\n\n        <a href=\"http:\/\/olasz-altisk.edu.hu\/weboldal\/wp-content\/gallery\/hatartalanul-2024-2-nap\/Kep20.jpg\"\n           title=\"\"\n           data-src=\"http:\/\/olasz-altisk.edu.hu\/weboldal\/wp-content\/gallery\/hatartalanul-2024-2-nap\/Kep20.jpg\"\n           data-thumbnail=\"http:\/\/olasz-altisk.edu.hu\/weboldal\/wp-content\/gallery\/hatartalanul-2024-2-nap\/thumbs\/thumbs_Kep20.jpg\"\n           data-image-id=\"1528\"\n           data-title=\"Kep20\"\n           data-description=\"\"\n           class=\"ngg-fancybox\" rel=\"76d0b1a9082a818fff09aacd99e72b5e\">\n\n            <img data-image-id='1528'\n                 title=\"\"\n                 alt=\"Kep20\"\n                 src=\"http:\/\/olasz-altisk.edu.hu\/weboldal\/wp-content\/gallery\/hatartalanul-2024-2-nap\/Kep20.jpg\"\n                 style=\"max-height: 380px;\"\/>\n        <\/a>\n\n        <\/div> \n<\/div>\n\n\n\n\n\n\n\n<hr class=\"wp-block-separator has-alpha-channel-opacity\"\/>\n\n\n\n<p>3. nap<\/p>\n\n\n\n<p class=\"has-text-align-left\">T\u00far\u00e1nk harmadik napj\u00e1nak reggel\u00e9n Horv\u00e1torsz\u00e1g fel\u00e9 vett\u00fck az ir\u00e1nyt. El\u0151sz\u00f6r Cs\u00e1ktornya v\u00e1r\u00e1t j\u00e1rhattuk be, \u00e9s Zr\u00ednyi Mikl\u00f3sra eml\u00e9kezt\u00fcnk, ki itt \u00edrta a \u201eSzigeti veszedelem\u201d c\u00edm\u0171 verses eposzt, \u00e9s itt is hunyt el 1664-ben. K\u00f6vetkez\u0151 \u00e1llom\u00e1sunk Varasdra vezetett. A v\u00e1r bej\u00e1r\u00e1sa ut\u00e1n a v\u00e1rosban s\u00e9t\u00e1ltunk, ezt k\u00f6vet\u0151en pedig Kraljevic\u00e1ra, a tengerparti sz\u00e1ll\u00e1sunkra indultunk.<\/p>\n\n\n\n\n\n<div class=\"ngg-galleryoverview ngg-slideshow\"\n\t id=\"ngg-slideshow-795df00ec56c011da62d24c4ced38f20-1808387920\"\n     data-gallery-id=\"795df00ec56c011da62d24c4ced38f20\"\n     style=\"max-width: 600px; max-height: 400px;\">\n\n \t<div id=\"ngg-image-0\" class=\"ngg-gallery-slideshow-image\" style=\"height:400px\">\n\n        <a href=\"http:\/\/olasz-altisk.edu.hu\/weboldal\/wp-content\/gallery\/hatartalanul-2024-3-nap\/Kep21.jpg\"\n           title=\"\"\n           data-src=\"http:\/\/olasz-altisk.edu.hu\/weboldal\/wp-content\/gallery\/hatartalanul-2024-3-nap\/Kep21.jpg\"\n           data-thumbnail=\"http:\/\/olasz-altisk.edu.hu\/weboldal\/wp-content\/gallery\/hatartalanul-2024-3-nap\/thumbs\/thumbs_Kep21.jpg\"\n           data-image-id=\"1534\"\n           data-title=\"Kep21\"\n           data-description=\"\"\n           class=\"ngg-fancybox\" rel=\"795df00ec56c011da62d24c4ced38f20\">\n\n            <img data-image-id='1534'\n                 title=\"\"\n                 alt=\"Kep21\"\n                 src=\"http:\/\/olasz-altisk.edu.hu\/weboldal\/wp-content\/gallery\/hatartalanul-2024-3-nap\/Kep21.jpg\"\n                 style=\"max-height: 380px;\"\/>\n        <\/a>\n\n        <\/div> \n<div id=\"ngg-image-1\" class=\"ngg-gallery-slideshow-image\" style=\"height:400px\">\n\n        <a href=\"http:\/\/olasz-altisk.edu.hu\/weboldal\/wp-content\/gallery\/hatartalanul-2024-3-nap\/Kep22.jpg\"\n           title=\"\"\n           data-src=\"http:\/\/olasz-altisk.edu.hu\/weboldal\/wp-content\/gallery\/hatartalanul-2024-3-nap\/Kep22.jpg\"\n           data-thumbnail=\"http:\/\/olasz-altisk.edu.hu\/weboldal\/wp-content\/gallery\/hatartalanul-2024-3-nap\/thumbs\/thumbs_Kep22.jpg\"\n           data-image-id=\"1535\"\n           data-title=\"Kep22\"\n           data-description=\"\"\n           class=\"ngg-fancybox\" rel=\"795df00ec56c011da62d24c4ced38f20\">\n\n            <img data-image-id='1535'\n                 title=\"\"\n                 alt=\"Kep22\"\n                 src=\"http:\/\/olasz-altisk.edu.hu\/weboldal\/wp-content\/gallery\/hatartalanul-2024-3-nap\/Kep22.jpg\"\n                 style=\"max-height: 380px;\"\/>\n        <\/a>\n\n        <\/div> \n<div id=\"ngg-image-2\" class=\"ngg-gallery-slideshow-image\" style=\"height:400px\">\n\n        <a href=\"http:\/\/olasz-altisk.edu.hu\/weboldal\/wp-content\/gallery\/hatartalanul-2024-3-nap\/Kep23.jpg\"\n           title=\"\"\n           data-src=\"http:\/\/olasz-altisk.edu.hu\/weboldal\/wp-content\/gallery\/hatartalanul-2024-3-nap\/Kep23.jpg\"\n           data-thumbnail=\"http:\/\/olasz-altisk.edu.hu\/weboldal\/wp-content\/gallery\/hatartalanul-2024-3-nap\/thumbs\/thumbs_Kep23.jpg\"\n           data-image-id=\"1532\"\n           data-title=\"Kep23\"\n           data-description=\"\"\n           class=\"ngg-fancybox\" rel=\"795df00ec56c011da62d24c4ced38f20\">\n\n            <img data-image-id='1532'\n                 title=\"\"\n                 alt=\"Kep23\"\n                 src=\"http:\/\/olasz-altisk.edu.hu\/weboldal\/wp-content\/gallery\/hatartalanul-2024-3-nap\/Kep23.jpg\"\n                 style=\"max-height: 380px;\"\/>\n        <\/a>\n\n        <\/div> \n<div id=\"ngg-image-3\" class=\"ngg-gallery-slideshow-image\" style=\"height:400px\">\n\n        <a href=\"http:\/\/olasz-altisk.edu.hu\/weboldal\/wp-content\/gallery\/hatartalanul-2024-3-nap\/Kep24.jpg\"\n           title=\"\"\n           data-src=\"http:\/\/olasz-altisk.edu.hu\/weboldal\/wp-content\/gallery\/hatartalanul-2024-3-nap\/Kep24.jpg\"\n           data-thumbnail=\"http:\/\/olasz-altisk.edu.hu\/weboldal\/wp-content\/gallery\/hatartalanul-2024-3-nap\/thumbs\/thumbs_Kep24.jpg\"\n           data-image-id=\"1533\"\n           data-title=\"Kep24\"\n           data-description=\"\"\n           class=\"ngg-fancybox\" rel=\"795df00ec56c011da62d24c4ced38f20\">\n\n            <img data-image-id='1533'\n                 title=\"\"\n                 alt=\"Kep24\"\n                 src=\"http:\/\/olasz-altisk.edu.hu\/weboldal\/wp-content\/gallery\/hatartalanul-2024-3-nap\/Kep24.jpg\"\n                 style=\"max-height: 380px;\"\/>\n        <\/a>\n\n        <\/div> \n<div id=\"ngg-image-4\" class=\"ngg-gallery-slideshow-image\" style=\"height:400px\">\n\n        <a href=\"http:\/\/olasz-altisk.edu.hu\/weboldal\/wp-content\/gallery\/hatartalanul-2024-3-nap\/Kep25.jpg\"\n           title=\"\"\n           data-src=\"http:\/\/olasz-altisk.edu.hu\/weboldal\/wp-content\/gallery\/hatartalanul-2024-3-nap\/Kep25.jpg\"\n           data-thumbnail=\"http:\/\/olasz-altisk.edu.hu\/weboldal\/wp-content\/gallery\/hatartalanul-2024-3-nap\/thumbs\/thumbs_Kep25.jpg\"\n           data-image-id=\"1531\"\n           data-title=\"Kep25\"\n           data-description=\"\"\n           class=\"ngg-fancybox\" rel=\"795df00ec56c011da62d24c4ced38f20\">\n\n            <img data-image-id='1531'\n                 title=\"\"\n                 alt=\"Kep25\"\n                 src=\"http:\/\/olasz-altisk.edu.hu\/weboldal\/wp-content\/gallery\/hatartalanul-2024-3-nap\/Kep25.jpg\"\n                 style=\"max-height: 380px;\"\/>\n        <\/a>\n\n        <\/div> \n<\/div>\n\n\n\n\n\n\n\n<hr class=\"wp-block-separator has-alpha-channel-opacity\"\/>\n\n\n\n<p class=\"has-text-align-left\">A 4. napunkon Rijek\u00e1ban el\u0151sz\u00f6r a hull\u00e1mt\u00f6r\u0151 g\u00e1thoz s\u00e9t\u00e1ltunk, melyet a Magyar Kir\u00e1lyi Hivatal f\u0151m\u00e9rn\u00f6ke, Hajnal Antal tervezett, majd pedig Gr\u00f3f Batthy\u00e1ny Lajos egykori nyaral\u00f3j\u00e1hoz \u00e9rkezt\u00fcnk. Utunk ezut\u00e1n a Frangep\u00e1nok \u00e1ltal \u00e9p\u00edtett Trsat v\u00e1rhoz vezetett, ahonnan csod\u00e1latos kil\u00e1t\u00e1s t\u00e1rult el\u00e9nk Rijeka v\u00e1ros\u00e1ra \u00e9s a tengerre. Ezt k\u00f6vet\u0151en Abb\u00e1zi\u00e1ba kir\u00e1ndultunk, ahol v\u00e9gig s\u00e9t\u00e1lunk a csod\u00e1latos sz\u00e1z\u00e9ves s\u00e9t\u00e1nyon. Kraljevicara vissza\u00e9rkezve kihaszn\u00e1lva a ragyog\u00f3 naps\u00fct\u00e9st \u00e9s meleg id\u0151t, megm\u00e1rtoztunk a tengerben. Vacsora ut\u00e1n pedig a Krk szigetre vezet\u0151 h\u00eddr\u00f3l csod\u00e1ltuk meg a tengerparti naplement\u00e9t.<\/p>\n\n\n\n\n\n<div class=\"ngg-galleryoverview ngg-slideshow\"\n\t id=\"ngg-slideshow-f20f76069bed882ddfa44b635fb38d21-5995346800\"\n     data-gallery-id=\"f20f76069bed882ddfa44b635fb38d21\"\n     style=\"max-width: 600px; max-height: 400px;\">\n\n \t<div id=\"ngg-image-0\" class=\"ngg-gallery-slideshow-image\" style=\"height:400px\">\n\n        <a href=\"http:\/\/olasz-altisk.edu.hu\/weboldal\/wp-content\/gallery\/hatartalanul-2024-4-nap\/Kep26.jpg\"\n           title=\"\"\n           data-src=\"http:\/\/olasz-altisk.edu.hu\/weboldal\/wp-content\/gallery\/hatartalanul-2024-4-nap\/Kep26.jpg\"\n           data-thumbnail=\"http:\/\/olasz-altisk.edu.hu\/weboldal\/wp-content\/gallery\/hatartalanul-2024-4-nap\/thumbs\/thumbs_Kep26.jpg\"\n           data-image-id=\"1547\"\n           data-title=\"Kep26\"\n           data-description=\"\"\n           class=\"ngg-fancybox\" rel=\"f20f76069bed882ddfa44b635fb38d21\">\n\n            <img data-image-id='1547'\n                 title=\"\"\n                 alt=\"Kep26\"\n                 src=\"http:\/\/olasz-altisk.edu.hu\/weboldal\/wp-content\/gallery\/hatartalanul-2024-4-nap\/Kep26.jpg\"\n                 style=\"max-height: 380px;\"\/>\n        <\/a>\n\n        <\/div> \n<div id=\"ngg-image-1\" class=\"ngg-gallery-slideshow-image\" style=\"height:400px\">\n\n        <a href=\"http:\/\/olasz-altisk.edu.hu\/weboldal\/wp-content\/gallery\/hatartalanul-2024-4-nap\/Kep27.jpg\"\n           title=\"\"\n           data-src=\"http:\/\/olasz-altisk.edu.hu\/weboldal\/wp-content\/gallery\/hatartalanul-2024-4-nap\/Kep27.jpg\"\n           data-thumbnail=\"http:\/\/olasz-altisk.edu.hu\/weboldal\/wp-content\/gallery\/hatartalanul-2024-4-nap\/thumbs\/thumbs_Kep27.jpg\"\n           data-image-id=\"1546\"\n           data-title=\"Kep27\"\n           data-description=\"\"\n           class=\"ngg-fancybox\" rel=\"f20f76069bed882ddfa44b635fb38d21\">\n\n            <img data-image-id='1546'\n                 title=\"\"\n                 alt=\"Kep27\"\n                 src=\"http:\/\/olasz-altisk.edu.hu\/weboldal\/wp-content\/gallery\/hatartalanul-2024-4-nap\/Kep27.jpg\"\n                 style=\"max-height: 380px;\"\/>\n        <\/a>\n\n        <\/div> \n<div id=\"ngg-image-2\" class=\"ngg-gallery-slideshow-image\" style=\"height:400px\">\n\n        <a href=\"http:\/\/olasz-altisk.edu.hu\/weboldal\/wp-content\/gallery\/hatartalanul-2024-4-nap\/Kep28.jpg\"\n           title=\"\"\n           data-src=\"http:\/\/olasz-altisk.edu.hu\/weboldal\/wp-content\/gallery\/hatartalanul-2024-4-nap\/Kep28.jpg\"\n           data-thumbnail=\"http:\/\/olasz-altisk.edu.hu\/weboldal\/wp-content\/gallery\/hatartalanul-2024-4-nap\/thumbs\/thumbs_Kep28.jpg\"\n           data-image-id=\"1545\"\n           data-title=\"Kep28\"\n           data-description=\"\"\n           class=\"ngg-fancybox\" rel=\"f20f76069bed882ddfa44b635fb38d21\">\n\n            <img data-image-id='1545'\n                 title=\"\"\n                 alt=\"Kep28\"\n                 src=\"http:\/\/olasz-altisk.edu.hu\/weboldal\/wp-content\/gallery\/hatartalanul-2024-4-nap\/Kep28.jpg\"\n                 style=\"max-height: 380px;\"\/>\n        <\/a>\n\n        <\/div> \n<div id=\"ngg-image-3\" class=\"ngg-gallery-slideshow-image\" style=\"height:400px\">\n\n        <a href=\"http:\/\/olasz-altisk.edu.hu\/weboldal\/wp-content\/gallery\/hatartalanul-2024-4-nap\/Kep29.jpg\"\n           title=\"\"\n           data-src=\"http:\/\/olasz-altisk.edu.hu\/weboldal\/wp-content\/gallery\/hatartalanul-2024-4-nap\/Kep29.jpg\"\n           data-thumbnail=\"http:\/\/olasz-altisk.edu.hu\/weboldal\/wp-content\/gallery\/hatartalanul-2024-4-nap\/thumbs\/thumbs_Kep29.jpg\"\n           data-image-id=\"1544\"\n           data-title=\"Kep29\"\n           data-description=\"\"\n           class=\"ngg-fancybox\" rel=\"f20f76069bed882ddfa44b635fb38d21\">\n\n            <img data-image-id='1544'\n                 title=\"\"\n                 alt=\"Kep29\"\n                 src=\"http:\/\/olasz-altisk.edu.hu\/weboldal\/wp-content\/gallery\/hatartalanul-2024-4-nap\/Kep29.jpg\"\n                 style=\"max-height: 380px;\"\/>\n        <\/a>\n\n        <\/div> \n<div id=\"ngg-image-4\" class=\"ngg-gallery-slideshow-image\" style=\"height:400px\">\n\n        <a href=\"http:\/\/olasz-altisk.edu.hu\/weboldal\/wp-content\/gallery\/hatartalanul-2024-4-nap\/Kep30.jpg\"\n           title=\"\"\n           data-src=\"http:\/\/olasz-altisk.edu.hu\/weboldal\/wp-content\/gallery\/hatartalanul-2024-4-nap\/Kep30.jpg\"\n           data-thumbnail=\"http:\/\/olasz-altisk.edu.hu\/weboldal\/wp-content\/gallery\/hatartalanul-2024-4-nap\/thumbs\/thumbs_Kep30.jpg\"\n           data-image-id=\"1543\"\n           data-title=\"Kep30\"\n           data-description=\"\"\n           class=\"ngg-fancybox\" rel=\"f20f76069bed882ddfa44b635fb38d21\">\n\n            <img data-image-id='1543'\n                 title=\"\"\n                 alt=\"Kep30\"\n                 src=\"http:\/\/olasz-altisk.edu.hu\/weboldal\/wp-content\/gallery\/hatartalanul-2024-4-nap\/Kep30.jpg\"\n                 style=\"max-height: 380px;\"\/>\n        <\/a>\n\n        <\/div> \n<div id=\"ngg-image-5\" class=\"ngg-gallery-slideshow-image\" style=\"height:400px\">\n\n        <a href=\"http:\/\/olasz-altisk.edu.hu\/weboldal\/wp-content\/gallery\/hatartalanul-2024-4-nap\/Kep31.jpg\"\n           title=\"\"\n           data-src=\"http:\/\/olasz-altisk.edu.hu\/weboldal\/wp-content\/gallery\/hatartalanul-2024-4-nap\/Kep31.jpg\"\n           data-thumbnail=\"http:\/\/olasz-altisk.edu.hu\/weboldal\/wp-content\/gallery\/hatartalanul-2024-4-nap\/thumbs\/thumbs_Kep31.jpg\"\n           data-image-id=\"1542\"\n           data-title=\"Kep31\"\n           data-description=\"\"\n           class=\"ngg-fancybox\" rel=\"f20f76069bed882ddfa44b635fb38d21\">\n\n            <img data-image-id='1542'\n                 title=\"\"\n                 alt=\"Kep31\"\n                 src=\"http:\/\/olasz-altisk.edu.hu\/weboldal\/wp-content\/gallery\/hatartalanul-2024-4-nap\/Kep31.jpg\"\n                 style=\"max-height: 380px;\"\/>\n        <\/a>\n\n        <\/div> \n<div id=\"ngg-image-6\" class=\"ngg-gallery-slideshow-image\" style=\"height:400px\">\n\n        <a href=\"http:\/\/olasz-altisk.edu.hu\/weboldal\/wp-content\/gallery\/hatartalanul-2024-4-nap\/Kep32.jpg\"\n           title=\"\"\n           data-src=\"http:\/\/olasz-altisk.edu.hu\/weboldal\/wp-content\/gallery\/hatartalanul-2024-4-nap\/Kep32.jpg\"\n           data-thumbnail=\"http:\/\/olasz-altisk.edu.hu\/weboldal\/wp-content\/gallery\/hatartalanul-2024-4-nap\/thumbs\/thumbs_Kep32.jpg\"\n           data-image-id=\"1537\"\n           data-title=\"Kep32\"\n           data-description=\"\"\n           class=\"ngg-fancybox\" rel=\"f20f76069bed882ddfa44b635fb38d21\">\n\n            <img data-image-id='1537'\n                 title=\"\"\n                 alt=\"Kep32\"\n                 src=\"http:\/\/olasz-altisk.edu.hu\/weboldal\/wp-content\/gallery\/hatartalanul-2024-4-nap\/Kep32.jpg\"\n                 style=\"max-height: 380px;\"\/>\n        <\/a>\n\n        <\/div> \n<div id=\"ngg-image-7\" class=\"ngg-gallery-slideshow-image\" style=\"height:400px\">\n\n        <a href=\"http:\/\/olasz-altisk.edu.hu\/weboldal\/wp-content\/gallery\/hatartalanul-2024-4-nap\/Kep33.jpg\"\n           title=\"\"\n           data-src=\"http:\/\/olasz-altisk.edu.hu\/weboldal\/wp-content\/gallery\/hatartalanul-2024-4-nap\/Kep33.jpg\"\n           data-thumbnail=\"http:\/\/olasz-altisk.edu.hu\/weboldal\/wp-content\/gallery\/hatartalanul-2024-4-nap\/thumbs\/thumbs_Kep33.jpg\"\n           data-image-id=\"1539\"\n           data-title=\"Kep33\"\n           data-description=\"\"\n           class=\"ngg-fancybox\" rel=\"f20f76069bed882ddfa44b635fb38d21\">\n\n            <img data-image-id='1539'\n                 title=\"\"\n                 alt=\"Kep33\"\n                 src=\"http:\/\/olasz-altisk.edu.hu\/weboldal\/wp-content\/gallery\/hatartalanul-2024-4-nap\/Kep33.jpg\"\n                 style=\"max-height: 380px;\"\/>\n        <\/a>\n\n        <\/div> \n<div id=\"ngg-image-8\" class=\"ngg-gallery-slideshow-image\" style=\"height:400px\">\n\n        <a href=\"http:\/\/olasz-altisk.edu.hu\/weboldal\/wp-content\/gallery\/hatartalanul-2024-4-nap\/Kep34.jpg\"\n           title=\"\"\n           data-src=\"http:\/\/olasz-altisk.edu.hu\/weboldal\/wp-content\/gallery\/hatartalanul-2024-4-nap\/Kep34.jpg\"\n           data-thumbnail=\"http:\/\/olasz-altisk.edu.hu\/weboldal\/wp-content\/gallery\/hatartalanul-2024-4-nap\/thumbs\/thumbs_Kep34.jpg\"\n           data-image-id=\"1541\"\n           data-title=\"Kep34\"\n           data-description=\"\"\n           class=\"ngg-fancybox\" rel=\"f20f76069bed882ddfa44b635fb38d21\">\n\n            <img data-image-id='1541'\n                 title=\"\"\n                 alt=\"Kep34\"\n                 src=\"http:\/\/olasz-altisk.edu.hu\/weboldal\/wp-content\/gallery\/hatartalanul-2024-4-nap\/Kep34.jpg\"\n                 style=\"max-height: 380px;\"\/>\n        <\/a>\n\n        <\/div> \n<div id=\"ngg-image-9\" class=\"ngg-gallery-slideshow-image\" style=\"height:400px\">\n\n        <a href=\"http:\/\/olasz-altisk.edu.hu\/weboldal\/wp-content\/gallery\/hatartalanul-2024-4-nap\/Kep35.jpg\"\n           title=\"\"\n           data-src=\"http:\/\/olasz-altisk.edu.hu\/weboldal\/wp-content\/gallery\/hatartalanul-2024-4-nap\/Kep35.jpg\"\n           data-thumbnail=\"http:\/\/olasz-altisk.edu.hu\/weboldal\/wp-content\/gallery\/hatartalanul-2024-4-nap\/thumbs\/thumbs_Kep35.jpg\"\n           data-image-id=\"1540\"\n           data-title=\"Kep35\"\n           data-description=\"\"\n           class=\"ngg-fancybox\" rel=\"f20f76069bed882ddfa44b635fb38d21\">\n\n            <img data-image-id='1540'\n                 title=\"\"\n                 alt=\"Kep35\"\n                 src=\"http:\/\/olasz-altisk.edu.hu\/weboldal\/wp-content\/gallery\/hatartalanul-2024-4-nap\/Kep35.jpg\"\n                 style=\"max-height: 380px;\"\/>\n        <\/a>\n\n        <\/div> \n<div id=\"ngg-image-10\" class=\"ngg-gallery-slideshow-image\" style=\"height:400px\">\n\n        <a href=\"http:\/\/olasz-altisk.edu.hu\/weboldal\/wp-content\/gallery\/hatartalanul-2024-4-nap\/Kep36.jpg\"\n           title=\"\"\n           data-src=\"http:\/\/olasz-altisk.edu.hu\/weboldal\/wp-content\/gallery\/hatartalanul-2024-4-nap\/Kep36.jpg\"\n           data-thumbnail=\"http:\/\/olasz-altisk.edu.hu\/weboldal\/wp-content\/gallery\/hatartalanul-2024-4-nap\/thumbs\/thumbs_Kep36.jpg\"\n           data-image-id=\"1536\"\n           data-title=\"Kep36\"\n           data-description=\"\"\n           class=\"ngg-fancybox\" rel=\"f20f76069bed882ddfa44b635fb38d21\">\n\n            <img data-image-id='1536'\n                 title=\"\"\n                 alt=\"Kep36\"\n                 src=\"http:\/\/olasz-altisk.edu.hu\/weboldal\/wp-content\/gallery\/hatartalanul-2024-4-nap\/Kep36.jpg\"\n                 style=\"max-height: 380px;\"\/>\n        <\/a>\n\n        <\/div> \n<div id=\"ngg-image-11\" class=\"ngg-gallery-slideshow-image\" style=\"height:400px\">\n\n        <a href=\"http:\/\/olasz-altisk.edu.hu\/weboldal\/wp-content\/gallery\/hatartalanul-2024-4-nap\/Kep37.jpg\"\n           title=\"\"\n           data-src=\"http:\/\/olasz-altisk.edu.hu\/weboldal\/wp-content\/gallery\/hatartalanul-2024-4-nap\/Kep37.jpg\"\n           data-thumbnail=\"http:\/\/olasz-altisk.edu.hu\/weboldal\/wp-content\/gallery\/hatartalanul-2024-4-nap\/thumbs\/thumbs_Kep37.jpg\"\n           data-image-id=\"1538\"\n           data-title=\"Kep37\"\n           data-description=\"\"\n           class=\"ngg-fancybox\" rel=\"f20f76069bed882ddfa44b635fb38d21\">\n\n            <img data-image-id='1538'\n                 title=\"\"\n                 alt=\"Kep37\"\n                 src=\"http:\/\/olasz-altisk.edu.hu\/weboldal\/wp-content\/gallery\/hatartalanul-2024-4-nap\/Kep37.jpg\"\n                 style=\"max-height: 380px;\"\/>\n        <\/a>\n\n        <\/div> \n<\/div>\n\n\n\n\n\n\n\n<hr class=\"wp-block-separator has-alpha-channel-opacity\"\/>\n\n\n\n<p class=\"has-text-align-left\">Az 5. napon Z\u00e1gr\u00e1bban j\u00e1rtunk, ahol az \u00f3v\u00e1rosi s\u00e9ta ut\u00e1n, \u00e9rintett\u00fck a Kaptol dombon az Szent Istv\u00e1n-sz\u00e9kesegyh\u00e1zat, melyet Szent L\u00e1szl\u00f3 kir\u00e1lyunk alap\u00edtott. Tov\u00e1bb haladtunk a Dolacon, a z\u00f6lds\u00e9g \u00e9s vir\u00e1gpiacon kereszt\u00fcl, a K\u0151kapun \u00e1t a Gradecre, a SzentM\u00e1rk-templomhoz, az Orsz\u00e1ggy\u0171l\u00e9s \u00e9p\u00fclet\u00e9hez \u00e9s a B\u00e1ni palot\u00e1hoz, majd Als\u00f3v\u00e1ros k\u00f6zpontj\u00e1ba, a Jellasics t\u00e9rre, ahol megeml\u00e9kez\u00fcnk az 1848-49-es szabads\u00e1gharcr\u00f3l.<\/p>\n\n\n\n\n\n<div class=\"ngg-galleryoverview ngg-slideshow\"\n\t id=\"ngg-slideshow-4915072da85c7ffc22290662afc55352-14984908810\"\n     data-gallery-id=\"4915072da85c7ffc22290662afc55352\"\n     style=\"max-width: 600px; max-height: 400px;\">\n\n \t<div id=\"ngg-image-0\" class=\"ngg-gallery-slideshow-image\" style=\"height:400px\">\n\n        <a href=\"http:\/\/olasz-altisk.edu.hu\/weboldal\/wp-content\/gallery\/hatartalanul-2024-5-nap\/Kep38.jpg\"\n           title=\"\"\n           data-src=\"http:\/\/olasz-altisk.edu.hu\/weboldal\/wp-content\/gallery\/hatartalanul-2024-5-nap\/Kep38.jpg\"\n           data-thumbnail=\"http:\/\/olasz-altisk.edu.hu\/weboldal\/wp-content\/gallery\/hatartalanul-2024-5-nap\/thumbs\/thumbs_Kep38.jpg\"\n           data-image-id=\"1550\"\n           data-title=\"Kep38\"\n           data-description=\"\"\n           class=\"ngg-fancybox\" rel=\"4915072da85c7ffc22290662afc55352\">\n\n            <img data-image-id='1550'\n                 title=\"\"\n                 alt=\"Kep38\"\n                 src=\"http:\/\/olasz-altisk.edu.hu\/weboldal\/wp-content\/gallery\/hatartalanul-2024-5-nap\/Kep38.jpg\"\n                 style=\"max-height: 380px;\"\/>\n        <\/a>\n\n        <\/div> \n<div id=\"ngg-image-1\" class=\"ngg-gallery-slideshow-image\" style=\"height:400px\">\n\n        <a href=\"http:\/\/olasz-altisk.edu.hu\/weboldal\/wp-content\/gallery\/hatartalanul-2024-5-nap\/Kep39.jpg\"\n           title=\"\"\n           data-src=\"http:\/\/olasz-altisk.edu.hu\/weboldal\/wp-content\/gallery\/hatartalanul-2024-5-nap\/Kep39.jpg\"\n           data-thumbnail=\"http:\/\/olasz-altisk.edu.hu\/weboldal\/wp-content\/gallery\/hatartalanul-2024-5-nap\/thumbs\/thumbs_Kep39.jpg\"\n           data-image-id=\"1552\"\n           data-title=\"Kep39\"\n           data-description=\"\"\n           class=\"ngg-fancybox\" rel=\"4915072da85c7ffc22290662afc55352\">\n\n            <img data-image-id='1552'\n                 title=\"\"\n                 alt=\"Kep39\"\n                 src=\"http:\/\/olasz-altisk.edu.hu\/weboldal\/wp-content\/gallery\/hatartalanul-2024-5-nap\/Kep39.jpg\"\n                 style=\"max-height: 380px;\"\/>\n        <\/a>\n\n        <\/div> \n<div id=\"ngg-image-2\" class=\"ngg-gallery-slideshow-image\" style=\"height:400px\">\n\n        <a href=\"http:\/\/olasz-altisk.edu.hu\/weboldal\/wp-content\/gallery\/hatartalanul-2024-5-nap\/Kep40.jpg\"\n           title=\"\"\n           data-src=\"http:\/\/olasz-altisk.edu.hu\/weboldal\/wp-content\/gallery\/hatartalanul-2024-5-nap\/Kep40.jpg\"\n           data-thumbnail=\"http:\/\/olasz-altisk.edu.hu\/weboldal\/wp-content\/gallery\/hatartalanul-2024-5-nap\/thumbs\/thumbs_Kep40.jpg\"\n           data-image-id=\"1549\"\n           data-title=\"Kep40\"\n           data-description=\"\"\n           class=\"ngg-fancybox\" rel=\"4915072da85c7ffc22290662afc55352\">\n\n            <img data-image-id='1549'\n                 title=\"\"\n                 alt=\"Kep40\"\n                 src=\"http:\/\/olasz-altisk.edu.hu\/weboldal\/wp-content\/gallery\/hatartalanul-2024-5-nap\/Kep40.jpg\"\n                 style=\"max-height: 380px;\"\/>\n        <\/a>\n\n        <\/div> \n<div id=\"ngg-image-3\" class=\"ngg-gallery-slideshow-image\" style=\"height:400px\">\n\n        <a href=\"http:\/\/olasz-altisk.edu.hu\/weboldal\/wp-content\/gallery\/hatartalanul-2024-5-nap\/Kep41.jpg\"\n           title=\"\"\n           data-src=\"http:\/\/olasz-altisk.edu.hu\/weboldal\/wp-content\/gallery\/hatartalanul-2024-5-nap\/Kep41.jpg\"\n           data-thumbnail=\"http:\/\/olasz-altisk.edu.hu\/weboldal\/wp-content\/gallery\/hatartalanul-2024-5-nap\/thumbs\/thumbs_Kep41.jpg\"\n           data-image-id=\"1553\"\n           data-title=\"Kep41\"\n           data-description=\"\"\n           class=\"ngg-fancybox\" rel=\"4915072da85c7ffc22290662afc55352\">\n\n            <img data-image-id='1553'\n                 title=\"\"\n                 alt=\"Kep41\"\n                 src=\"http:\/\/olasz-altisk.edu.hu\/weboldal\/wp-content\/gallery\/hatartalanul-2024-5-nap\/Kep41.jpg\"\n                 style=\"max-height: 380px;\"\/>\n        <\/a>\n\n        <\/div> \n<div id=\"ngg-image-4\" class=\"ngg-gallery-slideshow-image\" style=\"height:400px\">\n\n        <a href=\"http:\/\/olasz-altisk.edu.hu\/weboldal\/wp-content\/gallery\/hatartalanul-2024-5-nap\/Kep42.jpg\"\n           title=\"\"\n           data-src=\"http:\/\/olasz-altisk.edu.hu\/weboldal\/wp-content\/gallery\/hatartalanul-2024-5-nap\/Kep42.jpg\"\n           data-thumbnail=\"http:\/\/olasz-altisk.edu.hu\/weboldal\/wp-content\/gallery\/hatartalanul-2024-5-nap\/thumbs\/thumbs_Kep42.jpg\"\n           data-image-id=\"1551\"\n           data-title=\"Kep42\"\n           data-description=\"\"\n           class=\"ngg-fancybox\" rel=\"4915072da85c7ffc22290662afc55352\">\n\n            <img data-image-id='1551'\n                 title=\"\"\n                 alt=\"Kep42\"\n                 src=\"http:\/\/olasz-altisk.edu.hu\/weboldal\/wp-content\/gallery\/hatartalanul-2024-5-nap\/Kep42.jpg\"\n                 style=\"max-height: 380px;\"\/>\n        <\/a>\n\n        <\/div> \n<div id=\"ngg-image-5\" class=\"ngg-gallery-slideshow-image\" style=\"height:400px\">\n\n        <a href=\"http:\/\/olasz-altisk.edu.hu\/weboldal\/wp-content\/gallery\/hatartalanul-2024-5-nap\/Kep43.jpg\"\n           title=\"\"\n           data-src=\"http:\/\/olasz-altisk.edu.hu\/weboldal\/wp-content\/gallery\/hatartalanul-2024-5-nap\/Kep43.jpg\"\n           data-thumbnail=\"http:\/\/olasz-altisk.edu.hu\/weboldal\/wp-content\/gallery\/hatartalanul-2024-5-nap\/thumbs\/thumbs_Kep43.jpg\"\n           data-image-id=\"1548\"\n           data-title=\"Kep43\"\n           data-description=\"\"\n           class=\"ngg-fancybox\" rel=\"4915072da85c7ffc22290662afc55352\">\n\n            <img data-image-id='1548'\n                 title=\"\"\n                 alt=\"Kep43\"\n                 src=\"http:\/\/olasz-altisk.edu.hu\/weboldal\/wp-content\/gallery\/hatartalanul-2024-5-nap\/Kep43.jpg\"\n                 style=\"max-height: 380px;\"\/>\n        <\/a>\n\n        <\/div> \n<\/div>\n\n\n\n\n\n\n\n<hr class=\"wp-block-separator has-alpha-channel-opacity\"\/>\n\n\n\n<p><strong>Tartalmas \u00e9s j\u00f3 hangulat\u00fa \u00f6t napot t\u00f6lt\u00f6tt\u00fcnk egy\u00fctt, a gyerekek hatalmas \u00e9lm\u00e9nyekkel gazdagodva \u00e9rtek haza.<\/strong><\/p>\n","protected":false},"excerpt":{"rendered":"<p>Mintegy 2,7 milli\u00f3 Ft t\u00e1mogat\u00e1st nyert iskol\u00e1nk a Hat\u00e1rtalanul programon, melynek keret\u00e9ben lehet\u0151v\u00e9 v\u00e1lt, hogy a hetedik oszt\u00e1lyunk 2 napot Szlov\u00e9ni\u00e1ban \u00e9s 3 napot Horv\u00e1torsz\u00e1gban t\u00f6lthetett. Gy\u00f6ny\u00f6r\u0171 utakon j\u00e1rtak, melyet a k\u00e9pes besz\u00e1mol\u00f3 is bizony\u00edt. K\u00f6sz\u00f6nj\u00fck a t\u00e1mogat\u00e1st \u00e9s a lehet\u0151s\u00e9get! K\u00f6sz\u00f6nj\u00fck Vajt\u00e1n\u00e9 Boros \u00c9va Kl\u00e1ra \u00e9s Soponyain\u00e9 F\u00f3rizs Magdolna \u2026 <a class=\"continue-reading-link\" href=\"http:\/\/olasz-altisk.edu.hu\/weboldal\/?p=3862\"> Continue reading <span class=\"meta-nav\">&rarr; <\/span><\/a><\/p>\n","protected":false},"author":1,"featured_media":0,"comment_status":"closed","ping_status":"closed","sticky":false,"template":"","format":"standard","meta":{"ngg_post_thumbnail":0},"categories":[1],"tags":[],"_links":{"self":[{"href":"http:\/\/olasz-altisk.edu.hu\/weboldal\/index.php?rest_route=\/wp\/v2\/posts\/3862"}],"collection":[{"href":"http:\/\/olasz-altisk.edu.hu\/weboldal\/index.php?rest_route=\/wp\/v2\/posts"}],"about":[{"href":"http:\/\/olasz-altisk.edu.hu\/weboldal\/index.php?rest_route=\/wp\/v2\/types\/post"}],"author":[{"embeddable":true,"href":"http:\/\/olasz-altisk.edu.hu\/weboldal\/index.php?rest_route=\/wp\/v2\/users\/1"}],"replies":[{"embeddable":true,"href":"http:\/\/olasz-altisk.edu.hu\/weboldal\/index.php?rest_route=%2Fwp%2Fv2%2Fcomments&post=3862"}],"version-history":[{"count":12,"href":"http:\/\/olasz-altisk.edu.hu\/weboldal\/index.php?rest_route=\/wp\/v2\/posts\/3862\/revisions"}],"predecessor-version":[{"id":4428,"href":"http:\/\/olasz-altisk.edu.hu\/weboldal\/index.php?rest_route=\/wp\/v2\/posts\/3862\/revisions\/4428"}],"wp:attachment":[{"href":"http:\/\/olasz-altisk.edu.hu\/weboldal\/index.php?rest_route=%2Fwp%2Fv2%2Fmedia&parent=3862"}],"wp:term":[{"taxonomy":"category","embeddable":true,"href":"http:\/\/olasz-altisk.edu.hu\/weboldal\/index.php?rest_route=%2Fwp%2Fv2%2Fcategories&post=3862"},{"taxonomy":"post_tag","embeddable":true,"href":"http:\/\/olasz-altisk.edu.hu\/weboldal\/index.php?rest_route=%2Fwp%2Fv2%2Ftags&post=3862"}],"curies":[{"name":"wp","href":"https:\/\/api.w.org\/{rel}","templated":true}]}}