{"id":3922,"date":"2024-05-06T21:26:36","date_gmt":"2024-05-06T19:26:36","guid":{"rendered":"http:\/\/olasz-altisk.edu.hu\/weboldal\/?p=3922"},"modified":"2024-05-06T21:26:36","modified_gmt":"2024-05-06T19:26:36","slug":"oromijaszverseny-ivandardan","status":"publish","type":"post","link":"http:\/\/olasz-altisk.edu.hu\/weboldal\/?p=3922","title":{"rendered":"\u00d6r\u00f6m\u00edj\u00e1szverseny Iv\u00e1nd\u00e1rd\u00e1n"},"content":{"rendered":"\n<p class=\"has-text-align-left\">\u00dajabb sikerek a Hun Ut\u00f3dok h\u00e1za t\u00e1j\u00e1n<\/p>\n\n\n\n<p class=\"has-text-align-left\">A tavaszi sz\u00fcnet utols\u00f3 el\u0151tti napj\u00e1n, \u00e1prilis 6-\u00e1n rendeztek \u00f6r\u00f6m\u00edj\u00e1szversenyt Iv\u00e1nd\u00e1rd\u00e1n. A sz\u00fcnetre val\u00f3 tekintettel egy kisebb csapattal vett\u00fcnk r\u00e9szt a versenyen. 20 db 3D-s c\u00e9l, 60 db leadott l\u00f6v\u00e9s versenyz\u0151kk\u00e9nt.<\/p>\n\n\n\n<p class=\"has-text-align-left\">Eredm\u00e9nyeink: T\u00f6rt\u00e9nelmi modern \u00edj gyermek ffi kateg\u00f3ria: I. helyezett: T\u00f3th-S\u00fct\u0151 Lehel; III. helyezett: Ors\u00f3s Mil\u00e1n,<\/p>\n\n\n\n<p class=\"has-text-align-left\">T\u00f6rt\u00e9nelmi modern \u00edj mini ffi kateg\u00f3ri\u00e1ban: III. helyezett: Zsoldos S\u00e1ndor<\/p>\n\n\n\n<p class=\"has-text-align-left\">Vad\u00e1sz reflex gyerek ffi \u00edj kateg\u00f3ri\u00e1ban: II. helyezett Prim Bertalan N\u00e1ndor<\/p>\n\n\n\n<p class=\"has-text-align-left\">F\u00fav\u00f3cs\u0151 gyerek ffi kateg\u00f3ri\u00e1ban : I. helyezett: T\u00f3th-S\u00fct\u0151 Lehel;<\/p>\n\n\n\n<p class=\"has-text-align-left\">F\u00fav\u00f3cs\u0151 mini ffi kateg\u00f3ri\u00e1ban: I. helyezett: Zsoldos S\u00e1ndor<\/p>\n\n\n\n<p class=\"has-text-align-left\">Felk\u00e9sz\u00edt\u0151ik: Szentiv\u00e1nyi G\u00e1bor, T\u00f3th Gabriella<\/p>\n\n\n\n\n\n<div class=\"ngg-galleryoverview ngg-slideshow\"\n\t id=\"ngg-slideshow-5a462170c137987fa844a2039134f23b-20092574230\"\n     data-gallery-id=\"5a462170c137987fa844a2039134f23b\"\n     style=\"max-width: 600px; max-height: 400px;\">\n\n \t<div id=\"ngg-image-0\" class=\"ngg-gallery-slideshow-image\" style=\"height:400px\">\n\n        <a href=\"http:\/\/olasz-altisk.edu.hu\/weboldal\/wp-content\/gallery\/oromijaszversenyt-ivandardan\/Kep2.jpg\"\n           title=\"\"\n           data-src=\"http:\/\/olasz-altisk.edu.hu\/weboldal\/wp-content\/gallery\/oromijaszversenyt-ivandardan\/Kep2.jpg\"\n           data-thumbnail=\"http:\/\/olasz-altisk.edu.hu\/weboldal\/wp-content\/gallery\/oromijaszversenyt-ivandardan\/thumbs\/thumbs_Kep2.jpg\"\n           data-image-id=\"1554\"\n           data-title=\"Kep2\"\n           data-description=\"\"\n           class=\"ngg-fancybox\" rel=\"5a462170c137987fa844a2039134f23b\">\n\n            <img data-image-id='1554'\n                 title=\"\"\n                 alt=\"Kep2\"\n                 src=\"http:\/\/olasz-altisk.edu.hu\/weboldal\/wp-content\/gallery\/oromijaszversenyt-ivandardan\/Kep2.jpg\"\n                 style=\"max-height: 380px;\"\/>\n        <\/a>\n\n        <\/div> \n<div id=\"ngg-image-1\" class=\"ngg-gallery-slideshow-image\" style=\"height:400px\">\n\n        <a href=\"http:\/\/olasz-altisk.edu.hu\/weboldal\/wp-content\/gallery\/oromijaszversenyt-ivandardan\/Kep3.png\"\n           title=\"\"\n           data-src=\"http:\/\/olasz-altisk.edu.hu\/weboldal\/wp-content\/gallery\/oromijaszversenyt-ivandardan\/Kep3.png\"\n           data-thumbnail=\"http:\/\/olasz-altisk.edu.hu\/weboldal\/wp-content\/gallery\/oromijaszversenyt-ivandardan\/thumbs\/thumbs_Kep3.png\"\n           data-image-id=\"1555\"\n           data-title=\"Kep3\"\n           data-description=\"\"\n           class=\"ngg-fancybox\" rel=\"5a462170c137987fa844a2039134f23b\">\n\n            <img data-image-id='1555'\n                 title=\"\"\n                 alt=\"Kep3\"\n                 src=\"http:\/\/olasz-altisk.edu.hu\/weboldal\/wp-content\/gallery\/oromijaszversenyt-ivandardan\/Kep3.png\"\n                 style=\"max-height: 380px;\"\/>\n        <\/a>\n\n        <\/div> \n<div id=\"ngg-image-2\" class=\"ngg-gallery-slideshow-image\" style=\"height:400px\">\n\n        <a href=\"http:\/\/olasz-altisk.edu.hu\/weboldal\/wp-content\/gallery\/oromijaszversenyt-ivandardan\/Kep4.png\"\n           title=\"\"\n           data-src=\"http:\/\/olasz-altisk.edu.hu\/weboldal\/wp-content\/gallery\/oromijaszversenyt-ivandardan\/Kep4.png\"\n           data-thumbnail=\"http:\/\/olasz-altisk.edu.hu\/weboldal\/wp-content\/gallery\/oromijaszversenyt-ivandardan\/thumbs\/thumbs_Kep4.png\"\n           data-image-id=\"1556\"\n           data-title=\"Kep4\"\n           data-description=\"\"\n           class=\"ngg-fancybox\" rel=\"5a462170c137987fa844a2039134f23b\">\n\n            <img data-image-id='1556'\n                 title=\"\"\n                 alt=\"Kep4\"\n                 src=\"http:\/\/olasz-altisk.edu.hu\/weboldal\/wp-content\/gallery\/oromijaszversenyt-ivandardan\/Kep4.png\"\n                 style=\"max-height: 380px;\"\/>\n        <\/a>\n\n        <\/div> \n<div id=\"ngg-image-3\" class=\"ngg-gallery-slideshow-image\" style=\"height:400px\">\n\n        <a href=\"http:\/\/olasz-altisk.edu.hu\/weboldal\/wp-content\/gallery\/oromijaszversenyt-ivandardan\/Kep1.png\"\n           title=\"\"\n           data-src=\"http:\/\/olasz-altisk.edu.hu\/weboldal\/wp-content\/gallery\/oromijaszversenyt-ivandardan\/Kep1.png\"\n           data-thumbnail=\"http:\/\/olasz-altisk.edu.hu\/weboldal\/wp-content\/gallery\/oromijaszversenyt-ivandardan\/thumbs\/thumbs_Kep1.png\"\n           data-image-id=\"1557\"\n           data-title=\"Kep1\"\n           data-description=\"\"\n           class=\"ngg-fancybox\" rel=\"5a462170c137987fa844a2039134f23b\">\n\n            <img data-image-id='1557'\n                 title=\"\"\n                 alt=\"Kep1\"\n                 src=\"http:\/\/olasz-altisk.edu.hu\/weboldal\/wp-content\/gallery\/oromijaszversenyt-ivandardan\/Kep1.png\"\n                 style=\"max-height: 380px;\"\/>\n        <\/a>\n\n        <\/div> \n<\/div>\n\n\n\n\n","protected":false},"excerpt":{"rendered":"<p>\u00dajabb sikerek a Hun Ut\u00f3dok h\u00e1za t\u00e1j\u00e1n A tavaszi sz\u00fcnet utols\u00f3 el\u0151tti napj\u00e1n, \u00e1prilis 6-\u00e1n rendeztek \u00f6r\u00f6m\u00edj\u00e1szversenyt Iv\u00e1nd\u00e1rd\u00e1n. A sz\u00fcnetre val\u00f3 tekintettel egy kisebb csapattal vett\u00fcnk r\u00e9szt a versenyen. 20 db 3D-s c\u00e9l, 60 db leadott l\u00f6v\u00e9s versenyz\u0151kk\u00e9nt. Eredm\u00e9nyeink: T\u00f6rt\u00e9nelmi modern \u00edj gyermek ffi kateg\u00f3ria: I. helyezett: T\u00f3th-S\u00fct\u0151 Lehel; III. \u2026 <a class=\"continue-reading-link\" href=\"http:\/\/olasz-altisk.edu.hu\/weboldal\/?p=3922\"> Continue reading <span class=\"meta-nav\">&rarr; <\/span><\/a><\/p>\n","protected":false},"author":1,"featured_media":0,"comment_status":"closed","ping_status":"closed","sticky":false,"template":"","format":"standard","meta":{"ngg_post_thumbnail":0},"categories":[1],"tags":[],"_links":{"self":[{"href":"http:\/\/olasz-altisk.edu.hu\/weboldal\/index.php?rest_route=\/wp\/v2\/posts\/3922"}],"collection":[{"href":"http:\/\/olasz-altisk.edu.hu\/weboldal\/index.php?rest_route=\/wp\/v2\/posts"}],"about":[{"href":"http:\/\/olasz-altisk.edu.hu\/weboldal\/index.php?rest_route=\/wp\/v2\/types\/post"}],"author":[{"embeddable":true,"href":"http:\/\/olasz-altisk.edu.hu\/weboldal\/index.php?rest_route=\/wp\/v2\/users\/1"}],"replies":[{"embeddable":true,"href":"http:\/\/olasz-altisk.edu.hu\/weboldal\/index.php?rest_route=%2Fwp%2Fv2%2Fcomments&post=3922"}],"version-history":[{"count":3,"href":"http:\/\/olasz-altisk.edu.hu\/weboldal\/index.php?rest_route=\/wp\/v2\/posts\/3922\/revisions"}],"predecessor-version":[{"id":3930,"href":"http:\/\/olasz-altisk.edu.hu\/weboldal\/index.php?rest_route=\/wp\/v2\/posts\/3922\/revisions\/3930"}],"wp:attachment":[{"href":"http:\/\/olasz-altisk.edu.hu\/weboldal\/index.php?rest_route=%2Fwp%2Fv2%2Fmedia&parent=3922"}],"wp:term":[{"taxonomy":"category","embeddable":true,"href":"http:\/\/olasz-altisk.edu.hu\/weboldal\/index.php?rest_route=%2Fwp%2Fv2%2Fcategories&post=3922"},{"taxonomy":"post_tag","embeddable":true,"href":"http:\/\/olasz-altisk.edu.hu\/weboldal\/index.php?rest_route=%2Fwp%2Fv2%2Ftags&post=3922"}],"curies":[{"name":"wp","href":"https:\/\/api.w.org\/{rel}","templated":true}]}}