{"id":3932,"date":"2024-05-09T10:01:57","date_gmt":"2024-05-09T08:01:57","guid":{"rendered":"http:\/\/olasz-altisk.edu.hu\/weboldal\/?p=3932"},"modified":"2024-05-09T10:01:57","modified_gmt":"2024-05-09T08:01:57","slug":"baranya-ijasz-ii-fordulo-felsoegerszeg","status":"publish","type":"post","link":"http:\/\/olasz-altisk.edu.hu\/weboldal\/?p=3932","title":{"rendered":"Baranya \u00cdj\u00e1sz II. fordul\u00f3 Fels\u0151egerszeg"},"content":{"rendered":"\n<p class=\"has-text-align-left\">Az Apr\u00f3 Pat\u00e1k LSE Hun Ut\u00f3dok \u00cdj\u00e1sz Alszakoszt\u00e1ly\u00e1nak legutols\u00f3 megm\u00e9rettet\u00e9se Fels\u0151egerszegen volt 2024.\u00e1prilis 20-\u00e1n szombaton. A versenyen 12 f\u0151vel k\u00e9pviseltette mag\u00e1t a csapat.<\/p>\n\n\n\n<p class=\"has-text-align-left\"><strong>Eredm\u00e9nyeink:<\/strong><\/p>\n\n\n\n<p class=\"has-text-align-left\"><strong>Ffi gyerek tradi \u00edj \u00e9s f\u00fav\u00f3cs\u0151:<\/strong><\/p>\n\n\n\n<p class=\"has-text-align-left\">I. hely: T\u00f3th S\u00fct\u0151 Lehel<\/p>\n\n\n\n<p class=\"has-text-align-left\"><strong>Ffi gyerek tradi \u00edj:<\/strong><\/p>\n\n\n\n<p class=\"has-text-align-left\">III. hely: Kiss J\u00f3zsef Benj\u00e1min<\/p>\n\n\n\n<p class=\"has-text-align-left\"><strong>Ffi gyerek vad\u00e1szreflex \u00e9s f\u00fav\u00f3cs\u0151:<\/strong><\/p>\n\n\n\n<p class=\"has-text-align-left\">II. hely: Prim Bertalan N\u00e1ndor<\/p>\n\n\n\n<p class=\"has-text-align-left\"><strong>Ffi mini tradi \u00edj:<\/strong><\/p>\n\n\n\n<p class=\"has-text-align-left\">III. helyezett: Hafner-Hadas Csan\u00e1d<\/p>\n\n\n\n<p class=\"has-text-align-left\">IV. helyezett: Zsoldos S\u00e1ndor<\/p>\n\n\n\n<p class=\"has-text-align-left\"><strong>Ffi mini f\u00fav\u00f3cs\u0151:<\/strong><\/p>\n\n\n\n<p class=\"has-text-align-left\">I. helyezett: Zsoldos S\u00e1ndor<\/p>\n\n\n\n<p class=\"has-text-align-left\">II. helyezett: Hafner-Hadas Csan\u00e1d<\/p>\n\n\n\n<p class=\"has-text-align-left\"><strong>N\u0151i ifi tradi \u00edj:<\/strong><\/p>\n\n\n\n<p class=\"has-text-align-left\">IV. hely: Kis-Peti Luca<\/p>\n\n\n\n<p class=\"has-text-align-left\"><strong>N\u0151i ifi f\u00fav\u00f3cs\u0151:<\/strong><\/p>\n\n\n\n<p class=\"has-text-align-left\">I. hely: Kis-Peti Luca<\/p>\n\n\n\n<p class=\"has-text-align-left\"><strong>N\u0151i mini tradi \u00edj:<\/strong><\/p>\n\n\n\n<p class=\"has-text-align-left\">I. hely: Hafner-Hadas Panni<\/p>\n\n\n\n<p class=\"has-text-align-left\">II. hely: S\u00e1ndor Vikt\u00f3ria N\u00e1rcisz<\/p>\n\n\n\n<p class=\"has-text-align-left\"><strong>N\u0151i mini f\u00fav\u00f3cs\u0151:<\/strong><\/p>\n\n\n\n<p class=\"has-text-align-left\">I. hely: Hafner-Hadas Panni<\/p>\n\n\n\n<p class=\"has-text-align-left\">\u00d6r\u00f6m\u00fcnkre szolg\u00e1l, hogy a csapat megint ilyen sz\u00e9p eredm\u00e9nnyel szerepelt. Hajr\u00e1 Hun Ut\u00f3dok!<\/p>\n\n\n\n<p class=\"has-text-align-left\">Legk\u00f6zelebb Szigetv\u00e1r v\u00e1r\u00e1t kell bevenni &#x1f60a;<\/p>\n\n\n\n\n\n<div class=\"ngg-galleryoverview ngg-slideshow\"\n\t id=\"ngg-slideshow-04c78af44e17d7e21b70305664232252-5921437410\"\n     data-gallery-id=\"04c78af44e17d7e21b70305664232252\"\n     style=\"max-width: 600px; max-height: 400px;\">\n\n \t<div id=\"ngg-image-0\" class=\"ngg-gallery-slideshow-image\" style=\"height:400px\">\n\n        <a href=\"http:\/\/olasz-altisk.edu.hu\/weboldal\/wp-content\/gallery\/baranya-ijasz-ii-fordulo-felsoegerszeg\/Kep4.png\"\n           title=\"\"\n           data-src=\"http:\/\/olasz-altisk.edu.hu\/weboldal\/wp-content\/gallery\/baranya-ijasz-ii-fordulo-felsoegerszeg\/Kep4.png\"\n           data-thumbnail=\"http:\/\/olasz-altisk.edu.hu\/weboldal\/wp-content\/gallery\/baranya-ijasz-ii-fordulo-felsoegerszeg\/thumbs\/thumbs_Kep4.png\"\n           data-image-id=\"1558\"\n           data-title=\"Kep4\"\n           data-description=\"\"\n           class=\"ngg-fancybox\" rel=\"04c78af44e17d7e21b70305664232252\">\n\n            <img data-image-id='1558'\n                 title=\"\"\n                 alt=\"Kep4\"\n                 src=\"http:\/\/olasz-altisk.edu.hu\/weboldal\/wp-content\/gallery\/baranya-ijasz-ii-fordulo-felsoegerszeg\/Kep4.png\"\n                 style=\"max-height: 380px;\"\/>\n        <\/a>\n\n        <\/div> \n<div id=\"ngg-image-1\" class=\"ngg-gallery-slideshow-image\" style=\"height:400px\">\n\n        <a href=\"http:\/\/olasz-altisk.edu.hu\/weboldal\/wp-content\/gallery\/baranya-ijasz-ii-fordulo-felsoegerszeg\/Kep3.png\"\n           title=\"\"\n           data-src=\"http:\/\/olasz-altisk.edu.hu\/weboldal\/wp-content\/gallery\/baranya-ijasz-ii-fordulo-felsoegerszeg\/Kep3.png\"\n           data-thumbnail=\"http:\/\/olasz-altisk.edu.hu\/weboldal\/wp-content\/gallery\/baranya-ijasz-ii-fordulo-felsoegerszeg\/thumbs\/thumbs_Kep3.png\"\n           data-image-id=\"1559\"\n           data-title=\"Kep3\"\n           data-description=\"\"\n           class=\"ngg-fancybox\" rel=\"04c78af44e17d7e21b70305664232252\">\n\n            <img data-image-id='1559'\n                 title=\"\"\n                 alt=\"Kep3\"\n                 src=\"http:\/\/olasz-altisk.edu.hu\/weboldal\/wp-content\/gallery\/baranya-ijasz-ii-fordulo-felsoegerszeg\/Kep3.png\"\n                 style=\"max-height: 380px;\"\/>\n        <\/a>\n\n        <\/div> \n<div id=\"ngg-image-2\" class=\"ngg-gallery-slideshow-image\" style=\"height:400px\">\n\n        <a href=\"http:\/\/olasz-altisk.edu.hu\/weboldal\/wp-content\/gallery\/baranya-ijasz-ii-fordulo-felsoegerszeg\/Kep2.png\"\n           title=\"\"\n           data-src=\"http:\/\/olasz-altisk.edu.hu\/weboldal\/wp-content\/gallery\/baranya-ijasz-ii-fordulo-felsoegerszeg\/Kep2.png\"\n           data-thumbnail=\"http:\/\/olasz-altisk.edu.hu\/weboldal\/wp-content\/gallery\/baranya-ijasz-ii-fordulo-felsoegerszeg\/thumbs\/thumbs_Kep2.png\"\n           data-image-id=\"1560\"\n           data-title=\"Kep2\"\n           data-description=\"\"\n           class=\"ngg-fancybox\" rel=\"04c78af44e17d7e21b70305664232252\">\n\n            <img data-image-id='1560'\n                 title=\"\"\n                 alt=\"Kep2\"\n                 src=\"http:\/\/olasz-altisk.edu.hu\/weboldal\/wp-content\/gallery\/baranya-ijasz-ii-fordulo-felsoegerszeg\/Kep2.png\"\n                 style=\"max-height: 380px;\"\/>\n        <\/a>\n\n        <\/div> \n<div id=\"ngg-image-3\" class=\"ngg-gallery-slideshow-image\" style=\"height:400px\">\n\n        <a href=\"http:\/\/olasz-altisk.edu.hu\/weboldal\/wp-content\/gallery\/baranya-ijasz-ii-fordulo-felsoegerszeg\/Kep1.png\"\n           title=\"\"\n           data-src=\"http:\/\/olasz-altisk.edu.hu\/weboldal\/wp-content\/gallery\/baranya-ijasz-ii-fordulo-felsoegerszeg\/Kep1.png\"\n           data-thumbnail=\"http:\/\/olasz-altisk.edu.hu\/weboldal\/wp-content\/gallery\/baranya-ijasz-ii-fordulo-felsoegerszeg\/thumbs\/thumbs_Kep1.png\"\n           data-image-id=\"1561\"\n           data-title=\"Kep1\"\n           data-description=\"\"\n           class=\"ngg-fancybox\" rel=\"04c78af44e17d7e21b70305664232252\">\n\n            <img data-image-id='1561'\n                 title=\"\"\n                 alt=\"Kep1\"\n                 src=\"http:\/\/olasz-altisk.edu.hu\/weboldal\/wp-content\/gallery\/baranya-ijasz-ii-fordulo-felsoegerszeg\/Kep1.png\"\n                 style=\"max-height: 380px;\"\/>\n        <\/a>\n\n        <\/div> \n<\/div>\n\n\n\n\n","protected":false},"excerpt":{"rendered":"<p>Az Apr\u00f3 Pat\u00e1k LSE Hun Ut\u00f3dok \u00cdj\u00e1sz Alszakoszt\u00e1ly\u00e1nak legutols\u00f3 megm\u00e9rettet\u00e9se Fels\u0151egerszegen volt 2024.\u00e1prilis 20-\u00e1n szombaton. A versenyen 12 f\u0151vel k\u00e9pviseltette mag\u00e1t a csapat. Eredm\u00e9nyeink: Ffi gyerek tradi \u00edj \u00e9s f\u00fav\u00f3cs\u0151: I. hely: T\u00f3th S\u00fct\u0151 Lehel Ffi gyerek tradi \u00edj: III. hely: Kiss J\u00f3zsef Benj\u00e1min Ffi gyerek vad\u00e1szreflex \u00e9s f\u00fav\u00f3cs\u0151: II. \u2026 <a class=\"continue-reading-link\" href=\"http:\/\/olasz-altisk.edu.hu\/weboldal\/?p=3932\"> Continue reading <span class=\"meta-nav\">&rarr; <\/span><\/a><\/p>\n","protected":false},"author":1,"featured_media":0,"comment_status":"closed","ping_status":"closed","sticky":false,"template":"","format":"standard","meta":{"ngg_post_thumbnail":0},"categories":[1],"tags":[],"_links":{"self":[{"href":"http:\/\/olasz-altisk.edu.hu\/weboldal\/index.php?rest_route=\/wp\/v2\/posts\/3932"}],"collection":[{"href":"http:\/\/olasz-altisk.edu.hu\/weboldal\/index.php?rest_route=\/wp\/v2\/posts"}],"about":[{"href":"http:\/\/olasz-altisk.edu.hu\/weboldal\/index.php?rest_route=\/wp\/v2\/types\/post"}],"author":[{"embeddable":true,"href":"http:\/\/olasz-altisk.edu.hu\/weboldal\/index.php?rest_route=\/wp\/v2\/users\/1"}],"replies":[{"embeddable":true,"href":"http:\/\/olasz-altisk.edu.hu\/weboldal\/index.php?rest_route=%2Fwp%2Fv2%2Fcomments&post=3932"}],"version-history":[{"count":9,"href":"http:\/\/olasz-altisk.edu.hu\/weboldal\/index.php?rest_route=\/wp\/v2\/posts\/3932\/revisions"}],"predecessor-version":[{"id":3946,"href":"http:\/\/olasz-altisk.edu.hu\/weboldal\/index.php?rest_route=\/wp\/v2\/posts\/3932\/revisions\/3946"}],"wp:attachment":[{"href":"http:\/\/olasz-altisk.edu.hu\/weboldal\/index.php?rest_route=%2Fwp%2Fv2%2Fmedia&parent=3932"}],"wp:term":[{"taxonomy":"category","embeddable":true,"href":"http:\/\/olasz-altisk.edu.hu\/weboldal\/index.php?rest_route=%2Fwp%2Fv2%2Fcategories&post=3932"},{"taxonomy":"post_tag","embeddable":true,"href":"http:\/\/olasz-altisk.edu.hu\/weboldal\/index.php?rest_route=%2Fwp%2Fv2%2Ftags&post=3932"}],"curies":[{"name":"wp","href":"https:\/\/api.w.org\/{rel}","templated":true}]}}