{"id":3999,"date":"2024-05-21T19:47:57","date_gmt":"2024-05-21T17:47:57","guid":{"rendered":"http:\/\/olasz-altisk.edu.hu\/weboldal\/?p=3999"},"modified":"2024-05-21T19:47:57","modified_gmt":"2024-05-21T17:47:57","slug":"budapesti-orszagos-strandroplabda-diakolimpia","status":"publish","type":"post","link":"http:\/\/olasz-altisk.edu.hu\/weboldal\/?p=3999","title":{"rendered":"Budapesti Orsz\u00e1gos strandr\u00f6plabda di\u00e1kolimpia"},"content":{"rendered":"\n<p>\u00dajabb brav\u00faros olaszi sportsiker! Budapesten az Orsz\u00e1gos strandr\u00f6plabda di\u00e1kolimpi\u00e1n fi\u00fa csapataink III. \u00e9s IV. korcsoportban az el\u0151kel\u0151 5. helyez\u00e9st \u00e9rt\u00e9k el. 30 csapat indult a megm\u00e9rettet\u00e9sen, de a fi\u00fak nem riadtak meg, teljes er\u0151bedob\u00e1ssal k\u00fczd\u00f6ttek. F\u00e1radtan de nagyon boldogan \u00e9rtek haza. Nagy szeretettel gratul\u00e1lunk nekik, \u00e9s felk\u00e9sz\u00edt\u0151 tan\u00e1ruknak, Szendr\u0151 Zolt\u00e1nnak!<\/p>\n\n\n\n<p>K\u00f6sz\u00f6nj\u00fck mindazoknak, akik seg\u00edts\u00e9g\u00fckkel t\u00e1mogatt\u00e1k ezt az esem\u00e9nyt!<\/p>\n\n\n\n<figure class=\"wp-block-gallery has-nested-images columns-default is-cropped wp-block-gallery-1 is-layout-flex\">\n<figure class=\"wp-block-image size-large\"><a href=\"http:\/\/olasz-altisk.edu.hu\/weboldal\/wp-content\/uploads\/188110ac-76ee-4ca1-bb1e-455539b451d0.jpg\"><img decoding=\"async\" loading=\"lazy\" width=\"1024\" height=\"862\" data-id=\"4000\"  src=\"http:\/\/olasz-altisk.edu.hu\/weboldal\/wp-content\/uploads\/188110ac-76ee-4ca1-bb1e-455539b451d0-1024x862.jpg\" alt=\"\" class=\"wp-image-4000\" srcset=\"http:\/\/olasz-altisk.edu.hu\/weboldal\/wp-content\/uploads\/188110ac-76ee-4ca1-bb1e-455539b451d0-1024x862.jpg 1024w, http:\/\/olasz-altisk.edu.hu\/weboldal\/wp-content\/uploads\/188110ac-76ee-4ca1-bb1e-455539b451d0-300x253.jpg 300w, http:\/\/olasz-altisk.edu.hu\/weboldal\/wp-content\/uploads\/188110ac-76ee-4ca1-bb1e-455539b451d0-768x646.jpg 768w, http:\/\/olasz-altisk.edu.hu\/weboldal\/wp-content\/uploads\/188110ac-76ee-4ca1-bb1e-455539b451d0-150x126.jpg 150w, http:\/\/olasz-altisk.edu.hu\/weboldal\/wp-content\/uploads\/188110ac-76ee-4ca1-bb1e-455539b451d0-178x150.jpg 178w, http:\/\/olasz-altisk.edu.hu\/weboldal\/wp-content\/uploads\/188110ac-76ee-4ca1-bb1e-455539b451d0.jpg 1365w\" sizes=\"(max-width: 1024px) 100vw, 1024px\" \/><\/a><\/figure>\n\n\n\n<figure class=\"wp-block-image size-large\"><a href=\"http:\/\/olasz-altisk.edu.hu\/weboldal\/wp-content\/uploads\/88825327-8ecc-49ba-b79b-75f02badb36e.jpg\"><img decoding=\"async\" loading=\"lazy\" width=\"1024\" height=\"911\" data-id=\"4001\"  src=\"http:\/\/olasz-altisk.edu.hu\/weboldal\/wp-content\/uploads\/88825327-8ecc-49ba-b79b-75f02badb36e-1024x911.jpg\" alt=\"\" class=\"wp-image-4001\" srcset=\"http:\/\/olasz-altisk.edu.hu\/weboldal\/wp-content\/uploads\/88825327-8ecc-49ba-b79b-75f02badb36e-1024x911.jpg 1024w, http:\/\/olasz-altisk.edu.hu\/weboldal\/wp-content\/uploads\/88825327-8ecc-49ba-b79b-75f02badb36e-300x267.jpg 300w, http:\/\/olasz-altisk.edu.hu\/weboldal\/wp-content\/uploads\/88825327-8ecc-49ba-b79b-75f02badb36e-768x683.jpg 768w, http:\/\/olasz-altisk.edu.hu\/weboldal\/wp-content\/uploads\/88825327-8ecc-49ba-b79b-75f02badb36e-150x133.jpg 150w, http:\/\/olasz-altisk.edu.hu\/weboldal\/wp-content\/uploads\/88825327-8ecc-49ba-b79b-75f02badb36e-169x150.jpg 169w, http:\/\/olasz-altisk.edu.hu\/weboldal\/wp-content\/uploads\/88825327-8ecc-49ba-b79b-75f02badb36e.jpg 1536w\" sizes=\"(max-width: 1024px) 100vw, 1024px\" \/><\/a><\/figure>\n<\/figure>\n","protected":false},"excerpt":{"rendered":"<p>\u00dajabb brav\u00faros olaszi sportsiker! Budapesten az Orsz\u00e1gos strandr\u00f6plabda di\u00e1kolimpi\u00e1n fi\u00fa csapataink III. \u00e9s IV. korcsoportban az el\u0151kel\u0151 5. helyez\u00e9st \u00e9rt\u00e9k el. 30 csapat indult a megm\u00e9rettet\u00e9sen, de a fi\u00fak nem riadtak meg, teljes er\u0151bedob\u00e1ssal k\u00fczd\u00f6ttek. F\u00e1radtan de nagyon boldogan \u00e9rtek haza. Nagy szeretettel gratul\u00e1lunk nekik, \u00e9s felk\u00e9sz\u00edt\u0151 tan\u00e1ruknak, Szendr\u0151 Zolt\u00e1nnak! \u2026 <a class=\"continue-reading-link\" href=\"http:\/\/olasz-altisk.edu.hu\/weboldal\/?p=3999\"> Continue reading <span class=\"meta-nav\">&rarr; <\/span><\/a><\/p>\n","protected":false},"author":1,"featured_media":0,"comment_status":"closed","ping_status":"closed","sticky":false,"template":"","format":"standard","meta":{"ngg_post_thumbnail":0},"categories":[1],"tags":[],"_links":{"self":[{"href":"http:\/\/olasz-altisk.edu.hu\/weboldal\/index.php?rest_route=\/wp\/v2\/posts\/3999"}],"collection":[{"href":"http:\/\/olasz-altisk.edu.hu\/weboldal\/index.php?rest_route=\/wp\/v2\/posts"}],"about":[{"href":"http:\/\/olasz-altisk.edu.hu\/weboldal\/index.php?rest_route=\/wp\/v2\/types\/post"}],"author":[{"embeddable":true,"href":"http:\/\/olasz-altisk.edu.hu\/weboldal\/index.php?rest_route=\/wp\/v2\/users\/1"}],"replies":[{"embeddable":true,"href":"http:\/\/olasz-altisk.edu.hu\/weboldal\/index.php?rest_route=%2Fwp%2Fv2%2Fcomments&post=3999"}],"version-history":[{"count":2,"href":"http:\/\/olasz-altisk.edu.hu\/weboldal\/index.php?rest_route=\/wp\/v2\/posts\/3999\/revisions"}],"predecessor-version":[{"id":4003,"href":"http:\/\/olasz-altisk.edu.hu\/weboldal\/index.php?rest_route=\/wp\/v2\/posts\/3999\/revisions\/4003"}],"wp:attachment":[{"href":"http:\/\/olasz-altisk.edu.hu\/weboldal\/index.php?rest_route=%2Fwp%2Fv2%2Fmedia&parent=3999"}],"wp:term":[{"taxonomy":"category","embeddable":true,"href":"http:\/\/olasz-altisk.edu.hu\/weboldal\/index.php?rest_route=%2Fwp%2Fv2%2Fcategories&post=3999"},{"taxonomy":"post_tag","embeddable":true,"href":"http:\/\/olasz-altisk.edu.hu\/weboldal\/index.php?rest_route=%2Fwp%2Fv2%2Ftags&post=3999"}],"curies":[{"name":"wp","href":"https:\/\/api.w.org\/{rel}","templated":true}]}}