{"id":4098,"date":"2024-06-04T15:47:48","date_gmt":"2024-06-04T13:47:48","guid":{"rendered":"http:\/\/olasz-altisk.edu.hu\/weboldal\/?p=4098"},"modified":"2024-06-04T15:47:48","modified_gmt":"2024-06-04T13:47:48","slug":"harsanyi-csata-emlekere-tortenelmi-vetelkedo","status":"publish","type":"post","link":"http:\/\/olasz-altisk.edu.hu\/weboldal\/?p=4098","title":{"rendered":"Hars\u00e1nyi-csata eml\u00e9k\u00e9re t\u00f6rt\u00e9nelmi vet\u00e9lked\u0151"},"content":{"rendered":"\n<p>2024. m\u00e1jus 15-\u00e9n a Hars\u00e1nyi-csata eml\u00e9k\u00e9re t\u00f6rt\u00e9nelmi vet\u00e9lked\u0151n vett\u00fcnk r\u00e9szt a Nagyhars\u00e1nyi \u00c1ltal\u00e1nos Iskol\u00e1ban. 18 iskola indult, melyek k\u00f6z\u00fcl a 4. helyez\u00e9st \u00e9rt\u00fck el.<\/p>\n\n\n\n<p>A 6. oszt\u00e1lyb\u00f3l: Antal Vivien, Gajd\u00e1csi Kamilla, Sz\u0171cs Adrienn vettek r\u00e9szt a vet\u00e9lked\u0151n.<\/p>\n\n\n\n<p>Felk\u00e9sz\u00edt\u0151tan\u00e1ruk: Dukai Zolt\u00e1n<\/p>\n\n\n\n\n\n<div class=\"ngg-galleryoverview ngg-slideshow\"\n\t id=\"ngg-slideshow-8fa85a1b5b9b8b831566e9f3b6acad9c-1632503410\"\n     data-gallery-id=\"8fa85a1b5b9b8b831566e9f3b6acad9c\"\n     style=\"max-width: 600px; max-height: 400px;\">\n\n \t<div id=\"ngg-image-0\" class=\"ngg-gallery-slideshow-image\" style=\"height:400px\">\n\n        <a href=\"http:\/\/olasz-altisk.edu.hu\/weboldal\/wp-content\/gallery\/harsanyi-csata-emlekere-tortenelmi-vetelkedo\/436283183_1638914170255393_4907199862257224629_n.jpg\"\n           title=\"\"\n           data-src=\"http:\/\/olasz-altisk.edu.hu\/weboldal\/wp-content\/gallery\/harsanyi-csata-emlekere-tortenelmi-vetelkedo\/436283183_1638914170255393_4907199862257224629_n.jpg\"\n           data-thumbnail=\"http:\/\/olasz-altisk.edu.hu\/weboldal\/wp-content\/gallery\/harsanyi-csata-emlekere-tortenelmi-vetelkedo\/thumbs\/thumbs_436283183_1638914170255393_4907199862257224629_n.jpg\"\n           data-image-id=\"1666\"\n           data-title=\"436283183_1638914170255393_4907199862257224629_n\"\n           data-description=\"\"\n           class=\"ngg-fancybox\" rel=\"8fa85a1b5b9b8b831566e9f3b6acad9c\">\n\n            <img data-image-id='1666'\n                 title=\"\"\n                 alt=\"436283183_1638914170255393_4907199862257224629_n\"\n                 src=\"http:\/\/olasz-altisk.edu.hu\/weboldal\/wp-content\/gallery\/harsanyi-csata-emlekere-tortenelmi-vetelkedo\/436283183_1638914170255393_4907199862257224629_n.jpg\"\n                 style=\"max-height: 380px;\"\/>\n        <\/a>\n\n        <\/div> \n<div id=\"ngg-image-1\" class=\"ngg-gallery-slideshow-image\" style=\"height:400px\">\n\n        <a href=\"http:\/\/olasz-altisk.edu.hu\/weboldal\/wp-content\/gallery\/harsanyi-csata-emlekere-tortenelmi-vetelkedo\/441350815_979853293808860_9125119089845126861_n.jpg\"\n           title=\"\"\n           data-src=\"http:\/\/olasz-altisk.edu.hu\/weboldal\/wp-content\/gallery\/harsanyi-csata-emlekere-tortenelmi-vetelkedo\/441350815_979853293808860_9125119089845126861_n.jpg\"\n           data-thumbnail=\"http:\/\/olasz-altisk.edu.hu\/weboldal\/wp-content\/gallery\/harsanyi-csata-emlekere-tortenelmi-vetelkedo\/thumbs\/thumbs_441350815_979853293808860_9125119089845126861_n.jpg\"\n           data-image-id=\"1667\"\n           data-title=\"441350815_979853293808860_9125119089845126861_n\"\n           data-description=\"\"\n           class=\"ngg-fancybox\" rel=\"8fa85a1b5b9b8b831566e9f3b6acad9c\">\n\n            <img data-image-id='1667'\n                 title=\"\"\n                 alt=\"441350815_979853293808860_9125119089845126861_n\"\n                 src=\"http:\/\/olasz-altisk.edu.hu\/weboldal\/wp-content\/gallery\/harsanyi-csata-emlekere-tortenelmi-vetelkedo\/441350815_979853293808860_9125119089845126861_n.jpg\"\n                 style=\"max-height: 380px;\"\/>\n        <\/a>\n\n        <\/div> \n<\/div>\n\n\n\n\n","protected":false},"excerpt":{"rendered":"<p>2024. m\u00e1jus 15-\u00e9n a Hars\u00e1nyi-csata eml\u00e9k\u00e9re t\u00f6rt\u00e9nelmi vet\u00e9lked\u0151n vett\u00fcnk r\u00e9szt a Nagyhars\u00e1nyi \u00c1ltal\u00e1nos Iskol\u00e1ban. 18 iskola indult, melyek k\u00f6z\u00fcl a 4. helyez\u00e9st \u00e9rt\u00fck el. A 6. oszt\u00e1lyb\u00f3l: Antal Vivien, Gajd\u00e1csi Kamilla, Sz\u0171cs Adrienn vettek r\u00e9szt a vet\u00e9lked\u0151n. Felk\u00e9sz\u00edt\u0151tan\u00e1ruk: Dukai Zolt\u00e1n<\/p>\n","protected":false},"author":1,"featured_media":0,"comment_status":"closed","ping_status":"closed","sticky":false,"template":"","format":"standard","meta":{"ngg_post_thumbnail":0},"categories":[1],"tags":[],"_links":{"self":[{"href":"http:\/\/olasz-altisk.edu.hu\/weboldal\/index.php?rest_route=\/wp\/v2\/posts\/4098"}],"collection":[{"href":"http:\/\/olasz-altisk.edu.hu\/weboldal\/index.php?rest_route=\/wp\/v2\/posts"}],"about":[{"href":"http:\/\/olasz-altisk.edu.hu\/weboldal\/index.php?rest_route=\/wp\/v2\/types\/post"}],"author":[{"embeddable":true,"href":"http:\/\/olasz-altisk.edu.hu\/weboldal\/index.php?rest_route=\/wp\/v2\/users\/1"}],"replies":[{"embeddable":true,"href":"http:\/\/olasz-altisk.edu.hu\/weboldal\/index.php?rest_route=%2Fwp%2Fv2%2Fcomments&post=4098"}],"version-history":[{"count":1,"href":"http:\/\/olasz-altisk.edu.hu\/weboldal\/index.php?rest_route=\/wp\/v2\/posts\/4098\/revisions"}],"predecessor-version":[{"id":4102,"href":"http:\/\/olasz-altisk.edu.hu\/weboldal\/index.php?rest_route=\/wp\/v2\/posts\/4098\/revisions\/4102"}],"wp:attachment":[{"href":"http:\/\/olasz-altisk.edu.hu\/weboldal\/index.php?rest_route=%2Fwp%2Fv2%2Fmedia&parent=4098"}],"wp:term":[{"taxonomy":"category","embeddable":true,"href":"http:\/\/olasz-altisk.edu.hu\/weboldal\/index.php?rest_route=%2Fwp%2Fv2%2Fcategories&post=4098"},{"taxonomy":"post_tag","embeddable":true,"href":"http:\/\/olasz-altisk.edu.hu\/weboldal\/index.php?rest_route=%2Fwp%2Fv2%2Ftags&post=4098"}],"curies":[{"name":"wp","href":"https:\/\/api.w.org\/{rel}","templated":true}]}}