{"id":4104,"date":"2024-06-06T11:38:54","date_gmt":"2024-06-06T09:38:54","guid":{"rendered":"http:\/\/olasz-altisk.edu.hu\/weboldal\/?p=4104"},"modified":"2024-06-06T11:38:54","modified_gmt":"2024-06-06T09:38:54","slug":"mentorkert-nyilt-nap-az-olaszi-altalanos-iskolaban","status":"publish","type":"post","link":"http:\/\/olasz-altisk.edu.hu\/weboldal\/?p=4104","title":{"rendered":"Mentorkert ny\u00edlt nap az Olaszi \u00c1ltal\u00e1nos Iskol\u00e1ban"},"content":{"rendered":"\n<p>2024. m\u00e1jus 30-\u00e1n vend\u00e9gek \u00e9rkeztek iskol\u00e1nkba, mivel a Mentorkert Program keret\u00e9ben iskol\u00e1nk id\u00e9n elnyerte a mentorkert min\u0151s\u00edt\u00e9st. Ezt a c\u00edmet orsz\u00e1gosan csak 3 iskola kapta meg id\u00e9n, \u00edgy nagy elismer\u00e9s, hogy iskol\u00e1nk is k\u00f6zt\u00fck lehet. Nagy \u00f6r\u00f6m\u00fcnkre t\u00f6bb int\u00e9zm\u00e9nyb\u0151l is elfogadt\u00e1k megh\u00edv\u00e1sunkat. Itt voltak a Moh\u00e1csi Tanker\u00fclet int\u00e9zm\u00e9nyein k\u00edv\u00fcl, P\u00e9csi iskol\u00e1kb\u00f3l, B\u00f3lyi EGYMI-b\u0151l, tan\u00e1rok, tan\u00edt\u00f3k az \u00f3voda \u00f3v\u00f3n\u0151i, hitoktat\u00f3, \u00e9s a P\u00e9csi POK szaktan\u00e1csad\u00f3ja is. Iskol\u00e1nk igazgat\u00f3n\u0151je, a helyettes asszony, illetve a kertvezet\u0151 koll\u00e9gan\u0151 vezette k\u00f6rbe a vend\u00e9geket a kertben, gy\u00fcm\u00f6lcs\u00f6sben, m\u00e9hlegel\u0151n, \u00e1llatbar\u00e1t tan\u00f6sv\u00e9nyen, \u00f6kotemet\u0151ben, f\u0171szerkertben \u00e9s az egy\u00e9b szabadt\u00e9ri ter\u00fcleteken. Elmondt\u00e1k, hogy az iskolakert nem \u00fajdons\u00e1g n\u00e1lunk, t\u00f6bb \u00e9vtizede foglalkozunk ezzel a tev\u00e9kenys\u00e9ggel k\u00fcl\u00f6nb\u00f6z\u0151 form\u00e1ban.<\/p>\n\n\n\n<p>Di\u00e1kjaink szeretnek a kertben dolgozni, sz\u00edvesen v\u00e9gzik a fizikai munk\u00e1t. Id\u00e9n alak\u00edtottuk ki az \u00e1llatbar\u00e1t tan\u00f6sv\u00e9nyt, kor\u00e1bbi \u00e9vekben magas\u00e1gy\u00e1st k\u00e9sz\u00edtett\u00fcnk, ennek el\u0151nyeit is megtapasztalhatj\u00e1k a gyerekek.&nbsp; A kertben k\u00fcl\u00f6nb\u00f6z\u0151 j\u00e1t\u00e9kos, de inform\u00e1ci\u00f3t ad\u00f3 feladatokat is meg lehet oldani: pl. a f\u00e1kra el\u0151zetesen feler\u0151s\u00edtett k\u00e9peken a madarakat felismerni (melyik lehet a mi kert\u00fcnkben is?), \u00e1llati l\u00e1bnyomok k\u00e9pei vezethettek a k\u00f6vetkez\u0151 feladathoz, k\u00fcl\u00f6nb\u00f6z\u0151 magok, term\u00e9sek felismer\u00e9se, stb. P\u00e1r ilyen feladatot be is mutattak a gyerekek, \u00e9s m\u00e9g a vend\u00e9gek is j\u00e1tszottak.<\/p>\n\n\n\n<p>Laklia Barbara tan\u00edt\u00f3n\u0151 adott t\u00e1j\u00e9koztat\u00e1st a kerti munk\u00e1latokr\u00f3l \u00e9s egy als\u00f3s csoporttal k\u00fcl\u00f6nb\u00f6z\u0151 haszn\u00e1lati t\u00e1rgyakat is k\u00e9sz\u00edtettek: teafiltert a gy\u00f3gyn\u00f6v\u00e9nyte\u00e1nak, magt\u00e1rol\u00f3 tasakokat, magvet\u0151 cs\u00edkokat. Iskol\u00e1nk az elnyert mentor t\u00e1mogat\u00e1s keret\u00e9ben a feldolgoz\u00e1st seg\u00edt\u0151 eszk\u00f6z\u00f6ket ig\u00e9nyelt, de m\u00e1r id\u00e9n is megkezdt\u00fck a term\u00e9nyek feldolgoz\u00e1s\u00e1t: illatzokninyuszik, bio lekv\u00e1rok, harisny\u00e1b\u00f3l k\u00e9sz\u00fclt snidling fejek, \u00e9s kerti t\u00e1rsas form\u00e1j\u00e1ban. Ezekkel a term\u00e9keinkkel id\u00e9n a Di\u00e1kv\u00e1llalkoz\u00e1sok orsz\u00e1gos v\u00e1s\u00e1r\u00e1n a legjobb term\u00e9k d\u00edjat el is nyert\u00fck. A r\u00e9sztvev\u0151k elismer\u00e9ssel nyilatkoztak err\u0151l a munk\u00e1r\u00f3l is, kiemelve, mennyire fontos a di\u00e1kok \u00e9letre nevel\u00e9se, a gazdas\u00e1gi ismeretek be\u00e9p\u00edt\u00e9se a tananyagba.<\/p>\n\n\n\n<p>Kerner Kl\u00e1ra hitoktat\u00f3 koll\u00e9gan\u0151 az un. Bibliai kert\u00fcnket mutatta be gyerekek k\u00f6zrem\u0171k\u00f6d\u00e9s\u00e9vel. A kert \u00e9rdekess\u00e9ge, hogy nem \u00f6nt\u00f6zik, m\u00e9gis sz\u00e9pen fejl\u0151dnek a k\u00fcl\u00f6nb\u00f6z\u0151 n\u00f6v\u00e9nyek pl. bors\u00f3. L\u00e1tsz\u00f3lag gazos a kert ter\u00fclete, de ennek t\u00f6bb oka is van , els\u0151sorban \u00edgy jobban megtartja a f\u00f6ld a nedvess\u00e9get, illetve a ter\u00fclet m\u00e9hlegel\u0151k\u00e9nt is szolg\u00e1l.<\/p>\n\n\n\n<p>Vend\u00e9geink megtekintett\u00e9k a fel\u00faj\u00edtott \u00f6kotemet\u0151nket is, melynek fejf\u00e1ira fel van \u00edrva, hogy az el\u00e1sott hullad\u00e9k h\u00e1ny \u00e9v alatt bomlik le. A gyerekekkel t\u00f6bbf\u00e9le \u00f3ra t\u00e9m\u00e1j\u00e1hoz kapcsol\u00f3dva id\u0151nk\u00e9nt ki\u00e1sunk egy-egy \u201es\u00edrt\u201d, hogy megn\u00e9zz\u00fck, hol tart a boml\u00e1si folyamat.<\/p>\n\n\n\n<p>K\u00e9t tan\u00f3r\u00e1t is tartottunk a szabadban, a kerti padokon. Egy als\u00f3s digit\u00e1lis kult\u00fara \u00f3r\u00e1t K\u00e9m\u00e9ndin\u00e9 Ferenczi Hajnalka koll\u00e9gan\u0151 vezet\u00e9s\u00e9vel \u00e9s egy fels\u0151s magyar\u00f3r\u00e1t Ny\u00faln\u00e9 Simon \u00c1gnes tan\u00e1rn\u0151 ir\u00e1ny\u00edt\u00e1s\u00e1val.<br>A digit\u00e1lis kult\u00fara \u00f3r\u00e1n a robotika, k\u00f3dfejt\u00e9s, (hagyom\u00e1nyos, \u00e9s a f\u00e1kr\u00f3l sz\u00f3l\u00f3 versek QR k\u00f3ros) volt a t\u00e9ma, elektromos eszk\u00f6z\u00f6k n\u00e9lk\u00fcl. A magyar\u00f3ra a komplexit\u00e1s jegy\u00e9ben a term\u00e9szethez kapcsol\u00f3d\u00f3 izgalmas feladatokkal dolgozta fel az irodalmi, nyelvtani, \u00e9s a n\u00e9pdalok vil\u00e1g\u00e1nak tant\u00e1rgyi tartalmait.<\/p>\n\n\n\n<p>Vend\u00e9geink t\u00e1j\u00e9koztat\u00e1st kaptak az \u00f3voda-iskola \u00e1tmenet \u00faj koncepci\u00f3j\u00e1r\u00f3l is. Mivel az \u00f3voda nagyon k\u00f6zel van, \u00e9s egy sz\u00e9p ligetes r\u00e9szen lehet \u00e1tj\u00f6nni az iskol\u00e1ba, \u00fagy gondoljuk, hogy az \u00f3vod\u00e1sokat jobban bevonjuk ezen a ter\u00fcleten illetve az iskolakertben \u0151k is tev\u00e9kenykedhetnek, megismerhetik az iskol\u00e1ban dolgoz\u00f3kat, k\u00f6z\u00f6s foglalkoz\u00e1sok lehetnek az iskol\u00e1s di\u00e1kokkal. A jelenlegi j\u00f3 kapcsolatot kib\u0151v\u00edtve m\u00e9g jobb\u00e1, hasznosabb\u00e1 tenn\u00e9nk.<\/p>\n\n\n\n<p>A d\u00e9lel\u0151tt v\u00e9g\u00e9n megk\u00edn\u00e1ltuk vend\u00e9geinket. A felszolg\u00e1lt k\u00f3stol\u00f3k a kert\u00fcnkb\u0151l sz\u00e1rmaztak: a zs\u00edroskeny\u00e9rhez a z\u00f6ldhagyma, a sal\u00e1ta, a bors\u00f3, a cseresznyef\u00e1nkr\u00f3l a cseresznye. A limon\u00e1d\u00e9 citromf\u0171b\u0151l, a tea k\u00fcl\u00f6nb\u00f6z\u0151 helyi gy\u00f3gyn\u00f6v\u00e9nyekb\u0151l k\u00e9sz\u00fclt.<\/p>\n\n\n\n<p>Vend\u00e9geink visszajelz\u00e9sei alapj\u00e1n is egy tartalmas, \u00e9rt\u00e9kes d\u00e9lel\u0151tt\u00f6t t\u00f6lt\u00f6tt\u00fcnk egy\u00fctt. A koll\u00e9g\u00e1k amellett, hogy megismerhett\u00e9k sokr\u00e9t\u0171 munk\u00e1nk egy szelet\u00e9t, sok apr\u00f3 \u00f6tlettel t\u00e9rtek haza, illetve m\u00e1r sz\u00f3ban meg\u00e1llapodtunk az int\u00e9zm\u00e9nyek seg\u00edt\u00e9s\u00e9r\u0151l, tan\u00e1csainkkal, pal\u00e1nt\u00e1kkal, tov\u00e1bbi ny\u00edltnapok szervez\u00e9s\u00e9ve.<\/p>\n\n\n\n\n\n<div class=\"ngg-galleryoverview ngg-slideshow\"\n\t id=\"ngg-slideshow-aa8945a501e9618bf50ff27bb47863ee-4886395320\"\n     data-gallery-id=\"aa8945a501e9618bf50ff27bb47863ee\"\n     style=\"max-width: 600px; max-height: 400px;\">\n\n \t<div id=\"ngg-image-0\" class=\"ngg-gallery-slideshow-image\" style=\"height:400px\">\n\n        <a href=\"http:\/\/olasz-altisk.edu.hu\/weboldal\/wp-content\/gallery\/mentorkert-nyilt-nap-az-olaszi-altalanos-iskolaban\/IMG_20240530_090221.jpg\"\n           title=\"\"\n           data-src=\"http:\/\/olasz-altisk.edu.hu\/weboldal\/wp-content\/gallery\/mentorkert-nyilt-nap-az-olaszi-altalanos-iskolaban\/IMG_20240530_090221.jpg\"\n           data-thumbnail=\"http:\/\/olasz-altisk.edu.hu\/weboldal\/wp-content\/gallery\/mentorkert-nyilt-nap-az-olaszi-altalanos-iskolaban\/thumbs\/thumbs_IMG_20240530_090221.jpg\"\n           data-image-id=\"1668\"\n           data-title=\"IMG_20240530_090221\"\n           data-description=\"\"\n           class=\"ngg-fancybox\" rel=\"aa8945a501e9618bf50ff27bb47863ee\">\n\n            <img data-image-id='1668'\n                 title=\"\"\n                 alt=\"IMG_20240530_090221\"\n                 src=\"http:\/\/olasz-altisk.edu.hu\/weboldal\/wp-content\/gallery\/mentorkert-nyilt-nap-az-olaszi-altalanos-iskolaban\/IMG_20240530_090221.jpg\"\n                 style=\"max-height: 380px;\"\/>\n        <\/a>\n\n        <\/div> \n<div id=\"ngg-image-1\" class=\"ngg-gallery-slideshow-image\" style=\"height:400px\">\n\n        <a href=\"http:\/\/olasz-altisk.edu.hu\/weboldal\/wp-content\/gallery\/mentorkert-nyilt-nap-az-olaszi-altalanos-iskolaban\/IMG_20240530_090343_1.jpg\"\n           title=\"\"\n           data-src=\"http:\/\/olasz-altisk.edu.hu\/weboldal\/wp-content\/gallery\/mentorkert-nyilt-nap-az-olaszi-altalanos-iskolaban\/IMG_20240530_090343_1.jpg\"\n           data-thumbnail=\"http:\/\/olasz-altisk.edu.hu\/weboldal\/wp-content\/gallery\/mentorkert-nyilt-nap-az-olaszi-altalanos-iskolaban\/thumbs\/thumbs_IMG_20240530_090343_1.jpg\"\n           data-image-id=\"1669\"\n           data-title=\"IMG_20240530_090343_1\"\n           data-description=\"\"\n           class=\"ngg-fancybox\" rel=\"aa8945a501e9618bf50ff27bb47863ee\">\n\n            <img data-image-id='1669'\n                 title=\"\"\n                 alt=\"IMG_20240530_090343_1\"\n                 src=\"http:\/\/olasz-altisk.edu.hu\/weboldal\/wp-content\/gallery\/mentorkert-nyilt-nap-az-olaszi-altalanos-iskolaban\/IMG_20240530_090343_1.jpg\"\n                 style=\"max-height: 380px;\"\/>\n        <\/a>\n\n        <\/div> \n<div id=\"ngg-image-2\" class=\"ngg-gallery-slideshow-image\" style=\"height:400px\">\n\n        <a href=\"http:\/\/olasz-altisk.edu.hu\/weboldal\/wp-content\/gallery\/mentorkert-nyilt-nap-az-olaszi-altalanos-iskolaban\/IMG_20240530_090353_1.jpg\"\n           title=\"\"\n           data-src=\"http:\/\/olasz-altisk.edu.hu\/weboldal\/wp-content\/gallery\/mentorkert-nyilt-nap-az-olaszi-altalanos-iskolaban\/IMG_20240530_090353_1.jpg\"\n           data-thumbnail=\"http:\/\/olasz-altisk.edu.hu\/weboldal\/wp-content\/gallery\/mentorkert-nyilt-nap-az-olaszi-altalanos-iskolaban\/thumbs\/thumbs_IMG_20240530_090353_1.jpg\"\n           data-image-id=\"1670\"\n           data-title=\"IMG_20240530_090353_1\"\n           data-description=\"\"\n           class=\"ngg-fancybox\" rel=\"aa8945a501e9618bf50ff27bb47863ee\">\n\n            <img data-image-id='1670'\n                 title=\"\"\n                 alt=\"IMG_20240530_090353_1\"\n                 src=\"http:\/\/olasz-altisk.edu.hu\/weboldal\/wp-content\/gallery\/mentorkert-nyilt-nap-az-olaszi-altalanos-iskolaban\/IMG_20240530_090353_1.jpg\"\n                 style=\"max-height: 380px;\"\/>\n        <\/a>\n\n        <\/div> \n<div id=\"ngg-image-3\" class=\"ngg-gallery-slideshow-image\" style=\"height:400px\">\n\n        <a href=\"http:\/\/olasz-altisk.edu.hu\/weboldal\/wp-content\/gallery\/mentorkert-nyilt-nap-az-olaszi-altalanos-iskolaban\/IMG_20240530_091438_1.jpg\"\n           title=\"\"\n           data-src=\"http:\/\/olasz-altisk.edu.hu\/weboldal\/wp-content\/gallery\/mentorkert-nyilt-nap-az-olaszi-altalanos-iskolaban\/IMG_20240530_091438_1.jpg\"\n           data-thumbnail=\"http:\/\/olasz-altisk.edu.hu\/weboldal\/wp-content\/gallery\/mentorkert-nyilt-nap-az-olaszi-altalanos-iskolaban\/thumbs\/thumbs_IMG_20240530_091438_1.jpg\"\n           data-image-id=\"1671\"\n           data-title=\"IMG_20240530_091438_1\"\n           data-description=\"\"\n           class=\"ngg-fancybox\" rel=\"aa8945a501e9618bf50ff27bb47863ee\">\n\n            <img data-image-id='1671'\n                 title=\"\"\n                 alt=\"IMG_20240530_091438_1\"\n                 src=\"http:\/\/olasz-altisk.edu.hu\/weboldal\/wp-content\/gallery\/mentorkert-nyilt-nap-az-olaszi-altalanos-iskolaban\/IMG_20240530_091438_1.jpg\"\n                 style=\"max-height: 380px;\"\/>\n        <\/a>\n\n        <\/div> \n<div id=\"ngg-image-4\" class=\"ngg-gallery-slideshow-image\" style=\"height:400px\">\n\n        <a href=\"http:\/\/olasz-altisk.edu.hu\/weboldal\/wp-content\/gallery\/mentorkert-nyilt-nap-az-olaszi-altalanos-iskolaban\/IMG_20240530_090253.jpg\"\n           title=\"\"\n           data-src=\"http:\/\/olasz-altisk.edu.hu\/weboldal\/wp-content\/gallery\/mentorkert-nyilt-nap-az-olaszi-altalanos-iskolaban\/IMG_20240530_090253.jpg\"\n           data-thumbnail=\"http:\/\/olasz-altisk.edu.hu\/weboldal\/wp-content\/gallery\/mentorkert-nyilt-nap-az-olaszi-altalanos-iskolaban\/thumbs\/thumbs_IMG_20240530_090253.jpg\"\n           data-image-id=\"1672\"\n           data-title=\"IMG_20240530_090253\"\n           data-description=\"\"\n           class=\"ngg-fancybox\" rel=\"aa8945a501e9618bf50ff27bb47863ee\">\n\n            <img data-image-id='1672'\n                 title=\"\"\n                 alt=\"IMG_20240530_090253\"\n                 src=\"http:\/\/olasz-altisk.edu.hu\/weboldal\/wp-content\/gallery\/mentorkert-nyilt-nap-az-olaszi-altalanos-iskolaban\/IMG_20240530_090253.jpg\"\n                 style=\"max-height: 380px;\"\/>\n        <\/a>\n\n        <\/div> \n<div id=\"ngg-image-5\" class=\"ngg-gallery-slideshow-image\" style=\"height:400px\">\n\n        <a href=\"http:\/\/olasz-altisk.edu.hu\/weboldal\/wp-content\/gallery\/mentorkert-nyilt-nap-az-olaszi-altalanos-iskolaban\/IMG_20240530_091304_1.jpg\"\n           title=\"\"\n           data-src=\"http:\/\/olasz-altisk.edu.hu\/weboldal\/wp-content\/gallery\/mentorkert-nyilt-nap-az-olaszi-altalanos-iskolaban\/IMG_20240530_091304_1.jpg\"\n           data-thumbnail=\"http:\/\/olasz-altisk.edu.hu\/weboldal\/wp-content\/gallery\/mentorkert-nyilt-nap-az-olaszi-altalanos-iskolaban\/thumbs\/thumbs_IMG_20240530_091304_1.jpg\"\n           data-image-id=\"1673\"\n           data-title=\"IMG_20240530_091304_1\"\n           data-description=\"\"\n           class=\"ngg-fancybox\" rel=\"aa8945a501e9618bf50ff27bb47863ee\">\n\n            <img data-image-id='1673'\n                 title=\"\"\n                 alt=\"IMG_20240530_091304_1\"\n                 src=\"http:\/\/olasz-altisk.edu.hu\/weboldal\/wp-content\/gallery\/mentorkert-nyilt-nap-az-olaszi-altalanos-iskolaban\/IMG_20240530_091304_1.jpg\"\n                 style=\"max-height: 380px;\"\/>\n        <\/a>\n\n        <\/div> \n<div id=\"ngg-image-6\" class=\"ngg-gallery-slideshow-image\" style=\"height:400px\">\n\n        <a href=\"http:\/\/olasz-altisk.edu.hu\/weboldal\/wp-content\/gallery\/mentorkert-nyilt-nap-az-olaszi-altalanos-iskolaban\/IMG_20240530_092214_1.jpg\"\n           title=\"\"\n           data-src=\"http:\/\/olasz-altisk.edu.hu\/weboldal\/wp-content\/gallery\/mentorkert-nyilt-nap-az-olaszi-altalanos-iskolaban\/IMG_20240530_092214_1.jpg\"\n           data-thumbnail=\"http:\/\/olasz-altisk.edu.hu\/weboldal\/wp-content\/gallery\/mentorkert-nyilt-nap-az-olaszi-altalanos-iskolaban\/thumbs\/thumbs_IMG_20240530_092214_1.jpg\"\n           data-image-id=\"1674\"\n           data-title=\"IMG_20240530_092214_1\"\n           data-description=\"\"\n           class=\"ngg-fancybox\" rel=\"aa8945a501e9618bf50ff27bb47863ee\">\n\n            <img data-image-id='1674'\n                 title=\"\"\n                 alt=\"IMG_20240530_092214_1\"\n                 src=\"http:\/\/olasz-altisk.edu.hu\/weboldal\/wp-content\/gallery\/mentorkert-nyilt-nap-az-olaszi-altalanos-iskolaban\/IMG_20240530_092214_1.jpg\"\n                 style=\"max-height: 380px;\"\/>\n        <\/a>\n\n        <\/div> \n<div id=\"ngg-image-7\" class=\"ngg-gallery-slideshow-image\" style=\"height:400px\">\n\n        <a href=\"http:\/\/olasz-altisk.edu.hu\/weboldal\/wp-content\/gallery\/mentorkert-nyilt-nap-az-olaszi-altalanos-iskolaban\/IMG_20240530_092433.jpg\"\n           title=\"\"\n           data-src=\"http:\/\/olasz-altisk.edu.hu\/weboldal\/wp-content\/gallery\/mentorkert-nyilt-nap-az-olaszi-altalanos-iskolaban\/IMG_20240530_092433.jpg\"\n           data-thumbnail=\"http:\/\/olasz-altisk.edu.hu\/weboldal\/wp-content\/gallery\/mentorkert-nyilt-nap-az-olaszi-altalanos-iskolaban\/thumbs\/thumbs_IMG_20240530_092433.jpg\"\n           data-image-id=\"1675\"\n           data-title=\"IMG_20240530_092433\"\n           data-description=\"\"\n           class=\"ngg-fancybox\" rel=\"aa8945a501e9618bf50ff27bb47863ee\">\n\n            <img data-image-id='1675'\n                 title=\"\"\n                 alt=\"IMG_20240530_092433\"\n                 src=\"http:\/\/olasz-altisk.edu.hu\/weboldal\/wp-content\/gallery\/mentorkert-nyilt-nap-az-olaszi-altalanos-iskolaban\/IMG_20240530_092433.jpg\"\n                 style=\"max-height: 380px;\"\/>\n        <\/a>\n\n        <\/div> \n<div id=\"ngg-image-8\" class=\"ngg-gallery-slideshow-image\" style=\"height:400px\">\n\n        <a href=\"http:\/\/olasz-altisk.edu.hu\/weboldal\/wp-content\/gallery\/mentorkert-nyilt-nap-az-olaszi-altalanos-iskolaban\/IMG_20240530_092441.jpg\"\n           title=\"\"\n           data-src=\"http:\/\/olasz-altisk.edu.hu\/weboldal\/wp-content\/gallery\/mentorkert-nyilt-nap-az-olaszi-altalanos-iskolaban\/IMG_20240530_092441.jpg\"\n           data-thumbnail=\"http:\/\/olasz-altisk.edu.hu\/weboldal\/wp-content\/gallery\/mentorkert-nyilt-nap-az-olaszi-altalanos-iskolaban\/thumbs\/thumbs_IMG_20240530_092441.jpg\"\n           data-image-id=\"1676\"\n           data-title=\"IMG_20240530_092441\"\n           data-description=\"\"\n           class=\"ngg-fancybox\" rel=\"aa8945a501e9618bf50ff27bb47863ee\">\n\n            <img data-image-id='1676'\n                 title=\"\"\n                 alt=\"IMG_20240530_092441\"\n                 src=\"http:\/\/olasz-altisk.edu.hu\/weboldal\/wp-content\/gallery\/mentorkert-nyilt-nap-az-olaszi-altalanos-iskolaban\/IMG_20240530_092441.jpg\"\n                 style=\"max-height: 380px;\"\/>\n        <\/a>\n\n        <\/div> \n<div id=\"ngg-image-9\" class=\"ngg-gallery-slideshow-image\" style=\"height:400px\">\n\n        <a href=\"http:\/\/olasz-altisk.edu.hu\/weboldal\/wp-content\/gallery\/mentorkert-nyilt-nap-az-olaszi-altalanos-iskolaban\/IMG_20240530_093518_1.jpg\"\n           title=\"\"\n           data-src=\"http:\/\/olasz-altisk.edu.hu\/weboldal\/wp-content\/gallery\/mentorkert-nyilt-nap-az-olaszi-altalanos-iskolaban\/IMG_20240530_093518_1.jpg\"\n           data-thumbnail=\"http:\/\/olasz-altisk.edu.hu\/weboldal\/wp-content\/gallery\/mentorkert-nyilt-nap-az-olaszi-altalanos-iskolaban\/thumbs\/thumbs_IMG_20240530_093518_1.jpg\"\n           data-image-id=\"1677\"\n           data-title=\"IMG_20240530_093518_1\"\n           data-description=\"\"\n           class=\"ngg-fancybox\" rel=\"aa8945a501e9618bf50ff27bb47863ee\">\n\n            <img data-image-id='1677'\n                 title=\"\"\n                 alt=\"IMG_20240530_093518_1\"\n                 src=\"http:\/\/olasz-altisk.edu.hu\/weboldal\/wp-content\/gallery\/mentorkert-nyilt-nap-az-olaszi-altalanos-iskolaban\/IMG_20240530_093518_1.jpg\"\n                 style=\"max-height: 380px;\"\/>\n        <\/a>\n\n        <\/div> \n<div id=\"ngg-image-10\" class=\"ngg-gallery-slideshow-image\" style=\"height:400px\">\n\n        <a href=\"http:\/\/olasz-altisk.edu.hu\/weboldal\/wp-content\/gallery\/mentorkert-nyilt-nap-az-olaszi-altalanos-iskolaban\/IMG_20240530_092845_1.jpg\"\n           title=\"\"\n           data-src=\"http:\/\/olasz-altisk.edu.hu\/weboldal\/wp-content\/gallery\/mentorkert-nyilt-nap-az-olaszi-altalanos-iskolaban\/IMG_20240530_092845_1.jpg\"\n           data-thumbnail=\"http:\/\/olasz-altisk.edu.hu\/weboldal\/wp-content\/gallery\/mentorkert-nyilt-nap-az-olaszi-altalanos-iskolaban\/thumbs\/thumbs_IMG_20240530_092845_1.jpg\"\n           data-image-id=\"1678\"\n           data-title=\"IMG_20240530_092845_1\"\n           data-description=\"\"\n           class=\"ngg-fancybox\" rel=\"aa8945a501e9618bf50ff27bb47863ee\">\n\n            <img data-image-id='1678'\n                 title=\"\"\n                 alt=\"IMG_20240530_092845_1\"\n                 src=\"http:\/\/olasz-altisk.edu.hu\/weboldal\/wp-content\/gallery\/mentorkert-nyilt-nap-az-olaszi-altalanos-iskolaban\/IMG_20240530_092845_1.jpg\"\n                 style=\"max-height: 380px;\"\/>\n        <\/a>\n\n        <\/div> \n<div id=\"ngg-image-11\" class=\"ngg-gallery-slideshow-image\" style=\"height:400px\">\n\n        <a href=\"http:\/\/olasz-altisk.edu.hu\/weboldal\/wp-content\/gallery\/mentorkert-nyilt-nap-az-olaszi-altalanos-iskolaban\/IMG_20240530_092718.jpg\"\n           title=\"\"\n           data-src=\"http:\/\/olasz-altisk.edu.hu\/weboldal\/wp-content\/gallery\/mentorkert-nyilt-nap-az-olaszi-altalanos-iskolaban\/IMG_20240530_092718.jpg\"\n           data-thumbnail=\"http:\/\/olasz-altisk.edu.hu\/weboldal\/wp-content\/gallery\/mentorkert-nyilt-nap-az-olaszi-altalanos-iskolaban\/thumbs\/thumbs_IMG_20240530_092718.jpg\"\n           data-image-id=\"1679\"\n           data-title=\"IMG_20240530_092718\"\n           data-description=\"\"\n           class=\"ngg-fancybox\" rel=\"aa8945a501e9618bf50ff27bb47863ee\">\n\n            <img data-image-id='1679'\n                 title=\"\"\n                 alt=\"IMG_20240530_092718\"\n                 src=\"http:\/\/olasz-altisk.edu.hu\/weboldal\/wp-content\/gallery\/mentorkert-nyilt-nap-az-olaszi-altalanos-iskolaban\/IMG_20240530_092718.jpg\"\n                 style=\"max-height: 380px;\"\/>\n        <\/a>\n\n        <\/div> \n<div id=\"ngg-image-12\" class=\"ngg-gallery-slideshow-image\" style=\"height:400px\">\n\n        <a href=\"http:\/\/olasz-altisk.edu.hu\/weboldal\/wp-content\/gallery\/mentorkert-nyilt-nap-az-olaszi-altalanos-iskolaban\/IMG_20240530_095902_1.jpg\"\n           title=\"\"\n           data-src=\"http:\/\/olasz-altisk.edu.hu\/weboldal\/wp-content\/gallery\/mentorkert-nyilt-nap-az-olaszi-altalanos-iskolaban\/IMG_20240530_095902_1.jpg\"\n           data-thumbnail=\"http:\/\/olasz-altisk.edu.hu\/weboldal\/wp-content\/gallery\/mentorkert-nyilt-nap-az-olaszi-altalanos-iskolaban\/thumbs\/thumbs_IMG_20240530_095902_1.jpg\"\n           data-image-id=\"1680\"\n           data-title=\"IMG_20240530_095902_1\"\n           data-description=\"\"\n           class=\"ngg-fancybox\" rel=\"aa8945a501e9618bf50ff27bb47863ee\">\n\n            <img data-image-id='1680'\n                 title=\"\"\n                 alt=\"IMG_20240530_095902_1\"\n                 src=\"http:\/\/olasz-altisk.edu.hu\/weboldal\/wp-content\/gallery\/mentorkert-nyilt-nap-az-olaszi-altalanos-iskolaban\/IMG_20240530_095902_1.jpg\"\n                 style=\"max-height: 380px;\"\/>\n        <\/a>\n\n        <\/div> \n<div id=\"ngg-image-13\" class=\"ngg-gallery-slideshow-image\" style=\"height:400px\">\n\n        <a href=\"http:\/\/olasz-altisk.edu.hu\/weboldal\/wp-content\/gallery\/mentorkert-nyilt-nap-az-olaszi-altalanos-iskolaban\/IMG_20240530_095922_1.jpg\"\n           title=\"\"\n           data-src=\"http:\/\/olasz-altisk.edu.hu\/weboldal\/wp-content\/gallery\/mentorkert-nyilt-nap-az-olaszi-altalanos-iskolaban\/IMG_20240530_095922_1.jpg\"\n           data-thumbnail=\"http:\/\/olasz-altisk.edu.hu\/weboldal\/wp-content\/gallery\/mentorkert-nyilt-nap-az-olaszi-altalanos-iskolaban\/thumbs\/thumbs_IMG_20240530_095922_1.jpg\"\n           data-image-id=\"1681\"\n           data-title=\"IMG_20240530_095922_1\"\n           data-description=\"\"\n           class=\"ngg-fancybox\" rel=\"aa8945a501e9618bf50ff27bb47863ee\">\n\n            <img data-image-id='1681'\n                 title=\"\"\n                 alt=\"IMG_20240530_095922_1\"\n                 src=\"http:\/\/olasz-altisk.edu.hu\/weboldal\/wp-content\/gallery\/mentorkert-nyilt-nap-az-olaszi-altalanos-iskolaban\/IMG_20240530_095922_1.jpg\"\n                 style=\"max-height: 380px;\"\/>\n        <\/a>\n\n        <\/div> \n<div id=\"ngg-image-14\" class=\"ngg-gallery-slideshow-image\" style=\"height:400px\">\n\n        <a href=\"http:\/\/olasz-altisk.edu.hu\/weboldal\/wp-content\/gallery\/mentorkert-nyilt-nap-az-olaszi-altalanos-iskolaban\/IMG_20240530_095930_1.jpg\"\n           title=\"\"\n           data-src=\"http:\/\/olasz-altisk.edu.hu\/weboldal\/wp-content\/gallery\/mentorkert-nyilt-nap-az-olaszi-altalanos-iskolaban\/IMG_20240530_095930_1.jpg\"\n           data-thumbnail=\"http:\/\/olasz-altisk.edu.hu\/weboldal\/wp-content\/gallery\/mentorkert-nyilt-nap-az-olaszi-altalanos-iskolaban\/thumbs\/thumbs_IMG_20240530_095930_1.jpg\"\n           data-image-id=\"1682\"\n           data-title=\"IMG_20240530_095930_1\"\n           data-description=\"\"\n           class=\"ngg-fancybox\" rel=\"aa8945a501e9618bf50ff27bb47863ee\">\n\n            <img data-image-id='1682'\n                 title=\"\"\n                 alt=\"IMG_20240530_095930_1\"\n                 src=\"http:\/\/olasz-altisk.edu.hu\/weboldal\/wp-content\/gallery\/mentorkert-nyilt-nap-az-olaszi-altalanos-iskolaban\/IMG_20240530_095930_1.jpg\"\n                 style=\"max-height: 380px;\"\/>\n        <\/a>\n\n        <\/div> \n<div id=\"ngg-image-15\" class=\"ngg-gallery-slideshow-image\" style=\"height:400px\">\n\n        <a href=\"http:\/\/olasz-altisk.edu.hu\/weboldal\/wp-content\/gallery\/mentorkert-nyilt-nap-az-olaszi-altalanos-iskolaban\/IMG_20240530_100248.jpg\"\n           title=\"\"\n           data-src=\"http:\/\/olasz-altisk.edu.hu\/weboldal\/wp-content\/gallery\/mentorkert-nyilt-nap-az-olaszi-altalanos-iskolaban\/IMG_20240530_100248.jpg\"\n           data-thumbnail=\"http:\/\/olasz-altisk.edu.hu\/weboldal\/wp-content\/gallery\/mentorkert-nyilt-nap-az-olaszi-altalanos-iskolaban\/thumbs\/thumbs_IMG_20240530_100248.jpg\"\n           data-image-id=\"1683\"\n           data-title=\"IMG_20240530_100248\"\n           data-description=\"\"\n           class=\"ngg-fancybox\" rel=\"aa8945a501e9618bf50ff27bb47863ee\">\n\n            <img data-image-id='1683'\n                 title=\"\"\n                 alt=\"IMG_20240530_100248\"\n                 src=\"http:\/\/olasz-altisk.edu.hu\/weboldal\/wp-content\/gallery\/mentorkert-nyilt-nap-az-olaszi-altalanos-iskolaban\/IMG_20240530_100248.jpg\"\n                 style=\"max-height: 380px;\"\/>\n        <\/a>\n\n        <\/div> \n<div id=\"ngg-image-16\" class=\"ngg-gallery-slideshow-image\" style=\"height:400px\">\n\n        <a href=\"http:\/\/olasz-altisk.edu.hu\/weboldal\/wp-content\/gallery\/mentorkert-nyilt-nap-az-olaszi-altalanos-iskolaban\/IMG_20240530_100058_1.jpg\"\n           title=\"\"\n           data-src=\"http:\/\/olasz-altisk.edu.hu\/weboldal\/wp-content\/gallery\/mentorkert-nyilt-nap-az-olaszi-altalanos-iskolaban\/IMG_20240530_100058_1.jpg\"\n           data-thumbnail=\"http:\/\/olasz-altisk.edu.hu\/weboldal\/wp-content\/gallery\/mentorkert-nyilt-nap-az-olaszi-altalanos-iskolaban\/thumbs\/thumbs_IMG_20240530_100058_1.jpg\"\n           data-image-id=\"1684\"\n           data-title=\"IMG_20240530_100058_1\"\n           data-description=\"\"\n           class=\"ngg-fancybox\" rel=\"aa8945a501e9618bf50ff27bb47863ee\">\n\n            <img data-image-id='1684'\n                 title=\"\"\n                 alt=\"IMG_20240530_100058_1\"\n                 src=\"http:\/\/olasz-altisk.edu.hu\/weboldal\/wp-content\/gallery\/mentorkert-nyilt-nap-az-olaszi-altalanos-iskolaban\/IMG_20240530_100058_1.jpg\"\n                 style=\"max-height: 380px;\"\/>\n        <\/a>\n\n        <\/div> \n<div id=\"ngg-image-17\" class=\"ngg-gallery-slideshow-image\" style=\"height:400px\">\n\n        <a href=\"http:\/\/olasz-altisk.edu.hu\/weboldal\/wp-content\/gallery\/mentorkert-nyilt-nap-az-olaszi-altalanos-iskolaban\/IMG_20240530_102906.jpg\"\n           title=\"\"\n           data-src=\"http:\/\/olasz-altisk.edu.hu\/weboldal\/wp-content\/gallery\/mentorkert-nyilt-nap-az-olaszi-altalanos-iskolaban\/IMG_20240530_102906.jpg\"\n           data-thumbnail=\"http:\/\/olasz-altisk.edu.hu\/weboldal\/wp-content\/gallery\/mentorkert-nyilt-nap-az-olaszi-altalanos-iskolaban\/thumbs\/thumbs_IMG_20240530_102906.jpg\"\n           data-image-id=\"1685\"\n           data-title=\"IMG_20240530_102906\"\n           data-description=\"\"\n           class=\"ngg-fancybox\" rel=\"aa8945a501e9618bf50ff27bb47863ee\">\n\n            <img data-image-id='1685'\n                 title=\"\"\n                 alt=\"IMG_20240530_102906\"\n                 src=\"http:\/\/olasz-altisk.edu.hu\/weboldal\/wp-content\/gallery\/mentorkert-nyilt-nap-az-olaszi-altalanos-iskolaban\/IMG_20240530_102906.jpg\"\n                 style=\"max-height: 380px;\"\/>\n        <\/a>\n\n        <\/div> \n<div id=\"ngg-image-18\" class=\"ngg-gallery-slideshow-image\" style=\"height:400px\">\n\n        <a href=\"http:\/\/olasz-altisk.edu.hu\/weboldal\/wp-content\/gallery\/mentorkert-nyilt-nap-az-olaszi-altalanos-iskolaban\/IMG_20240530_102508.jpg\"\n           title=\"\"\n           data-src=\"http:\/\/olasz-altisk.edu.hu\/weboldal\/wp-content\/gallery\/mentorkert-nyilt-nap-az-olaszi-altalanos-iskolaban\/IMG_20240530_102508.jpg\"\n           data-thumbnail=\"http:\/\/olasz-altisk.edu.hu\/weboldal\/wp-content\/gallery\/mentorkert-nyilt-nap-az-olaszi-altalanos-iskolaban\/thumbs\/thumbs_IMG_20240530_102508.jpg\"\n           data-image-id=\"1686\"\n           data-title=\"IMG_20240530_102508\"\n           data-description=\"\"\n           class=\"ngg-fancybox\" rel=\"aa8945a501e9618bf50ff27bb47863ee\">\n\n            <img data-image-id='1686'\n                 title=\"\"\n                 alt=\"IMG_20240530_102508\"\n                 src=\"http:\/\/olasz-altisk.edu.hu\/weboldal\/wp-content\/gallery\/mentorkert-nyilt-nap-az-olaszi-altalanos-iskolaban\/IMG_20240530_102508.jpg\"\n                 style=\"max-height: 380px;\"\/>\n        <\/a>\n\n        <\/div> \n<div id=\"ngg-image-19\" class=\"ngg-gallery-slideshow-image\" style=\"height:400px\">\n\n        <a href=\"http:\/\/olasz-altisk.edu.hu\/weboldal\/wp-content\/gallery\/mentorkert-nyilt-nap-az-olaszi-altalanos-iskolaban\/IMG_20240530_103135_1.jpg\"\n           title=\"\"\n           data-src=\"http:\/\/olasz-altisk.edu.hu\/weboldal\/wp-content\/gallery\/mentorkert-nyilt-nap-az-olaszi-altalanos-iskolaban\/IMG_20240530_103135_1.jpg\"\n           data-thumbnail=\"http:\/\/olasz-altisk.edu.hu\/weboldal\/wp-content\/gallery\/mentorkert-nyilt-nap-az-olaszi-altalanos-iskolaban\/thumbs\/thumbs_IMG_20240530_103135_1.jpg\"\n           data-image-id=\"1687\"\n           data-title=\"IMG_20240530_103135_1\"\n           data-description=\"\"\n           class=\"ngg-fancybox\" rel=\"aa8945a501e9618bf50ff27bb47863ee\">\n\n            <img data-image-id='1687'\n                 title=\"\"\n                 alt=\"IMG_20240530_103135_1\"\n                 src=\"http:\/\/olasz-altisk.edu.hu\/weboldal\/wp-content\/gallery\/mentorkert-nyilt-nap-az-olaszi-altalanos-iskolaban\/IMG_20240530_103135_1.jpg\"\n                 style=\"max-height: 380px;\"\/>\n        <\/a>\n\n        <\/div> \n<div id=\"ngg-image-20\" class=\"ngg-gallery-slideshow-image\" style=\"height:400px\">\n\n        <a href=\"http:\/\/olasz-altisk.edu.hu\/weboldal\/wp-content\/gallery\/mentorkert-nyilt-nap-az-olaszi-altalanos-iskolaban\/IMG_20240530_103300.jpg\"\n           title=\"\"\n           data-src=\"http:\/\/olasz-altisk.edu.hu\/weboldal\/wp-content\/gallery\/mentorkert-nyilt-nap-az-olaszi-altalanos-iskolaban\/IMG_20240530_103300.jpg\"\n           data-thumbnail=\"http:\/\/olasz-altisk.edu.hu\/weboldal\/wp-content\/gallery\/mentorkert-nyilt-nap-az-olaszi-altalanos-iskolaban\/thumbs\/thumbs_IMG_20240530_103300.jpg\"\n           data-image-id=\"1688\"\n           data-title=\"IMG_20240530_103300\"\n           data-description=\"\"\n           class=\"ngg-fancybox\" rel=\"aa8945a501e9618bf50ff27bb47863ee\">\n\n            <img data-image-id='1688'\n                 title=\"\"\n                 alt=\"IMG_20240530_103300\"\n                 src=\"http:\/\/olasz-altisk.edu.hu\/weboldal\/wp-content\/gallery\/mentorkert-nyilt-nap-az-olaszi-altalanos-iskolaban\/IMG_20240530_103300.jpg\"\n                 style=\"max-height: 380px;\"\/>\n        <\/a>\n\n        <\/div> \n<div id=\"ngg-image-21\" class=\"ngg-gallery-slideshow-image\" style=\"height:400px\">\n\n        <a href=\"http:\/\/olasz-altisk.edu.hu\/weboldal\/wp-content\/gallery\/mentorkert-nyilt-nap-az-olaszi-altalanos-iskolaban\/IMG_20240606_094713.jpg\"\n           title=\"\"\n           data-src=\"http:\/\/olasz-altisk.edu.hu\/weboldal\/wp-content\/gallery\/mentorkert-nyilt-nap-az-olaszi-altalanos-iskolaban\/IMG_20240606_094713.jpg\"\n           data-thumbnail=\"http:\/\/olasz-altisk.edu.hu\/weboldal\/wp-content\/gallery\/mentorkert-nyilt-nap-az-olaszi-altalanos-iskolaban\/thumbs\/thumbs_IMG_20240606_094713.jpg\"\n           data-image-id=\"1689\"\n           data-title=\"IMG_20240606_094713\"\n           data-description=\"\"\n           class=\"ngg-fancybox\" rel=\"aa8945a501e9618bf50ff27bb47863ee\">\n\n            <img data-image-id='1689'\n                 title=\"\"\n                 alt=\"IMG_20240606_094713\"\n                 src=\"http:\/\/olasz-altisk.edu.hu\/weboldal\/wp-content\/gallery\/mentorkert-nyilt-nap-az-olaszi-altalanos-iskolaban\/IMG_20240606_094713.jpg\"\n                 style=\"max-height: 380px;\"\/>\n        <\/a>\n\n        <\/div> \n<div id=\"ngg-image-22\" class=\"ngg-gallery-slideshow-image\" style=\"height:400px\">\n\n        <a href=\"http:\/\/olasz-altisk.edu.hu\/weboldal\/wp-content\/gallery\/mentorkert-nyilt-nap-az-olaszi-altalanos-iskolaban\/IMG_20240606_094815_1.jpg\"\n           title=\"\"\n           data-src=\"http:\/\/olasz-altisk.edu.hu\/weboldal\/wp-content\/gallery\/mentorkert-nyilt-nap-az-olaszi-altalanos-iskolaban\/IMG_20240606_094815_1.jpg\"\n           data-thumbnail=\"http:\/\/olasz-altisk.edu.hu\/weboldal\/wp-content\/gallery\/mentorkert-nyilt-nap-az-olaszi-altalanos-iskolaban\/thumbs\/thumbs_IMG_20240606_094815_1.jpg\"\n           data-image-id=\"1690\"\n           data-title=\"IMG_20240606_094815_1\"\n           data-description=\"\"\n           class=\"ngg-fancybox\" rel=\"aa8945a501e9618bf50ff27bb47863ee\">\n\n            <img data-image-id='1690'\n                 title=\"\"\n                 alt=\"IMG_20240606_094815_1\"\n                 src=\"http:\/\/olasz-altisk.edu.hu\/weboldal\/wp-content\/gallery\/mentorkert-nyilt-nap-az-olaszi-altalanos-iskolaban\/IMG_20240606_094815_1.jpg\"\n                 style=\"max-height: 380px;\"\/>\n        <\/a>\n\n        <\/div> \n<\/div>\n\n\n\n\n","protected":false},"excerpt":{"rendered":"<p>2024. m\u00e1jus 30-\u00e1n vend\u00e9gek \u00e9rkeztek iskol\u00e1nkba, mivel a Mentorkert Program keret\u00e9ben iskol\u00e1nk id\u00e9n elnyerte a mentorkert min\u0151s\u00edt\u00e9st. Ezt a c\u00edmet orsz\u00e1gosan csak 3 iskola kapta meg id\u00e9n, \u00edgy nagy elismer\u00e9s, hogy iskol\u00e1nk is k\u00f6zt\u00fck lehet. Nagy \u00f6r\u00f6m\u00fcnkre t\u00f6bb int\u00e9zm\u00e9nyb\u0151l is elfogadt\u00e1k megh\u00edv\u00e1sunkat. Itt voltak a Moh\u00e1csi Tanker\u00fclet int\u00e9zm\u00e9nyein k\u00edv\u00fcl, P\u00e9csi \u2026 <a class=\"continue-reading-link\" href=\"http:\/\/olasz-altisk.edu.hu\/weboldal\/?p=4104\"> Continue reading <span class=\"meta-nav\">&rarr; <\/span><\/a><\/p>\n","protected":false},"author":1,"featured_media":0,"comment_status":"closed","ping_status":"closed","sticky":false,"template":"","format":"standard","meta":{"ngg_post_thumbnail":0},"categories":[1],"tags":[],"_links":{"self":[{"href":"http:\/\/olasz-altisk.edu.hu\/weboldal\/index.php?rest_route=\/wp\/v2\/posts\/4104"}],"collection":[{"href":"http:\/\/olasz-altisk.edu.hu\/weboldal\/index.php?rest_route=\/wp\/v2\/posts"}],"about":[{"href":"http:\/\/olasz-altisk.edu.hu\/weboldal\/index.php?rest_route=\/wp\/v2\/types\/post"}],"author":[{"embeddable":true,"href":"http:\/\/olasz-altisk.edu.hu\/weboldal\/index.php?rest_route=\/wp\/v2\/users\/1"}],"replies":[{"embeddable":true,"href":"http:\/\/olasz-altisk.edu.hu\/weboldal\/index.php?rest_route=%2Fwp%2Fv2%2Fcomments&post=4104"}],"version-history":[{"count":1,"href":"http:\/\/olasz-altisk.edu.hu\/weboldal\/index.php?rest_route=\/wp\/v2\/posts\/4104\/revisions"}],"predecessor-version":[{"id":4129,"href":"http:\/\/olasz-altisk.edu.hu\/weboldal\/index.php?rest_route=\/wp\/v2\/posts\/4104\/revisions\/4129"}],"wp:attachment":[{"href":"http:\/\/olasz-altisk.edu.hu\/weboldal\/index.php?rest_route=%2Fwp%2Fv2%2Fmedia&parent=4104"}],"wp:term":[{"taxonomy":"category","embeddable":true,"href":"http:\/\/olasz-altisk.edu.hu\/weboldal\/index.php?rest_route=%2Fwp%2Fv2%2Fcategories&post=4104"},{"taxonomy":"post_tag","embeddable":true,"href":"http:\/\/olasz-altisk.edu.hu\/weboldal\/index.php?rest_route=%2Fwp%2Fv2%2Ftags&post=4104"}],"curies":[{"name":"wp","href":"https:\/\/api.w.org\/{rel}","templated":true}]}}