{"id":4144,"date":"2024-06-10T09:13:38","date_gmt":"2024-06-10T07:13:38","guid":{"rendered":"http:\/\/olasz-altisk.edu.hu\/weboldal\/?p=4144"},"modified":"2024-06-10T09:13:38","modified_gmt":"2024-06-10T07:13:38","slug":"nemzeti-osszetartozas-napja-2024","status":"publish","type":"post","link":"http:\/\/olasz-altisk.edu.hu\/weboldal\/?p=4144","title":{"rendered":"Nemzeti \u00f6sszetartoz\u00e1s napja 2024."},"content":{"rendered":"\n<p class=\"has-text-align-left\">J\u00fanius 4. a nemzeti \u00f6sszetartoz\u00e1s napja.<br>Iskol\u00e1nkban is megeml\u00e9kezt\u00fcnk a szomor\u00fa trianoni esem\u00e9nyekr\u0151l. Dukai Zolt\u00e1n tan\u00e1r \u00far tolm\u00e1csol\u00e1s\u00e1ban ismerhett\u00fck meg e nap t\u00f6rt\u00e9nelmi mozzanatait.<br>Majd a 7.oszt\u00e1lyos tanul\u00f3k tartottak r\u00e9szletes bemutat\u00f3t a &#8222;Hat\u00e1rtalanul&#8221; kir\u00e1ndul\u00e1s mindennapjair\u00f3l.<br>A program z\u00e1r\u00e1sak\u00e9nt az als\u00f3s \u00e9s fels\u0151s tanul\u00f3k \u00e9rdekes feladatokat oldottak meg Magyarorsz\u00e1g t\u00e9mak\u00f6rben.<br>A j\u00e1t\u00e9kok k\u00f6z\u00f6tt volt \u0151shonos n\u00f6v\u00e9nyek -\u00e1llatok felismer\u00e9se, puzzle t\u00e9rk\u00e9p kirak\u00e1sa, h\u00edres magyar feltal\u00e1l\u00f3k \u00e9s tal\u00e1lm\u00e1nyaik p\u00e1ros\u00edt\u00e1sa, szomsz\u00e9dos orsz\u00e1gok c\u00edmerei, p\u00e9nznemei elhelyez\u00e9se a t\u00e9rk\u00e9pen, \u00e9telfajt\u00e1k beazonos\u00edt\u00e1sa n\u00e9pcsoportokhoz, \u00f6r\u00f6ks\u00e9gv\u00e9delmi \u00e9s m\u0171eml\u00e9k \u00e9p\u00fcletek keres\u00e9se t\u00e9rk\u00e9pen.<br>A tanul\u00f3k sz\u00ednes \u00e9lm\u00e9nyekkel gazdagodtak.<\/p>\n\n\n\n\n\n<div class=\"ngg-galleryoverview ngg-slideshow\"\n\t id=\"ngg-slideshow-993f378738c60811c6f725400cf6b70d-739872280\"\n     data-gallery-id=\"993f378738c60811c6f725400cf6b70d\"\n     style=\"max-width: 600px; max-height: 400px;\">\n\n \t<div id=\"ngg-image-0\" class=\"ngg-gallery-slideshow-image\" style=\"height:400px\">\n\n        <a href=\"http:\/\/olasz-altisk.edu.hu\/weboldal\/wp-content\/gallery\/nemzeti-osszetartozas-napja-2024\/IMG_20240606_114653_1.jpg\"\n           title=\"\"\n           data-src=\"http:\/\/olasz-altisk.edu.hu\/weboldal\/wp-content\/gallery\/nemzeti-osszetartozas-napja-2024\/IMG_20240606_114653_1.jpg\"\n           data-thumbnail=\"http:\/\/olasz-altisk.edu.hu\/weboldal\/wp-content\/gallery\/nemzeti-osszetartozas-napja-2024\/thumbs\/thumbs_IMG_20240606_114653_1.jpg\"\n           data-image-id=\"1697\"\n           data-title=\"IMG_20240606_114653_1\"\n           data-description=\"\"\n           class=\"ngg-fancybox\" rel=\"993f378738c60811c6f725400cf6b70d\">\n\n            <img data-image-id='1697'\n                 title=\"\"\n                 alt=\"IMG_20240606_114653_1\"\n                 src=\"http:\/\/olasz-altisk.edu.hu\/weboldal\/wp-content\/gallery\/nemzeti-osszetartozas-napja-2024\/IMG_20240606_114653_1.jpg\"\n                 style=\"max-height: 380px;\"\/>\n        <\/a>\n\n        <\/div> \n<div id=\"ngg-image-1\" class=\"ngg-gallery-slideshow-image\" style=\"height:400px\">\n\n        <a href=\"http:\/\/olasz-altisk.edu.hu\/weboldal\/wp-content\/gallery\/nemzeti-osszetartozas-napja-2024\/IMG_20240606_114644.jpg\"\n           title=\"\"\n           data-src=\"http:\/\/olasz-altisk.edu.hu\/weboldal\/wp-content\/gallery\/nemzeti-osszetartozas-napja-2024\/IMG_20240606_114644.jpg\"\n           data-thumbnail=\"http:\/\/olasz-altisk.edu.hu\/weboldal\/wp-content\/gallery\/nemzeti-osszetartozas-napja-2024\/thumbs\/thumbs_IMG_20240606_114644.jpg\"\n           data-image-id=\"1698\"\n           data-title=\"IMG_20240606_114644\"\n           data-description=\"\"\n           class=\"ngg-fancybox\" rel=\"993f378738c60811c6f725400cf6b70d\">\n\n            <img data-image-id='1698'\n                 title=\"\"\n                 alt=\"IMG_20240606_114644\"\n                 src=\"http:\/\/olasz-altisk.edu.hu\/weboldal\/wp-content\/gallery\/nemzeti-osszetartozas-napja-2024\/IMG_20240606_114644.jpg\"\n                 style=\"max-height: 380px;\"\/>\n        <\/a>\n\n        <\/div> \n<div id=\"ngg-image-2\" class=\"ngg-gallery-slideshow-image\" style=\"height:400px\">\n\n        <a href=\"http:\/\/olasz-altisk.edu.hu\/weboldal\/wp-content\/gallery\/nemzeti-osszetartozas-napja-2024\/IMG_20240606_114851_1.jpg\"\n           title=\"\"\n           data-src=\"http:\/\/olasz-altisk.edu.hu\/weboldal\/wp-content\/gallery\/nemzeti-osszetartozas-napja-2024\/IMG_20240606_114851_1.jpg\"\n           data-thumbnail=\"http:\/\/olasz-altisk.edu.hu\/weboldal\/wp-content\/gallery\/nemzeti-osszetartozas-napja-2024\/thumbs\/thumbs_IMG_20240606_114851_1.jpg\"\n           data-image-id=\"1699\"\n           data-title=\"IMG_20240606_114851_1\"\n           data-description=\"\"\n           class=\"ngg-fancybox\" rel=\"993f378738c60811c6f725400cf6b70d\">\n\n            <img data-image-id='1699'\n                 title=\"\"\n                 alt=\"IMG_20240606_114851_1\"\n                 src=\"http:\/\/olasz-altisk.edu.hu\/weboldal\/wp-content\/gallery\/nemzeti-osszetartozas-napja-2024\/IMG_20240606_114851_1.jpg\"\n                 style=\"max-height: 380px;\"\/>\n        <\/a>\n\n        <\/div> \n<div id=\"ngg-image-3\" class=\"ngg-gallery-slideshow-image\" style=\"height:400px\">\n\n        <a href=\"http:\/\/olasz-altisk.edu.hu\/weboldal\/wp-content\/gallery\/nemzeti-osszetartozas-napja-2024\/IMG_20240606_114857.jpg\"\n           title=\"\"\n           data-src=\"http:\/\/olasz-altisk.edu.hu\/weboldal\/wp-content\/gallery\/nemzeti-osszetartozas-napja-2024\/IMG_20240606_114857.jpg\"\n           data-thumbnail=\"http:\/\/olasz-altisk.edu.hu\/weboldal\/wp-content\/gallery\/nemzeti-osszetartozas-napja-2024\/thumbs\/thumbs_IMG_20240606_114857.jpg\"\n           data-image-id=\"1700\"\n           data-title=\"IMG_20240606_114857\"\n           data-description=\"\"\n           class=\"ngg-fancybox\" rel=\"993f378738c60811c6f725400cf6b70d\">\n\n            <img data-image-id='1700'\n                 title=\"\"\n                 alt=\"IMG_20240606_114857\"\n                 src=\"http:\/\/olasz-altisk.edu.hu\/weboldal\/wp-content\/gallery\/nemzeti-osszetartozas-napja-2024\/IMG_20240606_114857.jpg\"\n                 style=\"max-height: 380px;\"\/>\n        <\/a>\n\n        <\/div> \n<div id=\"ngg-image-4\" class=\"ngg-gallery-slideshow-image\" style=\"height:400px\">\n\n        <a href=\"http:\/\/olasz-altisk.edu.hu\/weboldal\/wp-content\/gallery\/nemzeti-osszetartozas-napja-2024\/IMG_20240606_114717.jpg\"\n           title=\"\"\n           data-src=\"http:\/\/olasz-altisk.edu.hu\/weboldal\/wp-content\/gallery\/nemzeti-osszetartozas-napja-2024\/IMG_20240606_114717.jpg\"\n           data-thumbnail=\"http:\/\/olasz-altisk.edu.hu\/weboldal\/wp-content\/gallery\/nemzeti-osszetartozas-napja-2024\/thumbs\/thumbs_IMG_20240606_114717.jpg\"\n           data-image-id=\"1701\"\n           data-title=\"IMG_20240606_114717\"\n           data-description=\"\"\n           class=\"ngg-fancybox\" rel=\"993f378738c60811c6f725400cf6b70d\">\n\n            <img data-image-id='1701'\n                 title=\"\"\n                 alt=\"IMG_20240606_114717\"\n                 src=\"http:\/\/olasz-altisk.edu.hu\/weboldal\/wp-content\/gallery\/nemzeti-osszetartozas-napja-2024\/IMG_20240606_114717.jpg\"\n                 style=\"max-height: 380px;\"\/>\n        <\/a>\n\n        <\/div> \n<div id=\"ngg-image-5\" class=\"ngg-gallery-slideshow-image\" style=\"height:400px\">\n\n        <a href=\"http:\/\/olasz-altisk.edu.hu\/weboldal\/wp-content\/gallery\/nemzeti-osszetartozas-napja-2024\/IMG_20240606_115106.jpg\"\n           title=\"\"\n           data-src=\"http:\/\/olasz-altisk.edu.hu\/weboldal\/wp-content\/gallery\/nemzeti-osszetartozas-napja-2024\/IMG_20240606_115106.jpg\"\n           data-thumbnail=\"http:\/\/olasz-altisk.edu.hu\/weboldal\/wp-content\/gallery\/nemzeti-osszetartozas-napja-2024\/thumbs\/thumbs_IMG_20240606_115106.jpg\"\n           data-image-id=\"1702\"\n           data-title=\"IMG_20240606_115106\"\n           data-description=\"\"\n           class=\"ngg-fancybox\" rel=\"993f378738c60811c6f725400cf6b70d\">\n\n            <img data-image-id='1702'\n                 title=\"\"\n                 alt=\"IMG_20240606_115106\"\n                 src=\"http:\/\/olasz-altisk.edu.hu\/weboldal\/wp-content\/gallery\/nemzeti-osszetartozas-napja-2024\/IMG_20240606_115106.jpg\"\n                 style=\"max-height: 380px;\"\/>\n        <\/a>\n\n        <\/div> \n<div id=\"ngg-image-6\" class=\"ngg-gallery-slideshow-image\" style=\"height:400px\">\n\n        <a href=\"http:\/\/olasz-altisk.edu.hu\/weboldal\/wp-content\/gallery\/nemzeti-osszetartozas-napja-2024\/IMG_20240606_115117_1.jpg\"\n           title=\"\"\n           data-src=\"http:\/\/olasz-altisk.edu.hu\/weboldal\/wp-content\/gallery\/nemzeti-osszetartozas-napja-2024\/IMG_20240606_115117_1.jpg\"\n           data-thumbnail=\"http:\/\/olasz-altisk.edu.hu\/weboldal\/wp-content\/gallery\/nemzeti-osszetartozas-napja-2024\/thumbs\/thumbs_IMG_20240606_115117_1.jpg\"\n           data-image-id=\"1703\"\n           data-title=\"IMG_20240606_115117_1\"\n           data-description=\"\"\n           class=\"ngg-fancybox\" rel=\"993f378738c60811c6f725400cf6b70d\">\n\n            <img data-image-id='1703'\n                 title=\"\"\n                 alt=\"IMG_20240606_115117_1\"\n                 src=\"http:\/\/olasz-altisk.edu.hu\/weboldal\/wp-content\/gallery\/nemzeti-osszetartozas-napja-2024\/IMG_20240606_115117_1.jpg\"\n                 style=\"max-height: 380px;\"\/>\n        <\/a>\n\n        <\/div> \n<div id=\"ngg-image-7\" class=\"ngg-gallery-slideshow-image\" style=\"height:400px\">\n\n        <a href=\"http:\/\/olasz-altisk.edu.hu\/weboldal\/wp-content\/gallery\/nemzeti-osszetartozas-napja-2024\/IMG_20240606_115342.jpg\"\n           title=\"\"\n           data-src=\"http:\/\/olasz-altisk.edu.hu\/weboldal\/wp-content\/gallery\/nemzeti-osszetartozas-napja-2024\/IMG_20240606_115342.jpg\"\n           data-thumbnail=\"http:\/\/olasz-altisk.edu.hu\/weboldal\/wp-content\/gallery\/nemzeti-osszetartozas-napja-2024\/thumbs\/thumbs_IMG_20240606_115342.jpg\"\n           data-image-id=\"1704\"\n           data-title=\"IMG_20240606_115342\"\n           data-description=\"\"\n           class=\"ngg-fancybox\" rel=\"993f378738c60811c6f725400cf6b70d\">\n\n            <img data-image-id='1704'\n                 title=\"\"\n                 alt=\"IMG_20240606_115342\"\n                 src=\"http:\/\/olasz-altisk.edu.hu\/weboldal\/wp-content\/gallery\/nemzeti-osszetartozas-napja-2024\/IMG_20240606_115342.jpg\"\n                 style=\"max-height: 380px;\"\/>\n        <\/a>\n\n        <\/div> \n<div id=\"ngg-image-8\" class=\"ngg-gallery-slideshow-image\" style=\"height:400px\">\n\n        <a href=\"http:\/\/olasz-altisk.edu.hu\/weboldal\/wp-content\/gallery\/nemzeti-osszetartozas-napja-2024\/IMG_20240606_120224.jpg\"\n           title=\"\"\n           data-src=\"http:\/\/olasz-altisk.edu.hu\/weboldal\/wp-content\/gallery\/nemzeti-osszetartozas-napja-2024\/IMG_20240606_120224.jpg\"\n           data-thumbnail=\"http:\/\/olasz-altisk.edu.hu\/weboldal\/wp-content\/gallery\/nemzeti-osszetartozas-napja-2024\/thumbs\/thumbs_IMG_20240606_120224.jpg\"\n           data-image-id=\"1705\"\n           data-title=\"IMG_20240606_120224\"\n           data-description=\"\"\n           class=\"ngg-fancybox\" rel=\"993f378738c60811c6f725400cf6b70d\">\n\n            <img data-image-id='1705'\n                 title=\"\"\n                 alt=\"IMG_20240606_120224\"\n                 src=\"http:\/\/olasz-altisk.edu.hu\/weboldal\/wp-content\/gallery\/nemzeti-osszetartozas-napja-2024\/IMG_20240606_120224.jpg\"\n                 style=\"max-height: 380px;\"\/>\n        <\/a>\n\n        <\/div> \n<div id=\"ngg-image-9\" class=\"ngg-gallery-slideshow-image\" style=\"height:400px\">\n\n        <a href=\"http:\/\/olasz-altisk.edu.hu\/weboldal\/wp-content\/gallery\/nemzeti-osszetartozas-napja-2024\/IMG_20240606_120132_1.jpg\"\n           title=\"\"\n           data-src=\"http:\/\/olasz-altisk.edu.hu\/weboldal\/wp-content\/gallery\/nemzeti-osszetartozas-napja-2024\/IMG_20240606_120132_1.jpg\"\n           data-thumbnail=\"http:\/\/olasz-altisk.edu.hu\/weboldal\/wp-content\/gallery\/nemzeti-osszetartozas-napja-2024\/thumbs\/thumbs_IMG_20240606_120132_1.jpg\"\n           data-image-id=\"1706\"\n           data-title=\"IMG_20240606_120132_1\"\n           data-description=\"\"\n           class=\"ngg-fancybox\" rel=\"993f378738c60811c6f725400cf6b70d\">\n\n            <img data-image-id='1706'\n                 title=\"\"\n                 alt=\"IMG_20240606_120132_1\"\n                 src=\"http:\/\/olasz-altisk.edu.hu\/weboldal\/wp-content\/gallery\/nemzeti-osszetartozas-napja-2024\/IMG_20240606_120132_1.jpg\"\n                 style=\"max-height: 380px;\"\/>\n        <\/a>\n\n        <\/div> \n<div id=\"ngg-image-10\" class=\"ngg-gallery-slideshow-image\" style=\"height:400px\">\n\n        <a href=\"http:\/\/olasz-altisk.edu.hu\/weboldal\/wp-content\/gallery\/nemzeti-osszetartozas-napja-2024\/IMG_20240606_115435_1.jpg\"\n           title=\"\"\n           data-src=\"http:\/\/olasz-altisk.edu.hu\/weboldal\/wp-content\/gallery\/nemzeti-osszetartozas-napja-2024\/IMG_20240606_115435_1.jpg\"\n           data-thumbnail=\"http:\/\/olasz-altisk.edu.hu\/weboldal\/wp-content\/gallery\/nemzeti-osszetartozas-napja-2024\/thumbs\/thumbs_IMG_20240606_115435_1.jpg\"\n           data-image-id=\"1707\"\n           data-title=\"IMG_20240606_115435_1\"\n           data-description=\"\"\n           class=\"ngg-fancybox\" rel=\"993f378738c60811c6f725400cf6b70d\">\n\n            <img data-image-id='1707'\n                 title=\"\"\n                 alt=\"IMG_20240606_115435_1\"\n                 src=\"http:\/\/olasz-altisk.edu.hu\/weboldal\/wp-content\/gallery\/nemzeti-osszetartozas-napja-2024\/IMG_20240606_115435_1.jpg\"\n                 style=\"max-height: 380px;\"\/>\n        <\/a>\n\n        <\/div> \n<div id=\"ngg-image-11\" class=\"ngg-gallery-slideshow-image\" style=\"height:400px\">\n\n        <a href=\"http:\/\/olasz-altisk.edu.hu\/weboldal\/wp-content\/gallery\/nemzeti-osszetartozas-napja-2024\/IMG_20240606_120226_1.jpg\"\n           title=\"\"\n           data-src=\"http:\/\/olasz-altisk.edu.hu\/weboldal\/wp-content\/gallery\/nemzeti-osszetartozas-napja-2024\/IMG_20240606_120226_1.jpg\"\n           data-thumbnail=\"http:\/\/olasz-altisk.edu.hu\/weboldal\/wp-content\/gallery\/nemzeti-osszetartozas-napja-2024\/thumbs\/thumbs_IMG_20240606_120226_1.jpg\"\n           data-image-id=\"1708\"\n           data-title=\"IMG_20240606_120226_1\"\n           data-description=\"\"\n           class=\"ngg-fancybox\" rel=\"993f378738c60811c6f725400cf6b70d\">\n\n            <img data-image-id='1708'\n                 title=\"\"\n                 alt=\"IMG_20240606_120226_1\"\n                 src=\"http:\/\/olasz-altisk.edu.hu\/weboldal\/wp-content\/gallery\/nemzeti-osszetartozas-napja-2024\/IMG_20240606_120226_1.jpg\"\n                 style=\"max-height: 380px;\"\/>\n        <\/a>\n\n        <\/div> \n<div id=\"ngg-image-12\" class=\"ngg-gallery-slideshow-image\" style=\"height:400px\">\n\n        <a href=\"http:\/\/olasz-altisk.edu.hu\/weboldal\/wp-content\/gallery\/nemzeti-osszetartozas-napja-2024\/IMG_20240606_120610.jpg\"\n           title=\"\"\n           data-src=\"http:\/\/olasz-altisk.edu.hu\/weboldal\/wp-content\/gallery\/nemzeti-osszetartozas-napja-2024\/IMG_20240606_120610.jpg\"\n           data-thumbnail=\"http:\/\/olasz-altisk.edu.hu\/weboldal\/wp-content\/gallery\/nemzeti-osszetartozas-napja-2024\/thumbs\/thumbs_IMG_20240606_120610.jpg\"\n           data-image-id=\"1709\"\n           data-title=\"IMG_20240606_120610\"\n           data-description=\"\"\n           class=\"ngg-fancybox\" rel=\"993f378738c60811c6f725400cf6b70d\">\n\n            <img data-image-id='1709'\n                 title=\"\"\n                 alt=\"IMG_20240606_120610\"\n                 src=\"http:\/\/olasz-altisk.edu.hu\/weboldal\/wp-content\/gallery\/nemzeti-osszetartozas-napja-2024\/IMG_20240606_120610.jpg\"\n                 style=\"max-height: 380px;\"\/>\n        <\/a>\n\n        <\/div> \n<div id=\"ngg-image-13\" class=\"ngg-gallery-slideshow-image\" style=\"height:400px\">\n\n        <a href=\"http:\/\/olasz-altisk.edu.hu\/weboldal\/wp-content\/gallery\/nemzeti-osszetartozas-napja-2024\/IMG_20240606_120615_1.jpg\"\n           title=\"\"\n           data-src=\"http:\/\/olasz-altisk.edu.hu\/weboldal\/wp-content\/gallery\/nemzeti-osszetartozas-napja-2024\/IMG_20240606_120615_1.jpg\"\n           data-thumbnail=\"http:\/\/olasz-altisk.edu.hu\/weboldal\/wp-content\/gallery\/nemzeti-osszetartozas-napja-2024\/thumbs\/thumbs_IMG_20240606_120615_1.jpg\"\n           data-image-id=\"1710\"\n           data-title=\"IMG_20240606_120615_1\"\n           data-description=\"\"\n           class=\"ngg-fancybox\" rel=\"993f378738c60811c6f725400cf6b70d\">\n\n            <img data-image-id='1710'\n                 title=\"\"\n                 alt=\"IMG_20240606_120615_1\"\n                 src=\"http:\/\/olasz-altisk.edu.hu\/weboldal\/wp-content\/gallery\/nemzeti-osszetartozas-napja-2024\/IMG_20240606_120615_1.jpg\"\n                 style=\"max-height: 380px;\"\/>\n        <\/a>\n\n        <\/div> \n<div id=\"ngg-image-14\" class=\"ngg-gallery-slideshow-image\" style=\"height:400px\">\n\n        <a href=\"http:\/\/olasz-altisk.edu.hu\/weboldal\/wp-content\/gallery\/nemzeti-osszetartozas-napja-2024\/IMG_20240606_120657.jpg\"\n           title=\"\"\n           data-src=\"http:\/\/olasz-altisk.edu.hu\/weboldal\/wp-content\/gallery\/nemzeti-osszetartozas-napja-2024\/IMG_20240606_120657.jpg\"\n           data-thumbnail=\"http:\/\/olasz-altisk.edu.hu\/weboldal\/wp-content\/gallery\/nemzeti-osszetartozas-napja-2024\/thumbs\/thumbs_IMG_20240606_120657.jpg\"\n           data-image-id=\"1711\"\n           data-title=\"IMG_20240606_120657\"\n           data-description=\"\"\n           class=\"ngg-fancybox\" rel=\"993f378738c60811c6f725400cf6b70d\">\n\n            <img data-image-id='1711'\n                 title=\"\"\n                 alt=\"IMG_20240606_120657\"\n                 src=\"http:\/\/olasz-altisk.edu.hu\/weboldal\/wp-content\/gallery\/nemzeti-osszetartozas-napja-2024\/IMG_20240606_120657.jpg\"\n                 style=\"max-height: 380px;\"\/>\n        <\/a>\n\n        <\/div> \n<div id=\"ngg-image-15\" class=\"ngg-gallery-slideshow-image\" style=\"height:400px\">\n\n        <a href=\"http:\/\/olasz-altisk.edu.hu\/weboldal\/wp-content\/gallery\/nemzeti-osszetartozas-napja-2024\/IMG_20240606_120934_1.jpg\"\n           title=\"\"\n           data-src=\"http:\/\/olasz-altisk.edu.hu\/weboldal\/wp-content\/gallery\/nemzeti-osszetartozas-napja-2024\/IMG_20240606_120934_1.jpg\"\n           data-thumbnail=\"http:\/\/olasz-altisk.edu.hu\/weboldal\/wp-content\/gallery\/nemzeti-osszetartozas-napja-2024\/thumbs\/thumbs_IMG_20240606_120934_1.jpg\"\n           data-image-id=\"1712\"\n           data-title=\"IMG_20240606_120934_1\"\n           data-description=\"\"\n           class=\"ngg-fancybox\" rel=\"993f378738c60811c6f725400cf6b70d\">\n\n            <img data-image-id='1712'\n                 title=\"\"\n                 alt=\"IMG_20240606_120934_1\"\n                 src=\"http:\/\/olasz-altisk.edu.hu\/weboldal\/wp-content\/gallery\/nemzeti-osszetartozas-napja-2024\/IMG_20240606_120934_1.jpg\"\n                 style=\"max-height: 380px;\"\/>\n        <\/a>\n\n        <\/div> \n<div id=\"ngg-image-16\" class=\"ngg-gallery-slideshow-image\" style=\"height:400px\">\n\n        <a href=\"http:\/\/olasz-altisk.edu.hu\/weboldal\/wp-content\/gallery\/nemzeti-osszetartozas-napja-2024\/IMG_20240606_122924_1.jpg\"\n           title=\"\"\n           data-src=\"http:\/\/olasz-altisk.edu.hu\/weboldal\/wp-content\/gallery\/nemzeti-osszetartozas-napja-2024\/IMG_20240606_122924_1.jpg\"\n           data-thumbnail=\"http:\/\/olasz-altisk.edu.hu\/weboldal\/wp-content\/gallery\/nemzeti-osszetartozas-napja-2024\/thumbs\/thumbs_IMG_20240606_122924_1.jpg\"\n           data-image-id=\"1713\"\n           data-title=\"IMG_20240606_122924_1\"\n           data-description=\"\"\n           class=\"ngg-fancybox\" rel=\"993f378738c60811c6f725400cf6b70d\">\n\n            <img data-image-id='1713'\n                 title=\"\"\n                 alt=\"IMG_20240606_122924_1\"\n                 src=\"http:\/\/olasz-altisk.edu.hu\/weboldal\/wp-content\/gallery\/nemzeti-osszetartozas-napja-2024\/IMG_20240606_122924_1.jpg\"\n                 style=\"max-height: 380px;\"\/>\n        <\/a>\n\n        <\/div> \n<div id=\"ngg-image-17\" class=\"ngg-gallery-slideshow-image\" style=\"height:400px\">\n\n        <a href=\"http:\/\/olasz-altisk.edu.hu\/weboldal\/wp-content\/gallery\/nemzeti-osszetartozas-napja-2024\/IMG_20240606_122919_1.jpg\"\n           title=\"\"\n           data-src=\"http:\/\/olasz-altisk.edu.hu\/weboldal\/wp-content\/gallery\/nemzeti-osszetartozas-napja-2024\/IMG_20240606_122919_1.jpg\"\n           data-thumbnail=\"http:\/\/olasz-altisk.edu.hu\/weboldal\/wp-content\/gallery\/nemzeti-osszetartozas-napja-2024\/thumbs\/thumbs_IMG_20240606_122919_1.jpg\"\n           data-image-id=\"1714\"\n           data-title=\"IMG_20240606_122919_1\"\n           data-description=\"\"\n           class=\"ngg-fancybox\" rel=\"993f378738c60811c6f725400cf6b70d\">\n\n            <img data-image-id='1714'\n                 title=\"\"\n                 alt=\"IMG_20240606_122919_1\"\n                 src=\"http:\/\/olasz-altisk.edu.hu\/weboldal\/wp-content\/gallery\/nemzeti-osszetartozas-napja-2024\/IMG_20240606_122919_1.jpg\"\n                 style=\"max-height: 380px;\"\/>\n        <\/a>\n\n        <\/div> \n<div id=\"ngg-image-18\" class=\"ngg-gallery-slideshow-image\" style=\"height:400px\">\n\n        <a href=\"http:\/\/olasz-altisk.edu.hu\/weboldal\/wp-content\/gallery\/nemzeti-osszetartozas-napja-2024\/IMG_20240606_123027.jpg\"\n           title=\"\"\n           data-src=\"http:\/\/olasz-altisk.edu.hu\/weboldal\/wp-content\/gallery\/nemzeti-osszetartozas-napja-2024\/IMG_20240606_123027.jpg\"\n           data-thumbnail=\"http:\/\/olasz-altisk.edu.hu\/weboldal\/wp-content\/gallery\/nemzeti-osszetartozas-napja-2024\/thumbs\/thumbs_IMG_20240606_123027.jpg\"\n           data-image-id=\"1715\"\n           data-title=\"IMG_20240606_123027\"\n           data-description=\"\"\n           class=\"ngg-fancybox\" rel=\"993f378738c60811c6f725400cf6b70d\">\n\n            <img data-image-id='1715'\n                 title=\"\"\n                 alt=\"IMG_20240606_123027\"\n                 src=\"http:\/\/olasz-altisk.edu.hu\/weboldal\/wp-content\/gallery\/nemzeti-osszetartozas-napja-2024\/IMG_20240606_123027.jpg\"\n                 style=\"max-height: 380px;\"\/>\n        <\/a>\n\n        <\/div> \n<div id=\"ngg-image-19\" class=\"ngg-gallery-slideshow-image\" style=\"height:400px\">\n\n        <a href=\"http:\/\/olasz-altisk.edu.hu\/weboldal\/wp-content\/gallery\/nemzeti-osszetartozas-napja-2024\/IMG_20240606_123132.jpg\"\n           title=\"\"\n           data-src=\"http:\/\/olasz-altisk.edu.hu\/weboldal\/wp-content\/gallery\/nemzeti-osszetartozas-napja-2024\/IMG_20240606_123132.jpg\"\n           data-thumbnail=\"http:\/\/olasz-altisk.edu.hu\/weboldal\/wp-content\/gallery\/nemzeti-osszetartozas-napja-2024\/thumbs\/thumbs_IMG_20240606_123132.jpg\"\n           data-image-id=\"1716\"\n           data-title=\"IMG_20240606_123132\"\n           data-description=\"\"\n           class=\"ngg-fancybox\" rel=\"993f378738c60811c6f725400cf6b70d\">\n\n            <img data-image-id='1716'\n                 title=\"\"\n                 alt=\"IMG_20240606_123132\"\n                 src=\"http:\/\/olasz-altisk.edu.hu\/weboldal\/wp-content\/gallery\/nemzeti-osszetartozas-napja-2024\/IMG_20240606_123132.jpg\"\n                 style=\"max-height: 380px;\"\/>\n        <\/a>\n\n        <\/div> \n<div id=\"ngg-image-20\" class=\"ngg-gallery-slideshow-image\" style=\"height:400px\">\n\n        <a href=\"http:\/\/olasz-altisk.edu.hu\/weboldal\/wp-content\/gallery\/nemzeti-osszetartozas-napja-2024\/IMG_20240606_123347.jpg\"\n           title=\"\"\n           data-src=\"http:\/\/olasz-altisk.edu.hu\/weboldal\/wp-content\/gallery\/nemzeti-osszetartozas-napja-2024\/IMG_20240606_123347.jpg\"\n           data-thumbnail=\"http:\/\/olasz-altisk.edu.hu\/weboldal\/wp-content\/gallery\/nemzeti-osszetartozas-napja-2024\/thumbs\/thumbs_IMG_20240606_123347.jpg\"\n           data-image-id=\"1717\"\n           data-title=\"IMG_20240606_123347\"\n           data-description=\"\"\n           class=\"ngg-fancybox\" rel=\"993f378738c60811c6f725400cf6b70d\">\n\n            <img data-image-id='1717'\n                 title=\"\"\n                 alt=\"IMG_20240606_123347\"\n                 src=\"http:\/\/olasz-altisk.edu.hu\/weboldal\/wp-content\/gallery\/nemzeti-osszetartozas-napja-2024\/IMG_20240606_123347.jpg\"\n                 style=\"max-height: 380px;\"\/>\n        <\/a>\n\n        <\/div> \n<div id=\"ngg-image-21\" class=\"ngg-gallery-slideshow-image\" style=\"height:400px\">\n\n        <a href=\"http:\/\/olasz-altisk.edu.hu\/weboldal\/wp-content\/gallery\/nemzeti-osszetartozas-napja-2024\/IMG_20240606_123446_1.jpg\"\n           title=\"\"\n           data-src=\"http:\/\/olasz-altisk.edu.hu\/weboldal\/wp-content\/gallery\/nemzeti-osszetartozas-napja-2024\/IMG_20240606_123446_1.jpg\"\n           data-thumbnail=\"http:\/\/olasz-altisk.edu.hu\/weboldal\/wp-content\/gallery\/nemzeti-osszetartozas-napja-2024\/thumbs\/thumbs_IMG_20240606_123446_1.jpg\"\n           data-image-id=\"1718\"\n           data-title=\"IMG_20240606_123446_1\"\n           data-description=\"\"\n           class=\"ngg-fancybox\" rel=\"993f378738c60811c6f725400cf6b70d\">\n\n            <img data-image-id='1718'\n                 title=\"\"\n                 alt=\"IMG_20240606_123446_1\"\n                 src=\"http:\/\/olasz-altisk.edu.hu\/weboldal\/wp-content\/gallery\/nemzeti-osszetartozas-napja-2024\/IMG_20240606_123446_1.jpg\"\n                 style=\"max-height: 380px;\"\/>\n        <\/a>\n\n        <\/div> \n<div id=\"ngg-image-22\" class=\"ngg-gallery-slideshow-image\" style=\"height:400px\">\n\n        <a href=\"http:\/\/olasz-altisk.edu.hu\/weboldal\/wp-content\/gallery\/nemzeti-osszetartozas-napja-2024\/IMG_20240606_123523.jpg\"\n           title=\"\"\n           data-src=\"http:\/\/olasz-altisk.edu.hu\/weboldal\/wp-content\/gallery\/nemzeti-osszetartozas-napja-2024\/IMG_20240606_123523.jpg\"\n           data-thumbnail=\"http:\/\/olasz-altisk.edu.hu\/weboldal\/wp-content\/gallery\/nemzeti-osszetartozas-napja-2024\/thumbs\/thumbs_IMG_20240606_123523.jpg\"\n           data-image-id=\"1719\"\n           data-title=\"IMG_20240606_123523\"\n           data-description=\"\"\n           class=\"ngg-fancybox\" rel=\"993f378738c60811c6f725400cf6b70d\">\n\n            <img data-image-id='1719'\n                 title=\"\"\n                 alt=\"IMG_20240606_123523\"\n                 src=\"http:\/\/olasz-altisk.edu.hu\/weboldal\/wp-content\/gallery\/nemzeti-osszetartozas-napja-2024\/IMG_20240606_123523.jpg\"\n                 style=\"max-height: 380px;\"\/>\n        <\/a>\n\n        <\/div> \n<div id=\"ngg-image-23\" class=\"ngg-gallery-slideshow-image\" style=\"height:400px\">\n\n        <a href=\"http:\/\/olasz-altisk.edu.hu\/weboldal\/wp-content\/gallery\/nemzeti-osszetartozas-napja-2024\/IMG_20240606_123623.jpg\"\n           title=\"\"\n           data-src=\"http:\/\/olasz-altisk.edu.hu\/weboldal\/wp-content\/gallery\/nemzeti-osszetartozas-napja-2024\/IMG_20240606_123623.jpg\"\n           data-thumbnail=\"http:\/\/olasz-altisk.edu.hu\/weboldal\/wp-content\/gallery\/nemzeti-osszetartozas-napja-2024\/thumbs\/thumbs_IMG_20240606_123623.jpg\"\n           data-image-id=\"1720\"\n           data-title=\"IMG_20240606_123623\"\n           data-description=\"\"\n           class=\"ngg-fancybox\" rel=\"993f378738c60811c6f725400cf6b70d\">\n\n            <img data-image-id='1720'\n                 title=\"\"\n                 alt=\"IMG_20240606_123623\"\n                 src=\"http:\/\/olasz-altisk.edu.hu\/weboldal\/wp-content\/gallery\/nemzeti-osszetartozas-napja-2024\/IMG_20240606_123623.jpg\"\n                 style=\"max-height: 380px;\"\/>\n        <\/a>\n\n        <\/div> \n<div id=\"ngg-image-24\" class=\"ngg-gallery-slideshow-image\" style=\"height:400px\">\n\n        <a href=\"http:\/\/olasz-altisk.edu.hu\/weboldal\/wp-content\/gallery\/nemzeti-osszetartozas-napja-2024\/IMG_20240606_123635.jpg\"\n           title=\"\"\n           data-src=\"http:\/\/olasz-altisk.edu.hu\/weboldal\/wp-content\/gallery\/nemzeti-osszetartozas-napja-2024\/IMG_20240606_123635.jpg\"\n           data-thumbnail=\"http:\/\/olasz-altisk.edu.hu\/weboldal\/wp-content\/gallery\/nemzeti-osszetartozas-napja-2024\/thumbs\/thumbs_IMG_20240606_123635.jpg\"\n           data-image-id=\"1721\"\n           data-title=\"IMG_20240606_123635\"\n           data-description=\"\"\n           class=\"ngg-fancybox\" rel=\"993f378738c60811c6f725400cf6b70d\">\n\n            <img data-image-id='1721'\n                 title=\"\"\n                 alt=\"IMG_20240606_123635\"\n                 src=\"http:\/\/olasz-altisk.edu.hu\/weboldal\/wp-content\/gallery\/nemzeti-osszetartozas-napja-2024\/IMG_20240606_123635.jpg\"\n                 style=\"max-height: 380px;\"\/>\n        <\/a>\n\n        <\/div> \n<div id=\"ngg-image-25\" class=\"ngg-gallery-slideshow-image\" style=\"height:400px\">\n\n        <a href=\"http:\/\/olasz-altisk.edu.hu\/weboldal\/wp-content\/gallery\/nemzeti-osszetartozas-napja-2024\/IMG_20240606_124015.jpg\"\n           title=\"\"\n           data-src=\"http:\/\/olasz-altisk.edu.hu\/weboldal\/wp-content\/gallery\/nemzeti-osszetartozas-napja-2024\/IMG_20240606_124015.jpg\"\n           data-thumbnail=\"http:\/\/olasz-altisk.edu.hu\/weboldal\/wp-content\/gallery\/nemzeti-osszetartozas-napja-2024\/thumbs\/thumbs_IMG_20240606_124015.jpg\"\n           data-image-id=\"1722\"\n           data-title=\"IMG_20240606_124015\"\n           data-description=\"\"\n           class=\"ngg-fancybox\" rel=\"993f378738c60811c6f725400cf6b70d\">\n\n            <img data-image-id='1722'\n                 title=\"\"\n                 alt=\"IMG_20240606_124015\"\n                 src=\"http:\/\/olasz-altisk.edu.hu\/weboldal\/wp-content\/gallery\/nemzeti-osszetartozas-napja-2024\/IMG_20240606_124015.jpg\"\n                 style=\"max-height: 380px;\"\/>\n        <\/a>\n\n        <\/div> \n<div id=\"ngg-image-26\" class=\"ngg-gallery-slideshow-image\" style=\"height:400px\">\n\n        <a href=\"http:\/\/olasz-altisk.edu.hu\/weboldal\/wp-content\/gallery\/nemzeti-osszetartozas-napja-2024\/IMG_20240606_124259_1.jpg\"\n           title=\"\"\n           data-src=\"http:\/\/olasz-altisk.edu.hu\/weboldal\/wp-content\/gallery\/nemzeti-osszetartozas-napja-2024\/IMG_20240606_124259_1.jpg\"\n           data-thumbnail=\"http:\/\/olasz-altisk.edu.hu\/weboldal\/wp-content\/gallery\/nemzeti-osszetartozas-napja-2024\/thumbs\/thumbs_IMG_20240606_124259_1.jpg\"\n           data-image-id=\"1723\"\n           data-title=\"IMG_20240606_124259_1\"\n           data-description=\"\"\n           class=\"ngg-fancybox\" rel=\"993f378738c60811c6f725400cf6b70d\">\n\n            <img data-image-id='1723'\n                 title=\"\"\n                 alt=\"IMG_20240606_124259_1\"\n                 src=\"http:\/\/olasz-altisk.edu.hu\/weboldal\/wp-content\/gallery\/nemzeti-osszetartozas-napja-2024\/IMG_20240606_124259_1.jpg\"\n                 style=\"max-height: 380px;\"\/>\n        <\/a>\n\n        <\/div> \n<div id=\"ngg-image-27\" class=\"ngg-gallery-slideshow-image\" style=\"height:400px\">\n\n        <a href=\"http:\/\/olasz-altisk.edu.hu\/weboldal\/wp-content\/gallery\/nemzeti-osszetartozas-napja-2024\/IMG_20240606_124357.jpg\"\n           title=\"\"\n           data-src=\"http:\/\/olasz-altisk.edu.hu\/weboldal\/wp-content\/gallery\/nemzeti-osszetartozas-napja-2024\/IMG_20240606_124357.jpg\"\n           data-thumbnail=\"http:\/\/olasz-altisk.edu.hu\/weboldal\/wp-content\/gallery\/nemzeti-osszetartozas-napja-2024\/thumbs\/thumbs_IMG_20240606_124357.jpg\"\n           data-image-id=\"1724\"\n           data-title=\"IMG_20240606_124357\"\n           data-description=\"\"\n           class=\"ngg-fancybox\" rel=\"993f378738c60811c6f725400cf6b70d\">\n\n            <img data-image-id='1724'\n                 title=\"\"\n                 alt=\"IMG_20240606_124357\"\n                 src=\"http:\/\/olasz-altisk.edu.hu\/weboldal\/wp-content\/gallery\/nemzeti-osszetartozas-napja-2024\/IMG_20240606_124357.jpg\"\n                 style=\"max-height: 380px;\"\/>\n        <\/a>\n\n        <\/div> \n<div id=\"ngg-image-28\" class=\"ngg-gallery-slideshow-image\" style=\"height:400px\">\n\n        <a href=\"http:\/\/olasz-altisk.edu.hu\/weboldal\/wp-content\/gallery\/nemzeti-osszetartozas-napja-2024\/IMG_20240606_124530.jpg\"\n           title=\"\"\n           data-src=\"http:\/\/olasz-altisk.edu.hu\/weboldal\/wp-content\/gallery\/nemzeti-osszetartozas-napja-2024\/IMG_20240606_124530.jpg\"\n           data-thumbnail=\"http:\/\/olasz-altisk.edu.hu\/weboldal\/wp-content\/gallery\/nemzeti-osszetartozas-napja-2024\/thumbs\/thumbs_IMG_20240606_124530.jpg\"\n           data-image-id=\"1725\"\n           data-title=\"IMG_20240606_124530\"\n           data-description=\"\"\n           class=\"ngg-fancybox\" rel=\"993f378738c60811c6f725400cf6b70d\">\n\n            <img data-image-id='1725'\n                 title=\"\"\n                 alt=\"IMG_20240606_124530\"\n                 src=\"http:\/\/olasz-altisk.edu.hu\/weboldal\/wp-content\/gallery\/nemzeti-osszetartozas-napja-2024\/IMG_20240606_124530.jpg\"\n                 style=\"max-height: 380px;\"\/>\n        <\/a>\n\n        <\/div> \n<div id=\"ngg-image-29\" class=\"ngg-gallery-slideshow-image\" style=\"height:400px\">\n\n        <a href=\"http:\/\/olasz-altisk.edu.hu\/weboldal\/wp-content\/gallery\/nemzeti-osszetartozas-napja-2024\/IMG_20240606_124552.jpg\"\n           title=\"\"\n           data-src=\"http:\/\/olasz-altisk.edu.hu\/weboldal\/wp-content\/gallery\/nemzeti-osszetartozas-napja-2024\/IMG_20240606_124552.jpg\"\n           data-thumbnail=\"http:\/\/olasz-altisk.edu.hu\/weboldal\/wp-content\/gallery\/nemzeti-osszetartozas-napja-2024\/thumbs\/thumbs_IMG_20240606_124552.jpg\"\n           data-image-id=\"1726\"\n           data-title=\"IMG_20240606_124552\"\n           data-description=\"\"\n           class=\"ngg-fancybox\" rel=\"993f378738c60811c6f725400cf6b70d\">\n\n            <img data-image-id='1726'\n                 title=\"\"\n                 alt=\"IMG_20240606_124552\"\n                 src=\"http:\/\/olasz-altisk.edu.hu\/weboldal\/wp-content\/gallery\/nemzeti-osszetartozas-napja-2024\/IMG_20240606_124552.jpg\"\n                 style=\"max-height: 380px;\"\/>\n        <\/a>\n\n        <\/div> \n<div id=\"ngg-image-30\" class=\"ngg-gallery-slideshow-image\" style=\"height:400px\">\n\n        <a href=\"http:\/\/olasz-altisk.edu.hu\/weboldal\/wp-content\/gallery\/nemzeti-osszetartozas-napja-2024\/IMG_20240606_124619.jpg\"\n           title=\"\"\n           data-src=\"http:\/\/olasz-altisk.edu.hu\/weboldal\/wp-content\/gallery\/nemzeti-osszetartozas-napja-2024\/IMG_20240606_124619.jpg\"\n           data-thumbnail=\"http:\/\/olasz-altisk.edu.hu\/weboldal\/wp-content\/gallery\/nemzeti-osszetartozas-napja-2024\/thumbs\/thumbs_IMG_20240606_124619.jpg\"\n           data-image-id=\"1727\"\n           data-title=\"IMG_20240606_124619\"\n           data-description=\"\"\n           class=\"ngg-fancybox\" rel=\"993f378738c60811c6f725400cf6b70d\">\n\n            <img data-image-id='1727'\n                 title=\"\"\n                 alt=\"IMG_20240606_124619\"\n                 src=\"http:\/\/olasz-altisk.edu.hu\/weboldal\/wp-content\/gallery\/nemzeti-osszetartozas-napja-2024\/IMG_20240606_124619.jpg\"\n                 style=\"max-height: 380px;\"\/>\n        <\/a>\n\n        <\/div> \n<div id=\"ngg-image-31\" class=\"ngg-gallery-slideshow-image\" style=\"height:400px\">\n\n        <a href=\"http:\/\/olasz-altisk.edu.hu\/weboldal\/wp-content\/gallery\/nemzeti-osszetartozas-napja-2024\/IMG_20240606_125151.jpg\"\n           title=\"\"\n           data-src=\"http:\/\/olasz-altisk.edu.hu\/weboldal\/wp-content\/gallery\/nemzeti-osszetartozas-napja-2024\/IMG_20240606_125151.jpg\"\n           data-thumbnail=\"http:\/\/olasz-altisk.edu.hu\/weboldal\/wp-content\/gallery\/nemzeti-osszetartozas-napja-2024\/thumbs\/thumbs_IMG_20240606_125151.jpg\"\n           data-image-id=\"1728\"\n           data-title=\"IMG_20240606_125151\"\n           data-description=\"\"\n           class=\"ngg-fancybox\" rel=\"993f378738c60811c6f725400cf6b70d\">\n\n            <img data-image-id='1728'\n                 title=\"\"\n                 alt=\"IMG_20240606_125151\"\n                 src=\"http:\/\/olasz-altisk.edu.hu\/weboldal\/wp-content\/gallery\/nemzeti-osszetartozas-napja-2024\/IMG_20240606_125151.jpg\"\n                 style=\"max-height: 380px;\"\/>\n        <\/a>\n\n        <\/div> \n<div id=\"ngg-image-32\" class=\"ngg-gallery-slideshow-image\" style=\"height:400px\">\n\n        <a href=\"http:\/\/olasz-altisk.edu.hu\/weboldal\/wp-content\/gallery\/nemzeti-osszetartozas-napja-2024\/IMG_20240606_125234.jpg\"\n           title=\"\"\n           data-src=\"http:\/\/olasz-altisk.edu.hu\/weboldal\/wp-content\/gallery\/nemzeti-osszetartozas-napja-2024\/IMG_20240606_125234.jpg\"\n           data-thumbnail=\"http:\/\/olasz-altisk.edu.hu\/weboldal\/wp-content\/gallery\/nemzeti-osszetartozas-napja-2024\/thumbs\/thumbs_IMG_20240606_125234.jpg\"\n           data-image-id=\"1729\"\n           data-title=\"IMG_20240606_125234\"\n           data-description=\"\"\n           class=\"ngg-fancybox\" rel=\"993f378738c60811c6f725400cf6b70d\">\n\n            <img data-image-id='1729'\n                 title=\"\"\n                 alt=\"IMG_20240606_125234\"\n                 src=\"http:\/\/olasz-altisk.edu.hu\/weboldal\/wp-content\/gallery\/nemzeti-osszetartozas-napja-2024\/IMG_20240606_125234.jpg\"\n                 style=\"max-height: 380px;\"\/>\n        <\/a>\n\n        <\/div> \n<div id=\"ngg-image-33\" class=\"ngg-gallery-slideshow-image\" style=\"height:400px\">\n\n        <a href=\"http:\/\/olasz-altisk.edu.hu\/weboldal\/wp-content\/gallery\/nemzeti-osszetartozas-napja-2024\/IMG_20240606_125416.jpg\"\n           title=\"\"\n           data-src=\"http:\/\/olasz-altisk.edu.hu\/weboldal\/wp-content\/gallery\/nemzeti-osszetartozas-napja-2024\/IMG_20240606_125416.jpg\"\n           data-thumbnail=\"http:\/\/olasz-altisk.edu.hu\/weboldal\/wp-content\/gallery\/nemzeti-osszetartozas-napja-2024\/thumbs\/thumbs_IMG_20240606_125416.jpg\"\n           data-image-id=\"1730\"\n           data-title=\"IMG_20240606_125416\"\n           data-description=\"\"\n           class=\"ngg-fancybox\" rel=\"993f378738c60811c6f725400cf6b70d\">\n\n            <img data-image-id='1730'\n                 title=\"\"\n                 alt=\"IMG_20240606_125416\"\n                 src=\"http:\/\/olasz-altisk.edu.hu\/weboldal\/wp-content\/gallery\/nemzeti-osszetartozas-napja-2024\/IMG_20240606_125416.jpg\"\n                 style=\"max-height: 380px;\"\/>\n        <\/a>\n\n        <\/div> \n<div id=\"ngg-image-34\" class=\"ngg-gallery-slideshow-image\" style=\"height:400px\">\n\n        <a href=\"http:\/\/olasz-altisk.edu.hu\/weboldal\/wp-content\/gallery\/nemzeti-osszetartozas-napja-2024\/IMG_20240606_125524_1.jpg\"\n           title=\"\"\n           data-src=\"http:\/\/olasz-altisk.edu.hu\/weboldal\/wp-content\/gallery\/nemzeti-osszetartozas-napja-2024\/IMG_20240606_125524_1.jpg\"\n           data-thumbnail=\"http:\/\/olasz-altisk.edu.hu\/weboldal\/wp-content\/gallery\/nemzeti-osszetartozas-napja-2024\/thumbs\/thumbs_IMG_20240606_125524_1.jpg\"\n           data-image-id=\"1731\"\n           data-title=\"IMG_20240606_125524_1\"\n           data-description=\"\"\n           class=\"ngg-fancybox\" rel=\"993f378738c60811c6f725400cf6b70d\">\n\n            <img data-image-id='1731'\n                 title=\"\"\n                 alt=\"IMG_20240606_125524_1\"\n                 src=\"http:\/\/olasz-altisk.edu.hu\/weboldal\/wp-content\/gallery\/nemzeti-osszetartozas-napja-2024\/IMG_20240606_125524_1.jpg\"\n                 style=\"max-height: 380px;\"\/>\n        <\/a>\n\n        <\/div> \n<div id=\"ngg-image-35\" class=\"ngg-gallery-slideshow-image\" style=\"height:400px\">\n\n        <a href=\"http:\/\/olasz-altisk.edu.hu\/weboldal\/wp-content\/gallery\/nemzeti-osszetartozas-napja-2024\/IMG_20240606_125758.jpg\"\n           title=\"\"\n           data-src=\"http:\/\/olasz-altisk.edu.hu\/weboldal\/wp-content\/gallery\/nemzeti-osszetartozas-napja-2024\/IMG_20240606_125758.jpg\"\n           data-thumbnail=\"http:\/\/olasz-altisk.edu.hu\/weboldal\/wp-content\/gallery\/nemzeti-osszetartozas-napja-2024\/thumbs\/thumbs_IMG_20240606_125758.jpg\"\n           data-image-id=\"1732\"\n           data-title=\"IMG_20240606_125758\"\n           data-description=\"\"\n           class=\"ngg-fancybox\" rel=\"993f378738c60811c6f725400cf6b70d\">\n\n            <img data-image-id='1732'\n                 title=\"\"\n                 alt=\"IMG_20240606_125758\"\n                 src=\"http:\/\/olasz-altisk.edu.hu\/weboldal\/wp-content\/gallery\/nemzeti-osszetartozas-napja-2024\/IMG_20240606_125758.jpg\"\n                 style=\"max-height: 380px;\"\/>\n        <\/a>\n\n        <\/div> \n<\/div>\n\n\n\n\n","protected":false},"excerpt":{"rendered":"<p>J\u00fanius 4. a nemzeti \u00f6sszetartoz\u00e1s napja.Iskol\u00e1nkban is megeml\u00e9kezt\u00fcnk a szomor\u00fa trianoni esem\u00e9nyekr\u0151l. Dukai Zolt\u00e1n tan\u00e1r \u00far tolm\u00e1csol\u00e1s\u00e1ban ismerhett\u00fck meg e nap t\u00f6rt\u00e9nelmi mozzanatait.Majd a 7.oszt\u00e1lyos tanul\u00f3k tartottak r\u00e9szletes bemutat\u00f3t a &#8222;Hat\u00e1rtalanul&#8221; kir\u00e1ndul\u00e1s mindennapjair\u00f3l.A program z\u00e1r\u00e1sak\u00e9nt az als\u00f3s \u00e9s fels\u0151s tanul\u00f3k \u00e9rdekes feladatokat oldottak meg Magyarorsz\u00e1g t\u00e9mak\u00f6rben.A j\u00e1t\u00e9kok k\u00f6z\u00f6tt volt \u0151shonos \u2026 <a class=\"continue-reading-link\" href=\"http:\/\/olasz-altisk.edu.hu\/weboldal\/?p=4144\"> Continue reading <span class=\"meta-nav\">&rarr; <\/span><\/a><\/p>\n","protected":false},"author":1,"featured_media":0,"comment_status":"closed","ping_status":"closed","sticky":false,"template":"","format":"standard","meta":{"ngg_post_thumbnail":0},"categories":[1],"tags":[],"_links":{"self":[{"href":"http:\/\/olasz-altisk.edu.hu\/weboldal\/index.php?rest_route=\/wp\/v2\/posts\/4144"}],"collection":[{"href":"http:\/\/olasz-altisk.edu.hu\/weboldal\/index.php?rest_route=\/wp\/v2\/posts"}],"about":[{"href":"http:\/\/olasz-altisk.edu.hu\/weboldal\/index.php?rest_route=\/wp\/v2\/types\/post"}],"author":[{"embeddable":true,"href":"http:\/\/olasz-altisk.edu.hu\/weboldal\/index.php?rest_route=\/wp\/v2\/users\/1"}],"replies":[{"embeddable":true,"href":"http:\/\/olasz-altisk.edu.hu\/weboldal\/index.php?rest_route=%2Fwp%2Fv2%2Fcomments&post=4144"}],"version-history":[{"count":3,"href":"http:\/\/olasz-altisk.edu.hu\/weboldal\/index.php?rest_route=\/wp\/v2\/posts\/4144\/revisions"}],"predecessor-version":[{"id":4184,"href":"http:\/\/olasz-altisk.edu.hu\/weboldal\/index.php?rest_route=\/wp\/v2\/posts\/4144\/revisions\/4184"}],"wp:attachment":[{"href":"http:\/\/olasz-altisk.edu.hu\/weboldal\/index.php?rest_route=%2Fwp%2Fv2%2Fmedia&parent=4144"}],"wp:term":[{"taxonomy":"category","embeddable":true,"href":"http:\/\/olasz-altisk.edu.hu\/weboldal\/index.php?rest_route=%2Fwp%2Fv2%2Fcategories&post=4144"},{"taxonomy":"post_tag","embeddable":true,"href":"http:\/\/olasz-altisk.edu.hu\/weboldal\/index.php?rest_route=%2Fwp%2Fv2%2Ftags&post=4144"}],"curies":[{"name":"wp","href":"https:\/\/api.w.org\/{rel}","templated":true}]}}