{"id":4375,"date":"2024-08-26T13:09:45","date_gmt":"2024-08-26T11:09:45","guid":{"rendered":"http:\/\/olasz-altisk.edu.hu\/weboldal\/?p=4375"},"modified":"2024-08-26T13:09:45","modified_gmt":"2024-08-26T11:09:45","slug":"menetrend-valtozas","status":"publish","type":"post","link":"http:\/\/olasz-altisk.edu.hu\/weboldal\/?p=4375","title":{"rendered":"Menetrend v\u00e1ltoz\u00e1s!"},"content":{"rendered":"<div class=\"wp-block-image\">\n<figure class=\"aligncenter size-full is-resized\"><img decoding=\"async\" loading=\"lazy\" src=\"http:\/\/olasz-altisk.edu.hu\/weboldal\/wp-content\/uploads\/pngegg-7.png\" alt=\"\" class=\"wp-image-4376\" width=\"195\" height=\"132\" srcset=\"http:\/\/olasz-altisk.edu.hu\/weboldal\/wp-content\/uploads\/pngegg-7.png 780w, http:\/\/olasz-altisk.edu.hu\/weboldal\/wp-content\/uploads\/pngegg-7-300x203.png 300w, http:\/\/olasz-altisk.edu.hu\/weboldal\/wp-content\/uploads\/pngegg-7-768x521.png 768w, http:\/\/olasz-altisk.edu.hu\/weboldal\/wp-content\/uploads\/pngegg-7-150x102.png 150w, http:\/\/olasz-altisk.edu.hu\/weboldal\/wp-content\/uploads\/pngegg-7-221x150.png 221w\" sizes=\"(max-width: 195px) 100vw, 195px\" \/><\/figure><\/div>\n\n\n<p class=\"has-text-align-center\">Tisztelt Sz\u00fcl\u0151k!<\/p>\n\n\n\n<p>\u00c9rtes\u00edtj\u00fck \u00d6n\u00f6ket, hogy szeptember 2-\u00e1t\u00f3l Szederk\u00e9ny \u00e9s Olasz k\u00f6z\u00f6tt k\u00f6zvetlen buszj\u00e1rtot ind\u00edtott a Vol\u00e1nbusz Zrt., amely megk\u00f6nny\u00edti a szederk\u00e9nyi tanul\u00f3k iskol\u00e1ba j\u00e1r\u00e1s\u00e1t.  <\/p>\n\n\n\n<figure class=\"wp-block-table is-style-regular\"><table class=\"has-background\" style=\"background:radial-gradient(rgba(252,185,0,1) 0%,rgba(255,105,0,1) 100%)\"><thead><tr><th><strong>Indul\u00e1s<\/strong><\/th><th><strong>id\u0151<\/strong><\/th><th><strong>\u00c9rkez\u00e9s<\/strong><\/th><th><strong>id\u0151<\/strong><\/th><\/tr><\/thead><tbody><tr><td>Szederk\u00e9ny<\/td><td>07:50<\/td><td>Olaszi iskola<\/td><td>07:57<\/td><\/tr><tr><td>Olaszi iskola<\/td><td>15:13<\/td><td>Szederk\u00e9ny<\/td><td>15:20<\/td><\/tr><\/tbody><\/table><\/figure>\n","protected":false},"excerpt":{"rendered":"<p>Tisztelt Sz\u00fcl\u0151k! \u00c9rtes\u00edtj\u00fck \u00d6n\u00f6ket, hogy szeptember 2-\u00e1t\u00f3l Szederk\u00e9ny \u00e9s Olasz k\u00f6z\u00f6tt k\u00f6zvetlen buszj\u00e1rtot ind\u00edtott a Vol\u00e1nbusz Zrt., amely megk\u00f6nny\u00edti a szederk\u00e9nyi tanul\u00f3k iskol\u00e1ba j\u00e1r\u00e1s\u00e1t. Indul\u00e1s id\u0151 \u00c9rkez\u00e9s id\u0151 Szederk\u00e9ny 07:50 Olaszi iskola 07:57 Olaszi iskola 15:13 Szederk\u00e9ny 15:20<\/p>\n","protected":false},"author":1,"featured_media":0,"comment_status":"closed","ping_status":"closed","sticky":false,"template":"","format":"standard","meta":{"ngg_post_thumbnail":0},"categories":[1],"tags":[],"_links":{"self":[{"href":"http:\/\/olasz-altisk.edu.hu\/weboldal\/index.php?rest_route=\/wp\/v2\/posts\/4375"}],"collection":[{"href":"http:\/\/olasz-altisk.edu.hu\/weboldal\/index.php?rest_route=\/wp\/v2\/posts"}],"about":[{"href":"http:\/\/olasz-altisk.edu.hu\/weboldal\/index.php?rest_route=\/wp\/v2\/types\/post"}],"author":[{"embeddable":true,"href":"http:\/\/olasz-altisk.edu.hu\/weboldal\/index.php?rest_route=\/wp\/v2\/users\/1"}],"replies":[{"embeddable":true,"href":"http:\/\/olasz-altisk.edu.hu\/weboldal\/index.php?rest_route=%2Fwp%2Fv2%2Fcomments&post=4375"}],"version-history":[{"count":2,"href":"http:\/\/olasz-altisk.edu.hu\/weboldal\/index.php?rest_route=\/wp\/v2\/posts\/4375\/revisions"}],"predecessor-version":[{"id":4378,"href":"http:\/\/olasz-altisk.edu.hu\/weboldal\/index.php?rest_route=\/wp\/v2\/posts\/4375\/revisions\/4378"}],"wp:attachment":[{"href":"http:\/\/olasz-altisk.edu.hu\/weboldal\/index.php?rest_route=%2Fwp%2Fv2%2Fmedia&parent=4375"}],"wp:term":[{"taxonomy":"category","embeddable":true,"href":"http:\/\/olasz-altisk.edu.hu\/weboldal\/index.php?rest_route=%2Fwp%2Fv2%2Fcategories&post=4375"},{"taxonomy":"post_tag","embeddable":true,"href":"http:\/\/olasz-altisk.edu.hu\/weboldal\/index.php?rest_route=%2Fwp%2Fv2%2Ftags&post=4375"}],"curies":[{"name":"wp","href":"https:\/\/api.w.org\/{rel}","templated":true}]}}