{"id":4433,"date":"2024-10-07T10:28:08","date_gmt":"2024-10-07T08:28:08","guid":{"rendered":"http:\/\/olasz-altisk.edu.hu\/weboldal\/?p=4433"},"modified":"2024-10-07T10:28:08","modified_gmt":"2024-10-07T08:28:08","slug":"vidam-nyari-programok","status":"publish","type":"post","link":"http:\/\/olasz-altisk.edu.hu\/weboldal\/?p=4433","title":{"rendered":"Vid\u00e1m ny\u00e1ri programok"},"content":{"rendered":"\n<p class=\"has-text-align-left\"><strong>J\u00fanius 19-\u00e9n lez\u00e1rtuk a 2023-2024-es tan\u00e9vet \u00e9s megkezdt\u00fck a ny\u00e1ri sz\u00fcnetet. Ami igen akt\u00edvan telt, hiszen n\u00e9gy t\u00e1borban is r\u00e9szt vehettek a tanul\u00f3k.<\/strong><\/p>\n\n\n\n<p class=\"has-text-align-left\"><strong>Els\u0151 h\u00e9ten vonattal Fenyvesre utaztak a gyerekek, ahol az es\u0151 ellen\u00e9re is vid\u00e1man teltek a napok.<\/strong><\/p>\n\n\n\n<figure class=\"wp-block-image size-large\"><img decoding=\"async\" loading=\"lazy\" width=\"1024\" height=\"461\" src=\"http:\/\/olasz-altisk.edu.hu\/weboldal\/wp-content\/uploads\/balcsi-1024x461.jpeg\" alt=\"\" class=\"wp-image-4434\" srcset=\"http:\/\/olasz-altisk.edu.hu\/weboldal\/wp-content\/uploads\/balcsi-1024x461.jpeg 1024w, http:\/\/olasz-altisk.edu.hu\/weboldal\/wp-content\/uploads\/balcsi-300x135.jpeg 300w, http:\/\/olasz-altisk.edu.hu\/weboldal\/wp-content\/uploads\/balcsi-768x346.jpeg 768w, http:\/\/olasz-altisk.edu.hu\/weboldal\/wp-content\/uploads\/balcsi-1536x691.jpeg 1536w, http:\/\/olasz-altisk.edu.hu\/weboldal\/wp-content\/uploads\/balcsi-150x68.jpeg 150w, http:\/\/olasz-altisk.edu.hu\/weboldal\/wp-content\/uploads\/balcsi-250x113.jpeg 250w, http:\/\/olasz-altisk.edu.hu\/weboldal\/wp-content\/uploads\/balcsi.jpeg 1740w\" sizes=\"(max-width: 1024px) 100vw, 1024px\" \/><\/figure>\n\n\n\n<p class=\"has-text-align-left\"><strong>Ez id\u0151 alatt itt az iskol\u00e1ban a m\u00e1r hagyom\u00e1nynak sz\u00e1m\u00edt\u00f3 k\u00e9t hetes Erzs\u00e9bet t\u00e1borban kezdt\u00fck meg az \u00e9letet. Igen v\u00e1ltozatos programokat k\u00edn\u00e1ltak a pedag\u00f3gusok.<\/strong><\/p>\n\n\n\n<figure class=\"wp-block-gallery has-nested-images columns-default is-cropped wp-block-gallery-1 is-layout-flex\">\n<figure class=\"wp-block-image size-large\"><img decoding=\"async\" loading=\"lazy\" width=\"1024\" height=\"577\" data-id=\"4435\"  src=\"http:\/\/olasz-altisk.edu.hu\/weboldal\/wp-content\/uploads\/nemet-1024x577.jpeg\" alt=\"\" class=\"wp-image-4435\" srcset=\"http:\/\/olasz-altisk.edu.hu\/weboldal\/wp-content\/uploads\/nemet-1024x577.jpeg 1024w, http:\/\/olasz-altisk.edu.hu\/weboldal\/wp-content\/uploads\/nemet-300x169.jpeg 300w, http:\/\/olasz-altisk.edu.hu\/weboldal\/wp-content\/uploads\/nemet-768x433.jpeg 768w, http:\/\/olasz-altisk.edu.hu\/weboldal\/wp-content\/uploads\/nemet-1536x865.jpeg 1536w, http:\/\/olasz-altisk.edu.hu\/weboldal\/wp-content\/uploads\/nemet-150x85.jpeg 150w, http:\/\/olasz-altisk.edu.hu\/weboldal\/wp-content\/uploads\/nemet-250x141.jpeg 250w, http:\/\/olasz-altisk.edu.hu\/weboldal\/wp-content\/uploads\/nemet.jpeg 1734w\" sizes=\"(max-width: 1024px) 100vw, 1024px\" \/><\/figure>\n\n\n\n<figure class=\"wp-block-image size-large\"><img decoding=\"async\" loading=\"lazy\" width=\"1024\" height=\"577\" data-id=\"4436\"  src=\"http:\/\/olasz-altisk.edu.hu\/weboldal\/wp-content\/uploads\/nemet2-1024x577.jpeg\" alt=\"\" class=\"wp-image-4436\" srcset=\"http:\/\/olasz-altisk.edu.hu\/weboldal\/wp-content\/uploads\/nemet2-1024x577.jpeg 1024w, http:\/\/olasz-altisk.edu.hu\/weboldal\/wp-content\/uploads\/nemet2-300x169.jpeg 300w, http:\/\/olasz-altisk.edu.hu\/weboldal\/wp-content\/uploads\/nemet2-768x433.jpeg 768w, http:\/\/olasz-altisk.edu.hu\/weboldal\/wp-content\/uploads\/nemet2-1536x865.jpeg 1536w, http:\/\/olasz-altisk.edu.hu\/weboldal\/wp-content\/uploads\/nemet2-150x85.jpeg 150w, http:\/\/olasz-altisk.edu.hu\/weboldal\/wp-content\/uploads\/nemet2-250x141.jpeg 250w, http:\/\/olasz-altisk.edu.hu\/weboldal\/wp-content\/uploads\/nemet2.jpeg 1734w\" sizes=\"(max-width: 1024px) 100vw, 1024px\" \/><\/figure>\n<\/figure>\n\n\n\n<p class=\"has-text-align-left\"><strong>Eg\u00e9szs\u00e9gmeg\u0151rz\u00e9s, sport, mozg\u00e1s, eg\u00e9szs\u00e9ges \u00e9telek, f\u0151z\u00e9s-s\u00fct\u00e9s, k\u00e9zm\u0171vesked\u00e9s, strandol\u00e1s, \u00edj\u00e1szat, hagyom\u00e1ny\u0151rz\u00e9s, baranta, v\u00e1rl\u00e1togat\u00e1s is mind megtal\u00e1lhat\u00f3 volt a reperto\u00e1rban.<\/strong><\/p>\n\n\n\n<p class=\"has-text-align-left\"><strong>A h\u0151s\u00e9g se szegte a gyerekek kedv\u00e9t, \u00e9lm\u00e9nyekkel telve, vid\u00e1man t\u00e9rtek haza.<\/strong><\/p>\n\n\n\n<p class=\"has-text-align-left\"><strong>Augusztus utols\u00f3 het\u00e9ben pedig az Olaszi N\u00e9met \u00d6nkorm\u00e1nyzat \u00e1ltal megh\u00edrdetett \u00e9s szervezett N\u00e9met T\u00e1nct\u00e1borban j\u00e1rtak a tanul\u00f3k. Itt is igen mozgalmasan teltek a napok.<\/strong><\/p>\n\n\n\n<p class=\"has-text-align-left\"><strong>K\u00e9zm\u0171vesked\u00e9s, t\u00e1ncol\u00e1s, \u00e9nekl\u00e9s, sorversenyek, kir\u00e1ndul\u00e1s Sz\u00e9kelyszabarra \u00e9s sok m\u00f3ka, nevet\u00e9s v\u00e1rt mindenkit.<\/strong><\/p>\n\n\n\n\n\n<div class=\"ngg-galleryoverview ngg-slideshow\"\n\t id=\"ngg-slideshow-da00227da7371780e4726121968dbfe4-2017295810\"\n     data-gallery-id=\"da00227da7371780e4726121968dbfe4\"\n     style=\"max-width: 600px; max-height: 400px;\">\n\n \t<div id=\"ngg-image-0\" class=\"ngg-gallery-slideshow-image\" style=\"height:400px\">\n\n        <a href=\"http:\/\/olasz-altisk.edu.hu\/weboldal\/wp-content\/gallery\/vidam-nyari-programok\/Kep6.png\"\n           title=\"\"\n           data-src=\"http:\/\/olasz-altisk.edu.hu\/weboldal\/wp-content\/gallery\/vidam-nyari-programok\/Kep6.png\"\n           data-thumbnail=\"http:\/\/olasz-altisk.edu.hu\/weboldal\/wp-content\/gallery\/vidam-nyari-programok\/thumbs\/thumbs_Kep6.png\"\n           data-image-id=\"1901\"\n           data-title=\"Kep6\"\n           data-description=\"\"\n           class=\"ngg-fancybox\" rel=\"da00227da7371780e4726121968dbfe4\">\n\n            <img data-image-id='1901'\n                 title=\"\"\n                 alt=\"Kep6\"\n                 src=\"http:\/\/olasz-altisk.edu.hu\/weboldal\/wp-content\/gallery\/vidam-nyari-programok\/Kep6.png\"\n                 style=\"max-height: 380px;\"\/>\n        <\/a>\n\n        <\/div> \n<div id=\"ngg-image-1\" class=\"ngg-gallery-slideshow-image\" style=\"height:400px\">\n\n        <a href=\"http:\/\/olasz-altisk.edu.hu\/weboldal\/wp-content\/gallery\/vidam-nyari-programok\/Kep2.png\"\n           title=\"\"\n           data-src=\"http:\/\/olasz-altisk.edu.hu\/weboldal\/wp-content\/gallery\/vidam-nyari-programok\/Kep2.png\"\n           data-thumbnail=\"http:\/\/olasz-altisk.edu.hu\/weboldal\/wp-content\/gallery\/vidam-nyari-programok\/thumbs\/thumbs_Kep2.png\"\n           data-image-id=\"1902\"\n           data-title=\"Kep2\"\n           data-description=\"\"\n           class=\"ngg-fancybox\" rel=\"da00227da7371780e4726121968dbfe4\">\n\n            <img data-image-id='1902'\n                 title=\"\"\n                 alt=\"Kep2\"\n                 src=\"http:\/\/olasz-altisk.edu.hu\/weboldal\/wp-content\/gallery\/vidam-nyari-programok\/Kep2.png\"\n                 style=\"max-height: 380px;\"\/>\n        <\/a>\n\n        <\/div> \n<div id=\"ngg-image-2\" class=\"ngg-gallery-slideshow-image\" style=\"height:400px\">\n\n        <a href=\"http:\/\/olasz-altisk.edu.hu\/weboldal\/wp-content\/gallery\/vidam-nyari-programok\/Kep5.png\"\n           title=\"\"\n           data-src=\"http:\/\/olasz-altisk.edu.hu\/weboldal\/wp-content\/gallery\/vidam-nyari-programok\/Kep5.png\"\n           data-thumbnail=\"http:\/\/olasz-altisk.edu.hu\/weboldal\/wp-content\/gallery\/vidam-nyari-programok\/thumbs\/thumbs_Kep5.png\"\n           data-image-id=\"1903\"\n           data-title=\"Kep5\"\n           data-description=\"\"\n           class=\"ngg-fancybox\" rel=\"da00227da7371780e4726121968dbfe4\">\n\n            <img data-image-id='1903'\n                 title=\"\"\n                 alt=\"Kep5\"\n                 src=\"http:\/\/olasz-altisk.edu.hu\/weboldal\/wp-content\/gallery\/vidam-nyari-programok\/Kep5.png\"\n                 style=\"max-height: 380px;\"\/>\n        <\/a>\n\n        <\/div> \n<div id=\"ngg-image-3\" class=\"ngg-gallery-slideshow-image\" style=\"height:400px\">\n\n        <a href=\"http:\/\/olasz-altisk.edu.hu\/weboldal\/wp-content\/gallery\/vidam-nyari-programok\/Kep3.png\"\n           title=\"\"\n           data-src=\"http:\/\/olasz-altisk.edu.hu\/weboldal\/wp-content\/gallery\/vidam-nyari-programok\/Kep3.png\"\n           data-thumbnail=\"http:\/\/olasz-altisk.edu.hu\/weboldal\/wp-content\/gallery\/vidam-nyari-programok\/thumbs\/thumbs_Kep3.png\"\n           data-image-id=\"1904\"\n           data-title=\"Kep3\"\n           data-description=\"\"\n           class=\"ngg-fancybox\" rel=\"da00227da7371780e4726121968dbfe4\">\n\n            <img data-image-id='1904'\n                 title=\"\"\n                 alt=\"Kep3\"\n                 src=\"http:\/\/olasz-altisk.edu.hu\/weboldal\/wp-content\/gallery\/vidam-nyari-programok\/Kep3.png\"\n                 style=\"max-height: 380px;\"\/>\n        <\/a>\n\n        <\/div> \n<div id=\"ngg-image-4\" class=\"ngg-gallery-slideshow-image\" style=\"height:400px\">\n\n        <a href=\"http:\/\/olasz-altisk.edu.hu\/weboldal\/wp-content\/gallery\/vidam-nyari-programok\/Kep4.png\"\n           title=\"\"\n           data-src=\"http:\/\/olasz-altisk.edu.hu\/weboldal\/wp-content\/gallery\/vidam-nyari-programok\/Kep4.png\"\n           data-thumbnail=\"http:\/\/olasz-altisk.edu.hu\/weboldal\/wp-content\/gallery\/vidam-nyari-programok\/thumbs\/thumbs_Kep4.png\"\n           data-image-id=\"1905\"\n           data-title=\"Kep4\"\n           data-description=\"\"\n           class=\"ngg-fancybox\" rel=\"da00227da7371780e4726121968dbfe4\">\n\n            <img data-image-id='1905'\n                 title=\"\"\n                 alt=\"Kep4\"\n                 src=\"http:\/\/olasz-altisk.edu.hu\/weboldal\/wp-content\/gallery\/vidam-nyari-programok\/Kep4.png\"\n                 style=\"max-height: 380px;\"\/>\n        <\/a>\n\n        <\/div> \n<div id=\"ngg-image-5\" class=\"ngg-gallery-slideshow-image\" style=\"height:400px\">\n\n        <a href=\"http:\/\/olasz-altisk.edu.hu\/weboldal\/wp-content\/gallery\/vidam-nyari-programok\/Kep1.png\"\n           title=\"\"\n           data-src=\"http:\/\/olasz-altisk.edu.hu\/weboldal\/wp-content\/gallery\/vidam-nyari-programok\/Kep1.png\"\n           data-thumbnail=\"http:\/\/olasz-altisk.edu.hu\/weboldal\/wp-content\/gallery\/vidam-nyari-programok\/thumbs\/thumbs_Kep1.png\"\n           data-image-id=\"1906\"\n           data-title=\"Kep1\"\n           data-description=\"\"\n           class=\"ngg-fancybox\" rel=\"da00227da7371780e4726121968dbfe4\">\n\n            <img data-image-id='1906'\n                 title=\"\"\n                 alt=\"Kep1\"\n                 src=\"http:\/\/olasz-altisk.edu.hu\/weboldal\/wp-content\/gallery\/vidam-nyari-programok\/Kep1.png\"\n                 style=\"max-height: 380px;\"\/>\n        <\/a>\n\n        <\/div> \n<\/div>\n\n\n\n\n","protected":false},"excerpt":{"rendered":"<p>J\u00fanius 19-\u00e9n lez\u00e1rtuk a 2023-2024-es tan\u00e9vet \u00e9s megkezdt\u00fck a ny\u00e1ri sz\u00fcnetet. Ami igen akt\u00edvan telt, hiszen n\u00e9gy t\u00e1borban is r\u00e9szt vehettek a tanul\u00f3k. Els\u0151 h\u00e9ten vonattal Fenyvesre utaztak a gyerekek, ahol az es\u0151 ellen\u00e9re is vid\u00e1man teltek a napok. Ez id\u0151 alatt itt az iskol\u00e1ban a m\u00e1r hagyom\u00e1nynak sz\u00e1m\u00edt\u00f3 k\u00e9t \u2026 <a class=\"continue-reading-link\" href=\"http:\/\/olasz-altisk.edu.hu\/weboldal\/?p=4433\"> Continue reading <span class=\"meta-nav\">&rarr; <\/span><\/a><\/p>\n","protected":false},"author":1,"featured_media":0,"comment_status":"closed","ping_status":"closed","sticky":false,"template":"","format":"standard","meta":{"ngg_post_thumbnail":0},"categories":[1],"tags":[],"_links":{"self":[{"href":"http:\/\/olasz-altisk.edu.hu\/weboldal\/index.php?rest_route=\/wp\/v2\/posts\/4433"}],"collection":[{"href":"http:\/\/olasz-altisk.edu.hu\/weboldal\/index.php?rest_route=\/wp\/v2\/posts"}],"about":[{"href":"http:\/\/olasz-altisk.edu.hu\/weboldal\/index.php?rest_route=\/wp\/v2\/types\/post"}],"author":[{"embeddable":true,"href":"http:\/\/olasz-altisk.edu.hu\/weboldal\/index.php?rest_route=\/wp\/v2\/users\/1"}],"replies":[{"embeddable":true,"href":"http:\/\/olasz-altisk.edu.hu\/weboldal\/index.php?rest_route=%2Fwp%2Fv2%2Fcomments&post=4433"}],"version-history":[{"count":3,"href":"http:\/\/olasz-altisk.edu.hu\/weboldal\/index.php?rest_route=\/wp\/v2\/posts\/4433\/revisions"}],"predecessor-version":[{"id":4446,"href":"http:\/\/olasz-altisk.edu.hu\/weboldal\/index.php?rest_route=\/wp\/v2\/posts\/4433\/revisions\/4446"}],"wp:attachment":[{"href":"http:\/\/olasz-altisk.edu.hu\/weboldal\/index.php?rest_route=%2Fwp%2Fv2%2Fmedia&parent=4433"}],"wp:term":[{"taxonomy":"category","embeddable":true,"href":"http:\/\/olasz-altisk.edu.hu\/weboldal\/index.php?rest_route=%2Fwp%2Fv2%2Fcategories&post=4433"},{"taxonomy":"post_tag","embeddable":true,"href":"http:\/\/olasz-altisk.edu.hu\/weboldal\/index.php?rest_route=%2Fwp%2Fv2%2Ftags&post=4433"}],"curies":[{"name":"wp","href":"https:\/\/api.w.org\/{rel}","templated":true}]}}