{"id":4447,"date":"2024-10-07T11:35:32","date_gmt":"2024-10-07T09:35:32","guid":{"rendered":"http:\/\/olasz-altisk.edu.hu\/weboldal\/?p=4447"},"modified":"2024-10-07T11:35:32","modified_gmt":"2024-10-07T09:35:32","slug":"hun-hirek-az-ijaszat-mezsgyejerol","status":"publish","type":"post","link":"http:\/\/olasz-altisk.edu.hu\/weboldal\/?p=4447","title":{"rendered":"Hun h\u00edrek az \u00edj\u00e1szat mezsgy\u00e9j\u00e9r\u0151l\u2026.."},"content":{"rendered":"\n<p class=\"has-text-align-left\">Augusztus 31-\u00e9n, a II.Lajos eml\u00e9kversennyel z\u00e1rult a Baranya \u00cdj\u00e1sza versenysorozat Moh\u00e1cson.<\/p>\n\n\n\n<p class=\"has-text-align-center\">\u201eHunjaink\u201d ism\u00e9t taroltak!!! &#x1f60a;<\/p>\n\n\n\n<p class=\"has-text-align-center\"><strong>Helyez\u00e9sek: Gyerek tradi \u00edj kateg\u00f3ri\u00e1ban a fi\u00fakn\u00e1l<\/strong><\/p>\n\n\n\n<p class=\"has-text-align-center\">2. helyezett: T\u00f3th-S\u00fct\u0151 Lehel,<\/p>\n\n\n\n<p class=\"has-text-align-center\">6. Borsodi P\u00e9ter,<\/p>\n\n\n\n<p class=\"has-text-align-center\">8. Kiss J\u00f3zsef Benj\u00e1min<\/p>\n\n\n\n<p class=\"has-text-align-center\"><strong>mini tradi \u00edj kateg\u00f3ri\u00e1ban a fi\u00fakn\u00e1l:<\/strong><\/p>\n\n\n\n<p class=\"has-text-align-center\">3. helyezett: Hafner-Hadas Csan\u00e1d<\/p>\n\n\n\n<p class=\"has-text-align-center\"><strong>a l\u00e1nyokn\u00e1l:<\/strong><\/p>\n\n\n\n<p class=\"has-text-align-center\">2. helyezett: Hafner-Hadas Panni<\/p>\n\n\n\n<p class=\"has-text-align-center\"><strong>mini f\u00fav\u00e1sz kateg\u00f3ri\u00e1ban a fi\u00fakn\u00e1l:<\/strong><\/p>\n\n\n\n<p class=\"has-text-align-center\">1. helyezett: Zsoldos S\u00e1ndor<\/p>\n\n\n\n<p class=\"has-text-align-center\"><strong>ifi tradi \u00edj kateg\u00f3ri\u00e1ban a l\u00e1nyokn\u00e1l:<\/strong><\/p>\n\n\n\n<p class=\"has-text-align-center\">4. helyezett Kis-Peti Luca<\/p>\n\n\n\n<p class=\"has-text-align-center\"><strong>Gyerek vad\u00e1szreflex \u00edj kateg\u00f3ri\u00e1ban a fi\u00fakn\u00e1l:<\/strong><\/p>\n\n\n\n<p class=\"has-text-align-center\">3. helyezett Prim Bertalan N\u00e1ndor<\/p>\n\n\n\n<hr class=\"wp-block-separator has-alpha-channel-opacity is-style-wide\"\/>\n\n\n\n<p class=\"has-text-align-center has-medium-font-size\"><strong>A Baranya \u00cdj\u00e1sza versenysorozat \u00f6sszes\u00edt\u00e9s\u00e9ben az \u00e9ves eredm\u00e9nyek t\u00fckr\u00e9ben:<\/strong><\/p>\n\n\n\n<p class=\"has-text-align-center\"><strong>F\u00fav\u00f3cs\u0151 kateg\u00f3ri\u00e1ban abszol\u00fat gy\u0151ztes:T\u00f3th -S\u00fct\u0151 Lehel<\/strong><\/p>\n\n\n\n<p class=\"has-text-align-center\">III.helyezett: Zsoldos S\u00e1ndor<\/p>\n\n\n\n<p class=\"has-text-align-center\"><strong>Mini tradi \u00edj kateg\u00f3ri\u00e1ban a l\u00e1nyokn\u00e1l I. helyezett: Hafner-Hadas Panni<\/strong><\/p>\n\n\n\n<p class=\"has-text-align-center\">a fi\u00fakn\u00e1l III. helyezett: Hafner-Hadas Csan\u00e1d<\/p>\n\n\n\n<p class=\"has-text-align-center\"><strong>Gyerek tradi \u00edj kateg\u00f3ri\u00e1ban a fi\u00fakn\u00e1l II. helyezett: T\u00f3th-S\u00fct\u0151 Lehel,<\/strong><\/p>\n\n\n\n<p class=\"has-text-align-center\">VI. helyezett: Borsodi P\u00e9ter<\/p>\n\n\n\n<p class=\"has-text-align-center\">VII. helyezett: Ors\u00f3s Mil\u00e1n<\/p>\n\n\n\n<p class=\"has-text-align-center\">VIII. helyezett: Moln\u00e1r Benedek<\/p>\n\n\n\n<p class=\"has-text-align-center\"><strong>Ifi tradi \u00edj kateg\u00f3ri\u00e1ban a l\u00e1nyokn\u00e1l: III. helyezett Kis-Peti Luca<\/strong><\/p>\n\n\n\n<p class=\"has-text-align-center\">\u00c9s okt\u00f3ber 5-\u00e9n verseny Fels\u0151egerszegen!!! &#x1f60a; &#x1f60a; &#x1f60a;<\/p>\n\n\n\n<figure class=\"wp-block-image size-full\"><img decoding=\"async\" loading=\"lazy\" width=\"601\" height=\"438\" src=\"http:\/\/olasz-altisk.edu.hu\/weboldal\/wp-content\/uploads\/Kep8.png\" alt=\"\" class=\"wp-image-4456\" srcset=\"http:\/\/olasz-altisk.edu.hu\/weboldal\/wp-content\/uploads\/Kep8.png 601w, http:\/\/olasz-altisk.edu.hu\/weboldal\/wp-content\/uploads\/Kep8-300x219.png 300w, http:\/\/olasz-altisk.edu.hu\/weboldal\/wp-content\/uploads\/Kep8-150x109.png 150w, http:\/\/olasz-altisk.edu.hu\/weboldal\/wp-content\/uploads\/Kep8-206x150.png 206w\" sizes=\"(max-width: 601px) 100vw, 601px\" \/><\/figure>\n","protected":false},"excerpt":{"rendered":"<p>Augusztus 31-\u00e9n, a II.Lajos eml\u00e9kversennyel z\u00e1rult a Baranya \u00cdj\u00e1sza versenysorozat Moh\u00e1cson. \u201eHunjaink\u201d ism\u00e9t taroltak!!! &#x1f60a; Helyez\u00e9sek: Gyerek tradi \u00edj kateg\u00f3ri\u00e1ban a fi\u00fakn\u00e1l 2. helyezett: T\u00f3th-S\u00fct\u0151 Lehel, 6. Borsodi P\u00e9ter, 8. Kiss J\u00f3zsef Benj\u00e1min mini tradi \u00edj kateg\u00f3ri\u00e1ban a fi\u00fakn\u00e1l: 3. helyezett: Hafner-Hadas Csan\u00e1d a l\u00e1nyokn\u00e1l: 2. helyezett: Hafner-Hadas Panni mini \u2026 <a class=\"continue-reading-link\" href=\"http:\/\/olasz-altisk.edu.hu\/weboldal\/?p=4447\"> Continue reading <span class=\"meta-nav\">&rarr; <\/span><\/a><\/p>\n","protected":false},"author":1,"featured_media":0,"comment_status":"closed","ping_status":"closed","sticky":false,"template":"","format":"standard","meta":{"ngg_post_thumbnail":0},"categories":[1],"tags":[],"_links":{"self":[{"href":"http:\/\/olasz-altisk.edu.hu\/weboldal\/index.php?rest_route=\/wp\/v2\/posts\/4447"}],"collection":[{"href":"http:\/\/olasz-altisk.edu.hu\/weboldal\/index.php?rest_route=\/wp\/v2\/posts"}],"about":[{"href":"http:\/\/olasz-altisk.edu.hu\/weboldal\/index.php?rest_route=\/wp\/v2\/types\/post"}],"author":[{"embeddable":true,"href":"http:\/\/olasz-altisk.edu.hu\/weboldal\/index.php?rest_route=\/wp\/v2\/users\/1"}],"replies":[{"embeddable":true,"href":"http:\/\/olasz-altisk.edu.hu\/weboldal\/index.php?rest_route=%2Fwp%2Fv2%2Fcomments&post=4447"}],"version-history":[{"count":12,"href":"http:\/\/olasz-altisk.edu.hu\/weboldal\/index.php?rest_route=\/wp\/v2\/posts\/4447\/revisions"}],"predecessor-version":[{"id":4461,"href":"http:\/\/olasz-altisk.edu.hu\/weboldal\/index.php?rest_route=\/wp\/v2\/posts\/4447\/revisions\/4461"}],"wp:attachment":[{"href":"http:\/\/olasz-altisk.edu.hu\/weboldal\/index.php?rest_route=%2Fwp%2Fv2%2Fmedia&parent=4447"}],"wp:term":[{"taxonomy":"category","embeddable":true,"href":"http:\/\/olasz-altisk.edu.hu\/weboldal\/index.php?rest_route=%2Fwp%2Fv2%2Fcategories&post=4447"},{"taxonomy":"post_tag","embeddable":true,"href":"http:\/\/olasz-altisk.edu.hu\/weboldal\/index.php?rest_route=%2Fwp%2Fv2%2Ftags&post=4447"}],"curies":[{"name":"wp","href":"https:\/\/api.w.org\/{rel}","templated":true}]}}