{"id":4483,"date":"2024-10-07T11:57:35","date_gmt":"2024-10-07T09:57:35","guid":{"rendered":"http:\/\/olasz-altisk.edu.hu\/weboldal\/?p=4483"},"modified":"2024-10-07T11:57:35","modified_gmt":"2024-10-07T09:57:35","slug":"mariagyudi-kisboldogasszony-unnepely","status":"publish","type":"post","link":"http:\/\/olasz-altisk.edu.hu\/weboldal\/?p=4483","title":{"rendered":"M\u00e1riagy\u0171di Kisboldogasszony \u00fcnnep\u00e9ly"},"content":{"rendered":"\n<p>M\u00e1riagy\u0171d\u00f6n Kisboldogasszony \u00fcnnep\u00e9n iskol\u00e1nk tanul\u00f3i hagyom\u00e1nyainkhoz h\u00edven ism\u00e9t n\u00e9pviseletben vettek r\u00e9szt a n\u00e9met nyelv\u0171 szentmis\u00e9n.<\/p>\n\n\n\n\n\n<div class=\"ngg-galleryoverview ngg-slideshow\"\n\t id=\"ngg-slideshow-c6c27571ddd25db15c6b869c21da49c4-6158721580\"\n     data-gallery-id=\"c6c27571ddd25db15c6b869c21da49c4\"\n     style=\"max-width: 600px; max-height: 400px;\">\n\n \t<div id=\"ngg-image-0\" class=\"ngg-gallery-slideshow-image\" style=\"height:400px\">\n\n        <a href=\"http:\/\/olasz-altisk.edu.hu\/weboldal\/wp-content\/gallery\/mariagyudi-kisboldogasszony-unnepely\/1727427951214.jpeg\"\n           title=\"\"\n           data-src=\"http:\/\/olasz-altisk.edu.hu\/weboldal\/wp-content\/gallery\/mariagyudi-kisboldogasszony-unnepely\/1727427951214.jpeg\"\n           data-thumbnail=\"http:\/\/olasz-altisk.edu.hu\/weboldal\/wp-content\/gallery\/mariagyudi-kisboldogasszony-unnepely\/thumbs\/thumbs_1727427951214.jpeg\"\n           data-image-id=\"1925\"\n           data-title=\"1727427951214\"\n           data-description=\"\"\n           class=\"ngg-fancybox\" rel=\"c6c27571ddd25db15c6b869c21da49c4\">\n\n            <img data-image-id='1925'\n                 title=\"\"\n                 alt=\"1727427951214\"\n                 src=\"http:\/\/olasz-altisk.edu.hu\/weboldal\/wp-content\/gallery\/mariagyudi-kisboldogasszony-unnepely\/1727427951214.jpeg\"\n                 style=\"max-height: 380px;\"\/>\n        <\/a>\n\n        <\/div> \n<div id=\"ngg-image-1\" class=\"ngg-gallery-slideshow-image\" style=\"height:400px\">\n\n        <a href=\"http:\/\/olasz-altisk.edu.hu\/weboldal\/wp-content\/gallery\/mariagyudi-kisboldogasszony-unnepely\/1727427951204.jpeg\"\n           title=\"\"\n           data-src=\"http:\/\/olasz-altisk.edu.hu\/weboldal\/wp-content\/gallery\/mariagyudi-kisboldogasszony-unnepely\/1727427951204.jpeg\"\n           data-thumbnail=\"http:\/\/olasz-altisk.edu.hu\/weboldal\/wp-content\/gallery\/mariagyudi-kisboldogasszony-unnepely\/thumbs\/thumbs_1727427951204.jpeg\"\n           data-image-id=\"1926\"\n           data-title=\"1727427951204\"\n           data-description=\"\"\n           class=\"ngg-fancybox\" rel=\"c6c27571ddd25db15c6b869c21da49c4\">\n\n            <img data-image-id='1926'\n                 title=\"\"\n                 alt=\"1727427951204\"\n                 src=\"http:\/\/olasz-altisk.edu.hu\/weboldal\/wp-content\/gallery\/mariagyudi-kisboldogasszony-unnepely\/1727427951204.jpeg\"\n                 style=\"max-height: 380px;\"\/>\n        <\/a>\n\n        <\/div> \n<div id=\"ngg-image-2\" class=\"ngg-gallery-slideshow-image\" style=\"height:400px\">\n\n        <a href=\"http:\/\/olasz-altisk.edu.hu\/weboldal\/wp-content\/gallery\/mariagyudi-kisboldogasszony-unnepely\/1727427951236.jpeg\"\n           title=\"\"\n           data-src=\"http:\/\/olasz-altisk.edu.hu\/weboldal\/wp-content\/gallery\/mariagyudi-kisboldogasszony-unnepely\/1727427951236.jpeg\"\n           data-thumbnail=\"http:\/\/olasz-altisk.edu.hu\/weboldal\/wp-content\/gallery\/mariagyudi-kisboldogasszony-unnepely\/thumbs\/thumbs_1727427951236.jpeg\"\n           data-image-id=\"1927\"\n           data-title=\"1727427951236\"\n           data-description=\"\"\n           class=\"ngg-fancybox\" rel=\"c6c27571ddd25db15c6b869c21da49c4\">\n\n            <img data-image-id='1927'\n                 title=\"\"\n                 alt=\"1727427951236\"\n                 src=\"http:\/\/olasz-altisk.edu.hu\/weboldal\/wp-content\/gallery\/mariagyudi-kisboldogasszony-unnepely\/1727427951236.jpeg\"\n                 style=\"max-height: 380px;\"\/>\n        <\/a>\n\n        <\/div> \n<div id=\"ngg-image-3\" class=\"ngg-gallery-slideshow-image\" style=\"height:400px\">\n\n        <a href=\"http:\/\/olasz-altisk.edu.hu\/weboldal\/wp-content\/gallery\/mariagyudi-kisboldogasszony-unnepely\/1727427951225.jpeg\"\n           title=\"\"\n           data-src=\"http:\/\/olasz-altisk.edu.hu\/weboldal\/wp-content\/gallery\/mariagyudi-kisboldogasszony-unnepely\/1727427951225.jpeg\"\n           data-thumbnail=\"http:\/\/olasz-altisk.edu.hu\/weboldal\/wp-content\/gallery\/mariagyudi-kisboldogasszony-unnepely\/thumbs\/thumbs_1727427951225.jpeg\"\n           data-image-id=\"1928\"\n           data-title=\"1727427951225\"\n           data-description=\"\"\n           class=\"ngg-fancybox\" rel=\"c6c27571ddd25db15c6b869c21da49c4\">\n\n            <img data-image-id='1928'\n                 title=\"\"\n                 alt=\"1727427951225\"\n                 src=\"http:\/\/olasz-altisk.edu.hu\/weboldal\/wp-content\/gallery\/mariagyudi-kisboldogasszony-unnepely\/1727427951225.jpeg\"\n                 style=\"max-height: 380px;\"\/>\n        <\/a>\n\n        <\/div> \n<div id=\"ngg-image-4\" class=\"ngg-gallery-slideshow-image\" style=\"height:400px\">\n\n        <a href=\"http:\/\/olasz-altisk.edu.hu\/weboldal\/wp-content\/gallery\/mariagyudi-kisboldogasszony-unnepely\/1727427951250.jpeg\"\n           title=\"\"\n           data-src=\"http:\/\/olasz-altisk.edu.hu\/weboldal\/wp-content\/gallery\/mariagyudi-kisboldogasszony-unnepely\/1727427951250.jpeg\"\n           data-thumbnail=\"http:\/\/olasz-altisk.edu.hu\/weboldal\/wp-content\/gallery\/mariagyudi-kisboldogasszony-unnepely\/thumbs\/thumbs_1727427951250.jpeg\"\n           data-image-id=\"1929\"\n           data-title=\"1727427951250\"\n           data-description=\"\"\n           class=\"ngg-fancybox\" rel=\"c6c27571ddd25db15c6b869c21da49c4\">\n\n            <img data-image-id='1929'\n                 title=\"\"\n                 alt=\"1727427951250\"\n                 src=\"http:\/\/olasz-altisk.edu.hu\/weboldal\/wp-content\/gallery\/mariagyudi-kisboldogasszony-unnepely\/1727427951250.jpeg\"\n                 style=\"max-height: 380px;\"\/>\n        <\/a>\n\n        <\/div> \n<div id=\"ngg-image-5\" class=\"ngg-gallery-slideshow-image\" style=\"height:400px\">\n\n        <a href=\"http:\/\/olasz-altisk.edu.hu\/weboldal\/wp-content\/gallery\/mariagyudi-kisboldogasszony-unnepely\/1727427951262.jpeg\"\n           title=\"\"\n           data-src=\"http:\/\/olasz-altisk.edu.hu\/weboldal\/wp-content\/gallery\/mariagyudi-kisboldogasszony-unnepely\/1727427951262.jpeg\"\n           data-thumbnail=\"http:\/\/olasz-altisk.edu.hu\/weboldal\/wp-content\/gallery\/mariagyudi-kisboldogasszony-unnepely\/thumbs\/thumbs_1727427951262.jpeg\"\n           data-image-id=\"1930\"\n           data-title=\"1727427951262\"\n           data-description=\"\"\n           class=\"ngg-fancybox\" rel=\"c6c27571ddd25db15c6b869c21da49c4\">\n\n            <img data-image-id='1930'\n                 title=\"\"\n                 alt=\"1727427951262\"\n                 src=\"http:\/\/olasz-altisk.edu.hu\/weboldal\/wp-content\/gallery\/mariagyudi-kisboldogasszony-unnepely\/1727427951262.jpeg\"\n                 style=\"max-height: 380px;\"\/>\n        <\/a>\n\n        <\/div> \n<div id=\"ngg-image-6\" class=\"ngg-gallery-slideshow-image\" style=\"height:400px\">\n\n        <a href=\"http:\/\/olasz-altisk.edu.hu\/weboldal\/wp-content\/gallery\/mariagyudi-kisboldogasszony-unnepely\/1727427951282.jpeg\"\n           title=\"\"\n           data-src=\"http:\/\/olasz-altisk.edu.hu\/weboldal\/wp-content\/gallery\/mariagyudi-kisboldogasszony-unnepely\/1727427951282.jpeg\"\n           data-thumbnail=\"http:\/\/olasz-altisk.edu.hu\/weboldal\/wp-content\/gallery\/mariagyudi-kisboldogasszony-unnepely\/thumbs\/thumbs_1727427951282.jpeg\"\n           data-image-id=\"1931\"\n           data-title=\"1727427951282\"\n           data-description=\"\"\n           class=\"ngg-fancybox\" rel=\"c6c27571ddd25db15c6b869c21da49c4\">\n\n            <img data-image-id='1931'\n                 title=\"\"\n                 alt=\"1727427951282\"\n                 src=\"http:\/\/olasz-altisk.edu.hu\/weboldal\/wp-content\/gallery\/mariagyudi-kisboldogasszony-unnepely\/1727427951282.jpeg\"\n                 style=\"max-height: 380px;\"\/>\n        <\/a>\n\n        <\/div> \n<div id=\"ngg-image-7\" class=\"ngg-gallery-slideshow-image\" style=\"height:400px\">\n\n        <a href=\"http:\/\/olasz-altisk.edu.hu\/weboldal\/wp-content\/gallery\/mariagyudi-kisboldogasszony-unnepely\/1727427951272.jpeg\"\n           title=\"\"\n           data-src=\"http:\/\/olasz-altisk.edu.hu\/weboldal\/wp-content\/gallery\/mariagyudi-kisboldogasszony-unnepely\/1727427951272.jpeg\"\n           data-thumbnail=\"http:\/\/olasz-altisk.edu.hu\/weboldal\/wp-content\/gallery\/mariagyudi-kisboldogasszony-unnepely\/thumbs\/thumbs_1727427951272.jpeg\"\n           data-image-id=\"1932\"\n           data-title=\"1727427951272\"\n           data-description=\"\"\n           class=\"ngg-fancybox\" rel=\"c6c27571ddd25db15c6b869c21da49c4\">\n\n            <img data-image-id='1932'\n                 title=\"\"\n                 alt=\"1727427951272\"\n                 src=\"http:\/\/olasz-altisk.edu.hu\/weboldal\/wp-content\/gallery\/mariagyudi-kisboldogasszony-unnepely\/1727427951272.jpeg\"\n                 style=\"max-height: 380px;\"\/>\n        <\/a>\n\n        <\/div> \n<div id=\"ngg-image-8\" class=\"ngg-gallery-slideshow-image\" style=\"height:400px\">\n\n        <a href=\"http:\/\/olasz-altisk.edu.hu\/weboldal\/wp-content\/gallery\/mariagyudi-kisboldogasszony-unnepely\/1727427951293.jpeg\"\n           title=\"\"\n           data-src=\"http:\/\/olasz-altisk.edu.hu\/weboldal\/wp-content\/gallery\/mariagyudi-kisboldogasszony-unnepely\/1727427951293.jpeg\"\n           data-thumbnail=\"http:\/\/olasz-altisk.edu.hu\/weboldal\/wp-content\/gallery\/mariagyudi-kisboldogasszony-unnepely\/thumbs\/thumbs_1727427951293.jpeg\"\n           data-image-id=\"1933\"\n           data-title=\"1727427951293\"\n           data-description=\"\"\n           class=\"ngg-fancybox\" rel=\"c6c27571ddd25db15c6b869c21da49c4\">\n\n            <img data-image-id='1933'\n                 title=\"\"\n                 alt=\"1727427951293\"\n                 src=\"http:\/\/olasz-altisk.edu.hu\/weboldal\/wp-content\/gallery\/mariagyudi-kisboldogasszony-unnepely\/1727427951293.jpeg\"\n                 style=\"max-height: 380px;\"\/>\n        <\/a>\n\n        <\/div> \n<\/div>\n\n\n\n\n","protected":false},"excerpt":{"rendered":"<p>M\u00e1riagy\u0171d\u00f6n Kisboldogasszony \u00fcnnep\u00e9n iskol\u00e1nk tanul\u00f3i hagyom\u00e1nyainkhoz h\u00edven ism\u00e9t n\u00e9pviseletben vettek r\u00e9szt a n\u00e9met nyelv\u0171 szentmis\u00e9n.<\/p>\n","protected":false},"author":1,"featured_media":0,"comment_status":"closed","ping_status":"closed","sticky":false,"template":"","format":"standard","meta":{"ngg_post_thumbnail":0},"categories":[1],"tags":[],"_links":{"self":[{"href":"http:\/\/olasz-altisk.edu.hu\/weboldal\/index.php?rest_route=\/wp\/v2\/posts\/4483"}],"collection":[{"href":"http:\/\/olasz-altisk.edu.hu\/weboldal\/index.php?rest_route=\/wp\/v2\/posts"}],"about":[{"href":"http:\/\/olasz-altisk.edu.hu\/weboldal\/index.php?rest_route=\/wp\/v2\/types\/post"}],"author":[{"embeddable":true,"href":"http:\/\/olasz-altisk.edu.hu\/weboldal\/index.php?rest_route=\/wp\/v2\/users\/1"}],"replies":[{"embeddable":true,"href":"http:\/\/olasz-altisk.edu.hu\/weboldal\/index.php?rest_route=%2Fwp%2Fv2%2Fcomments&post=4483"}],"version-history":[{"count":1,"href":"http:\/\/olasz-altisk.edu.hu\/weboldal\/index.php?rest_route=\/wp\/v2\/posts\/4483\/revisions"}],"predecessor-version":[{"id":4494,"href":"http:\/\/olasz-altisk.edu.hu\/weboldal\/index.php?rest_route=\/wp\/v2\/posts\/4483\/revisions\/4494"}],"wp:attachment":[{"href":"http:\/\/olasz-altisk.edu.hu\/weboldal\/index.php?rest_route=%2Fwp%2Fv2%2Fmedia&parent=4483"}],"wp:term":[{"taxonomy":"category","embeddable":true,"href":"http:\/\/olasz-altisk.edu.hu\/weboldal\/index.php?rest_route=%2Fwp%2Fv2%2Fcategories&post=4483"},{"taxonomy":"post_tag","embeddable":true,"href":"http:\/\/olasz-altisk.edu.hu\/weboldal\/index.php?rest_route=%2Fwp%2Fv2%2Ftags&post=4483"}],"curies":[{"name":"wp","href":"https:\/\/api.w.org\/{rel}","templated":true}]}}