{"id":4557,"date":"2024-10-07T12:51:51","date_gmt":"2024-10-07T10:51:51","guid":{"rendered":"http:\/\/olasz-altisk.edu.hu\/weboldal\/?p=4557"},"modified":"2024-10-07T12:51:51","modified_gmt":"2024-10-07T10:51:51","slug":"nepmese-napja-az-oviban","status":"publish","type":"post","link":"http:\/\/olasz-altisk.edu.hu\/weboldal\/?p=4557","title":{"rendered":"N\u00e9pmese napja az oviban"},"content":{"rendered":"\n<p>Szeptember 30. A magyar n\u00e9pmese napja. Ez alkalomb\u00f3l az els\u0151 oszt\u00e1lyosok az \u00f3vod\u00e1ba l\u00e1togattak, ahol &#8222;A kecskegid\u00e1k \u00e9s a farkas&#8221; c\u00edm\u0171 b\u00e1bel\u0151ad\u00e1st n\u00e9zt\u00e9k meg.<\/p>\n\n\n\n\n\n<div class=\"ngg-galleryoverview ngg-slideshow\"\n\t id=\"ngg-slideshow-736232b0915db6e2950ea447b5f4c016-7454409820\"\n     data-gallery-id=\"736232b0915db6e2950ea447b5f4c016\"\n     style=\"max-width: 600px; max-height: 400px;\">\n\n \t<div id=\"ngg-image-0\" class=\"ngg-gallery-slideshow-image\" style=\"height:400px\">\n\n        <a href=\"http:\/\/olasz-altisk.edu.hu\/weboldal\/wp-content\/gallery\/nepmese-napja-az-oviban\/mese.jpeg\"\n           title=\"\"\n           data-src=\"http:\/\/olasz-altisk.edu.hu\/weboldal\/wp-content\/gallery\/nepmese-napja-az-oviban\/mese.jpeg\"\n           data-thumbnail=\"http:\/\/olasz-altisk.edu.hu\/weboldal\/wp-content\/gallery\/nepmese-napja-az-oviban\/thumbs\/thumbs_mese.jpeg\"\n           data-image-id=\"1990\"\n           data-title=\"mese\"\n           data-description=\"\"\n           class=\"ngg-fancybox\" rel=\"736232b0915db6e2950ea447b5f4c016\">\n\n            <img data-image-id='1990'\n                 title=\"\"\n                 alt=\"mese\"\n                 src=\"http:\/\/olasz-altisk.edu.hu\/weboldal\/wp-content\/gallery\/nepmese-napja-az-oviban\/mese.jpeg\"\n                 style=\"max-height: 380px;\"\/>\n        <\/a>\n\n        <\/div> \n<div id=\"ngg-image-1\" class=\"ngg-gallery-slideshow-image\" style=\"height:400px\">\n\n        <a href=\"http:\/\/olasz-altisk.edu.hu\/weboldal\/wp-content\/gallery\/nepmese-napja-az-oviban\/mese2.jpeg\"\n           title=\"\"\n           data-src=\"http:\/\/olasz-altisk.edu.hu\/weboldal\/wp-content\/gallery\/nepmese-napja-az-oviban\/mese2.jpeg\"\n           data-thumbnail=\"http:\/\/olasz-altisk.edu.hu\/weboldal\/wp-content\/gallery\/nepmese-napja-az-oviban\/thumbs\/thumbs_mese2.jpeg\"\n           data-image-id=\"1991\"\n           data-title=\"mese2\"\n           data-description=\"\"\n           class=\"ngg-fancybox\" rel=\"736232b0915db6e2950ea447b5f4c016\">\n\n            <img data-image-id='1991'\n                 title=\"\"\n                 alt=\"mese2\"\n                 src=\"http:\/\/olasz-altisk.edu.hu\/weboldal\/wp-content\/gallery\/nepmese-napja-az-oviban\/mese2.jpeg\"\n                 style=\"max-height: 380px;\"\/>\n        <\/a>\n\n        <\/div> \n<div id=\"ngg-image-2\" class=\"ngg-gallery-slideshow-image\" style=\"height:400px\">\n\n        <a href=\"http:\/\/olasz-altisk.edu.hu\/weboldal\/wp-content\/gallery\/nepmese-napja-az-oviban\/IMG_20241001_095512.jpg\"\n           title=\"\"\n           data-src=\"http:\/\/olasz-altisk.edu.hu\/weboldal\/wp-content\/gallery\/nepmese-napja-az-oviban\/IMG_20241001_095512.jpg\"\n           data-thumbnail=\"http:\/\/olasz-altisk.edu.hu\/weboldal\/wp-content\/gallery\/nepmese-napja-az-oviban\/thumbs\/thumbs_IMG_20241001_095512.jpg\"\n           data-image-id=\"1992\"\n           data-title=\"IMG_20241001_095512\"\n           data-description=\"\"\n           class=\"ngg-fancybox\" rel=\"736232b0915db6e2950ea447b5f4c016\">\n\n            <img data-image-id='1992'\n                 title=\"\"\n                 alt=\"IMG_20241001_095512\"\n                 src=\"http:\/\/olasz-altisk.edu.hu\/weboldal\/wp-content\/gallery\/nepmese-napja-az-oviban\/IMG_20241001_095512.jpg\"\n                 style=\"max-height: 380px;\"\/>\n        <\/a>\n\n        <\/div> \n<div id=\"ngg-image-3\" class=\"ngg-gallery-slideshow-image\" style=\"height:400px\">\n\n        <a href=\"http:\/\/olasz-altisk.edu.hu\/weboldal\/wp-content\/gallery\/nepmese-napja-az-oviban\/IMG_20241001_092512.jpg\"\n           title=\"\"\n           data-src=\"http:\/\/olasz-altisk.edu.hu\/weboldal\/wp-content\/gallery\/nepmese-napja-az-oviban\/IMG_20241001_092512.jpg\"\n           data-thumbnail=\"http:\/\/olasz-altisk.edu.hu\/weboldal\/wp-content\/gallery\/nepmese-napja-az-oviban\/thumbs\/thumbs_IMG_20241001_092512.jpg\"\n           data-image-id=\"1993\"\n           data-title=\"IMG_20241001_092512\"\n           data-description=\"\"\n           class=\"ngg-fancybox\" rel=\"736232b0915db6e2950ea447b5f4c016\">\n\n            <img data-image-id='1993'\n                 title=\"\"\n                 alt=\"IMG_20241001_092512\"\n                 src=\"http:\/\/olasz-altisk.edu.hu\/weboldal\/wp-content\/gallery\/nepmese-napja-az-oviban\/IMG_20241001_092512.jpg\"\n                 style=\"max-height: 380px;\"\/>\n        <\/a>\n\n        <\/div> \n<div id=\"ngg-image-4\" class=\"ngg-gallery-slideshow-image\" style=\"height:400px\">\n\n        <a href=\"http:\/\/olasz-altisk.edu.hu\/weboldal\/wp-content\/gallery\/nepmese-napja-az-oviban\/mese4.jpeg\"\n           title=\"\"\n           data-src=\"http:\/\/olasz-altisk.edu.hu\/weboldal\/wp-content\/gallery\/nepmese-napja-az-oviban\/mese4.jpeg\"\n           data-thumbnail=\"http:\/\/olasz-altisk.edu.hu\/weboldal\/wp-content\/gallery\/nepmese-napja-az-oviban\/thumbs\/thumbs_mese4.jpeg\"\n           data-image-id=\"1994\"\n           data-title=\"mese4\"\n           data-description=\"\"\n           class=\"ngg-fancybox\" rel=\"736232b0915db6e2950ea447b5f4c016\">\n\n            <img data-image-id='1994'\n                 title=\"\"\n                 alt=\"mese4\"\n                 src=\"http:\/\/olasz-altisk.edu.hu\/weboldal\/wp-content\/gallery\/nepmese-napja-az-oviban\/mese4.jpeg\"\n                 style=\"max-height: 380px;\"\/>\n        <\/a>\n\n        <\/div> \n<div id=\"ngg-image-5\" class=\"ngg-gallery-slideshow-image\" style=\"height:400px\">\n\n        <a href=\"http:\/\/olasz-altisk.edu.hu\/weboldal\/wp-content\/gallery\/nepmese-napja-az-oviban\/IMG_20241001_095432.jpg\"\n           title=\"\"\n           data-src=\"http:\/\/olasz-altisk.edu.hu\/weboldal\/wp-content\/gallery\/nepmese-napja-az-oviban\/IMG_20241001_095432.jpg\"\n           data-thumbnail=\"http:\/\/olasz-altisk.edu.hu\/weboldal\/wp-content\/gallery\/nepmese-napja-az-oviban\/thumbs\/thumbs_IMG_20241001_095432.jpg\"\n           data-image-id=\"1995\"\n           data-title=\"IMG_20241001_095432\"\n           data-description=\"\"\n           class=\"ngg-fancybox\" rel=\"736232b0915db6e2950ea447b5f4c016\">\n\n            <img data-image-id='1995'\n                 title=\"\"\n                 alt=\"IMG_20241001_095432\"\n                 src=\"http:\/\/olasz-altisk.edu.hu\/weboldal\/wp-content\/gallery\/nepmese-napja-az-oviban\/IMG_20241001_095432.jpg\"\n                 style=\"max-height: 380px;\"\/>\n        <\/a>\n\n        <\/div> \n<div id=\"ngg-image-6\" class=\"ngg-gallery-slideshow-image\" style=\"height:400px\">\n\n        <a href=\"http:\/\/olasz-altisk.edu.hu\/weboldal\/wp-content\/gallery\/nepmese-napja-az-oviban\/mese3.jpeg\"\n           title=\"\"\n           data-src=\"http:\/\/olasz-altisk.edu.hu\/weboldal\/wp-content\/gallery\/nepmese-napja-az-oviban\/mese3.jpeg\"\n           data-thumbnail=\"http:\/\/olasz-altisk.edu.hu\/weboldal\/wp-content\/gallery\/nepmese-napja-az-oviban\/thumbs\/thumbs_mese3.jpeg\"\n           data-image-id=\"1996\"\n           data-title=\"mese3\"\n           data-description=\"\"\n           class=\"ngg-fancybox\" rel=\"736232b0915db6e2950ea447b5f4c016\">\n\n            <img data-image-id='1996'\n                 title=\"\"\n                 alt=\"mese3\"\n                 src=\"http:\/\/olasz-altisk.edu.hu\/weboldal\/wp-content\/gallery\/nepmese-napja-az-oviban\/mese3.jpeg\"\n                 style=\"max-height: 380px;\"\/>\n        <\/a>\n\n        <\/div> \n<div id=\"ngg-image-7\" class=\"ngg-gallery-slideshow-image\" style=\"height:400px\">\n\n        <a href=\"http:\/\/olasz-altisk.edu.hu\/weboldal\/wp-content\/gallery\/nepmese-napja-az-oviban\/IMG_20241001_095412.jpg\"\n           title=\"\"\n           data-src=\"http:\/\/olasz-altisk.edu.hu\/weboldal\/wp-content\/gallery\/nepmese-napja-az-oviban\/IMG_20241001_095412.jpg\"\n           data-thumbnail=\"http:\/\/olasz-altisk.edu.hu\/weboldal\/wp-content\/gallery\/nepmese-napja-az-oviban\/thumbs\/thumbs_IMG_20241001_095412.jpg\"\n           data-image-id=\"1997\"\n           data-title=\"IMG_20241001_095412\"\n           data-description=\"\"\n           class=\"ngg-fancybox\" rel=\"736232b0915db6e2950ea447b5f4c016\">\n\n            <img data-image-id='1997'\n                 title=\"\"\n                 alt=\"IMG_20241001_095412\"\n                 src=\"http:\/\/olasz-altisk.edu.hu\/weboldal\/wp-content\/gallery\/nepmese-napja-az-oviban\/IMG_20241001_095412.jpg\"\n                 style=\"max-height: 380px;\"\/>\n        <\/a>\n\n        <\/div> \n<div id=\"ngg-image-8\" class=\"ngg-gallery-slideshow-image\" style=\"height:400px\">\n\n        <a href=\"http:\/\/olasz-altisk.edu.hu\/weboldal\/wp-content\/gallery\/nepmese-napja-az-oviban\/mese5.jpeg\"\n           title=\"\"\n           data-src=\"http:\/\/olasz-altisk.edu.hu\/weboldal\/wp-content\/gallery\/nepmese-napja-az-oviban\/mese5.jpeg\"\n           data-thumbnail=\"http:\/\/olasz-altisk.edu.hu\/weboldal\/wp-content\/gallery\/nepmese-napja-az-oviban\/thumbs\/thumbs_mese5.jpeg\"\n           data-image-id=\"1998\"\n           data-title=\"mese5\"\n           data-description=\"\"\n           class=\"ngg-fancybox\" rel=\"736232b0915db6e2950ea447b5f4c016\">\n\n            <img data-image-id='1998'\n                 title=\"\"\n                 alt=\"mese5\"\n                 src=\"http:\/\/olasz-altisk.edu.hu\/weboldal\/wp-content\/gallery\/nepmese-napja-az-oviban\/mese5.jpeg\"\n                 style=\"max-height: 380px;\"\/>\n        <\/a>\n\n        <\/div> \n<\/div>\n\n\n\n\n","protected":false},"excerpt":{"rendered":"<p>Szeptember 30. A magyar n\u00e9pmese napja. Ez alkalomb\u00f3l az els\u0151 oszt\u00e1lyosok az \u00f3vod\u00e1ba l\u00e1togattak, ahol &#8222;A kecskegid\u00e1k \u00e9s a farkas&#8221; c\u00edm\u0171 b\u00e1bel\u0151ad\u00e1st n\u00e9zt\u00e9k meg.<\/p>\n","protected":false},"author":1,"featured_media":0,"comment_status":"closed","ping_status":"closed","sticky":false,"template":"","format":"standard","meta":{"ngg_post_thumbnail":0},"categories":[1],"tags":[],"_links":{"self":[{"href":"http:\/\/olasz-altisk.edu.hu\/weboldal\/index.php?rest_route=\/wp\/v2\/posts\/4557"}],"collection":[{"href":"http:\/\/olasz-altisk.edu.hu\/weboldal\/index.php?rest_route=\/wp\/v2\/posts"}],"about":[{"href":"http:\/\/olasz-altisk.edu.hu\/weboldal\/index.php?rest_route=\/wp\/v2\/types\/post"}],"author":[{"embeddable":true,"href":"http:\/\/olasz-altisk.edu.hu\/weboldal\/index.php?rest_route=\/wp\/v2\/users\/1"}],"replies":[{"embeddable":true,"href":"http:\/\/olasz-altisk.edu.hu\/weboldal\/index.php?rest_route=%2Fwp%2Fv2%2Fcomments&post=4557"}],"version-history":[{"count":1,"href":"http:\/\/olasz-altisk.edu.hu\/weboldal\/index.php?rest_route=\/wp\/v2\/posts\/4557\/revisions"}],"predecessor-version":[{"id":4568,"href":"http:\/\/olasz-altisk.edu.hu\/weboldal\/index.php?rest_route=\/wp\/v2\/posts\/4557\/revisions\/4568"}],"wp:attachment":[{"href":"http:\/\/olasz-altisk.edu.hu\/weboldal\/index.php?rest_route=%2Fwp%2Fv2%2Fmedia&parent=4557"}],"wp:term":[{"taxonomy":"category","embeddable":true,"href":"http:\/\/olasz-altisk.edu.hu\/weboldal\/index.php?rest_route=%2Fwp%2Fv2%2Fcategories&post=4557"},{"taxonomy":"post_tag","embeddable":true,"href":"http:\/\/olasz-altisk.edu.hu\/weboldal\/index.php?rest_route=%2Fwp%2Fv2%2Ftags&post=4557"}],"curies":[{"name":"wp","href":"https:\/\/api.w.org\/{rel}","templated":true}]}}