{"id":5066,"date":"2025-01-21T18:29:28","date_gmt":"2025-01-21T17:29:28","guid":{"rendered":"http:\/\/olasz-altisk.edu.hu\/weboldal\/?p=5066"},"modified":"2025-01-21T18:32:06","modified_gmt":"2025-01-21T17:32:06","slug":"svab-bal-2024","status":"publish","type":"post","link":"http:\/\/olasz-altisk.edu.hu\/weboldal\/?p=5066","title":{"rendered":"Sv\u00e1b b\u00e1l 2025."},"content":{"rendered":"\n<p>H\u00e9tv\u00e9g\u00e9n imm\u00e1r 15. alkalommal ker\u00fclt megrendez\u00e9sre Olaszon a sv\u00e1b b\u00e1l. M\u00e1r hagyom\u00e1ny, hogy az Olaszi N\u00e9met \u00d6nkorm\u00e1nyzat iskol\u00e1nk n\u00e9met t\u00e1nccsoportj\u00e1t k\u00e9ri fel a b\u00e1l megnyit\u00e1s\u00e1ra. Id\u00e9n az als\u00f3 tagozatos gyerekek mutatt\u00e1k be t\u00e1ncaikat Bernhardt Enik\u0151 tan\u00e1rn\u0151 vezet\u00e9s\u00e9vel.<br>Gratul\u00e1lunk a vid\u00e1m, lend\u00fcletes produkci\u00f3hoz!<\/p>\n\n\n\n\n\n<div class=\"ngg-galleryoverview ngg-slideshow\"\n\t id=\"ngg-slideshow-e12fa7c785490ae6fca44b9514bad463-8186800790\"\n     data-gallery-id=\"e12fa7c785490ae6fca44b9514bad463\"\n     style=\"max-width: 600px; max-height: 400px;\">\n\n \t<div id=\"ngg-image-0\" class=\"ngg-gallery-slideshow-image\" style=\"height:400px\">\n\n        <a href=\"http:\/\/olasz-altisk.edu.hu\/weboldal\/wp-content\/gallery\/svab-bal-2024\/IMG_20250118_192216_1.jpg\"\n           title=\"\"\n           data-src=\"http:\/\/olasz-altisk.edu.hu\/weboldal\/wp-content\/gallery\/svab-bal-2024\/IMG_20250118_192216_1.jpg\"\n           data-thumbnail=\"http:\/\/olasz-altisk.edu.hu\/weboldal\/wp-content\/gallery\/svab-bal-2024\/thumbs\/thumbs_IMG_20250118_192216_1.jpg\"\n           data-image-id=\"2360\"\n           data-title=\"IMG_20250118_192216_1\"\n           data-description=\"\"\n           class=\"ngg-fancybox\" rel=\"e12fa7c785490ae6fca44b9514bad463\">\n\n            <img data-image-id='2360'\n                 title=\"\"\n                 alt=\"IMG_20250118_192216_1\"\n                 src=\"http:\/\/olasz-altisk.edu.hu\/weboldal\/wp-content\/gallery\/svab-bal-2024\/IMG_20250118_192216_1.jpg\"\n                 style=\"max-height: 380px;\"\/>\n        <\/a>\n\n        <\/div> \n<div id=\"ngg-image-1\" class=\"ngg-gallery-slideshow-image\" style=\"height:400px\">\n\n        <a href=\"http:\/\/olasz-altisk.edu.hu\/weboldal\/wp-content\/gallery\/svab-bal-2024\/IMG_20250118_192105.jpg\"\n           title=\"\"\n           data-src=\"http:\/\/olasz-altisk.edu.hu\/weboldal\/wp-content\/gallery\/svab-bal-2024\/IMG_20250118_192105.jpg\"\n           data-thumbnail=\"http:\/\/olasz-altisk.edu.hu\/weboldal\/wp-content\/gallery\/svab-bal-2024\/thumbs\/thumbs_IMG_20250118_192105.jpg\"\n           data-image-id=\"2361\"\n           data-title=\"IMG_20250118_192105\"\n           data-description=\"\"\n           class=\"ngg-fancybox\" rel=\"e12fa7c785490ae6fca44b9514bad463\">\n\n            <img data-image-id='2361'\n                 title=\"\"\n                 alt=\"IMG_20250118_192105\"\n                 src=\"http:\/\/olasz-altisk.edu.hu\/weboldal\/wp-content\/gallery\/svab-bal-2024\/IMG_20250118_192105.jpg\"\n                 style=\"max-height: 380px;\"\/>\n        <\/a>\n\n        <\/div> \n<div id=\"ngg-image-2\" class=\"ngg-gallery-slideshow-image\" style=\"height:400px\">\n\n        <a href=\"http:\/\/olasz-altisk.edu.hu\/weboldal\/wp-content\/gallery\/svab-bal-2024\/IMG_20250118_192054_1.jpg\"\n           title=\"\"\n           data-src=\"http:\/\/olasz-altisk.edu.hu\/weboldal\/wp-content\/gallery\/svab-bal-2024\/IMG_20250118_192054_1.jpg\"\n           data-thumbnail=\"http:\/\/olasz-altisk.edu.hu\/weboldal\/wp-content\/gallery\/svab-bal-2024\/thumbs\/thumbs_IMG_20250118_192054_1.jpg\"\n           data-image-id=\"2362\"\n           data-title=\"IMG_20250118_192054_1\"\n           data-description=\"\"\n           class=\"ngg-fancybox\" rel=\"e12fa7c785490ae6fca44b9514bad463\">\n\n            <img data-image-id='2362'\n                 title=\"\"\n                 alt=\"IMG_20250118_192054_1\"\n                 src=\"http:\/\/olasz-altisk.edu.hu\/weboldal\/wp-content\/gallery\/svab-bal-2024\/IMG_20250118_192054_1.jpg\"\n                 style=\"max-height: 380px;\"\/>\n        <\/a>\n\n        <\/div> \n<div id=\"ngg-image-3\" class=\"ngg-gallery-slideshow-image\" style=\"height:400px\">\n\n        <a href=\"http:\/\/olasz-altisk.edu.hu\/weboldal\/wp-content\/gallery\/svab-bal-2024\/IMG_20250118_192027_1.jpg\"\n           title=\"\"\n           data-src=\"http:\/\/olasz-altisk.edu.hu\/weboldal\/wp-content\/gallery\/svab-bal-2024\/IMG_20250118_192027_1.jpg\"\n           data-thumbnail=\"http:\/\/olasz-altisk.edu.hu\/weboldal\/wp-content\/gallery\/svab-bal-2024\/thumbs\/thumbs_IMG_20250118_192027_1.jpg\"\n           data-image-id=\"2363\"\n           data-title=\"IMG_20250118_192027_1\"\n           data-description=\"\"\n           class=\"ngg-fancybox\" rel=\"e12fa7c785490ae6fca44b9514bad463\">\n\n            <img data-image-id='2363'\n                 title=\"\"\n                 alt=\"IMG_20250118_192027_1\"\n                 src=\"http:\/\/olasz-altisk.edu.hu\/weboldal\/wp-content\/gallery\/svab-bal-2024\/IMG_20250118_192027_1.jpg\"\n                 style=\"max-height: 380px;\"\/>\n        <\/a>\n\n        <\/div> \n<div id=\"ngg-image-4\" class=\"ngg-gallery-slideshow-image\" style=\"height:400px\">\n\n        <a href=\"http:\/\/olasz-altisk.edu.hu\/weboldal\/wp-content\/gallery\/svab-bal-2024\/IMG_20250118_192152_1.jpg\"\n           title=\"\"\n           data-src=\"http:\/\/olasz-altisk.edu.hu\/weboldal\/wp-content\/gallery\/svab-bal-2024\/IMG_20250118_192152_1.jpg\"\n           data-thumbnail=\"http:\/\/olasz-altisk.edu.hu\/weboldal\/wp-content\/gallery\/svab-bal-2024\/thumbs\/thumbs_IMG_20250118_192152_1.jpg\"\n           data-image-id=\"2364\"\n           data-title=\"IMG_20250118_192152_1\"\n           data-description=\"\"\n           class=\"ngg-fancybox\" rel=\"e12fa7c785490ae6fca44b9514bad463\">\n\n            <img data-image-id='2364'\n                 title=\"\"\n                 alt=\"IMG_20250118_192152_1\"\n                 src=\"http:\/\/olasz-altisk.edu.hu\/weboldal\/wp-content\/gallery\/svab-bal-2024\/IMG_20250118_192152_1.jpg\"\n                 style=\"max-height: 380px;\"\/>\n        <\/a>\n\n        <\/div> \n<div id=\"ngg-image-5\" class=\"ngg-gallery-slideshow-image\" style=\"height:400px\">\n\n        <a href=\"http:\/\/olasz-altisk.edu.hu\/weboldal\/wp-content\/gallery\/svab-bal-2024\/IMG_20250118_192121_1.jpg\"\n           title=\"\"\n           data-src=\"http:\/\/olasz-altisk.edu.hu\/weboldal\/wp-content\/gallery\/svab-bal-2024\/IMG_20250118_192121_1.jpg\"\n           data-thumbnail=\"http:\/\/olasz-altisk.edu.hu\/weboldal\/wp-content\/gallery\/svab-bal-2024\/thumbs\/thumbs_IMG_20250118_192121_1.jpg\"\n           data-image-id=\"2365\"\n           data-title=\"IMG_20250118_192121_1\"\n           data-description=\"\"\n           class=\"ngg-fancybox\" rel=\"e12fa7c785490ae6fca44b9514bad463\">\n\n            <img data-image-id='2365'\n                 title=\"\"\n                 alt=\"IMG_20250118_192121_1\"\n                 src=\"http:\/\/olasz-altisk.edu.hu\/weboldal\/wp-content\/gallery\/svab-bal-2024\/IMG_20250118_192121_1.jpg\"\n                 style=\"max-height: 380px;\"\/>\n        <\/a>\n\n        <\/div> \n<div id=\"ngg-image-6\" class=\"ngg-gallery-slideshow-image\" style=\"height:400px\">\n\n        <a href=\"http:\/\/olasz-altisk.edu.hu\/weboldal\/wp-content\/gallery\/svab-bal-2024\/IMG_20250118_192230.jpg\"\n           title=\"\"\n           data-src=\"http:\/\/olasz-altisk.edu.hu\/weboldal\/wp-content\/gallery\/svab-bal-2024\/IMG_20250118_192230.jpg\"\n           data-thumbnail=\"http:\/\/olasz-altisk.edu.hu\/weboldal\/wp-content\/gallery\/svab-bal-2024\/thumbs\/thumbs_IMG_20250118_192230.jpg\"\n           data-image-id=\"2366\"\n           data-title=\"IMG_20250118_192230\"\n           data-description=\"\"\n           class=\"ngg-fancybox\" rel=\"e12fa7c785490ae6fca44b9514bad463\">\n\n            <img data-image-id='2366'\n                 title=\"\"\n                 alt=\"IMG_20250118_192230\"\n                 src=\"http:\/\/olasz-altisk.edu.hu\/weboldal\/wp-content\/gallery\/svab-bal-2024\/IMG_20250118_192230.jpg\"\n                 style=\"max-height: 380px;\"\/>\n        <\/a>\n\n        <\/div> \n<div id=\"ngg-image-7\" class=\"ngg-gallery-slideshow-image\" style=\"height:400px\">\n\n        <a href=\"http:\/\/olasz-altisk.edu.hu\/weboldal\/wp-content\/gallery\/svab-bal-2024\/IMG_20250118_192453.jpg\"\n           title=\"\"\n           data-src=\"http:\/\/olasz-altisk.edu.hu\/weboldal\/wp-content\/gallery\/svab-bal-2024\/IMG_20250118_192453.jpg\"\n           data-thumbnail=\"http:\/\/olasz-altisk.edu.hu\/weboldal\/wp-content\/gallery\/svab-bal-2024\/thumbs\/thumbs_IMG_20250118_192453.jpg\"\n           data-image-id=\"2367\"\n           data-title=\"IMG_20250118_192453\"\n           data-description=\"\"\n           class=\"ngg-fancybox\" rel=\"e12fa7c785490ae6fca44b9514bad463\">\n\n            <img data-image-id='2367'\n                 title=\"\"\n                 alt=\"IMG_20250118_192453\"\n                 src=\"http:\/\/olasz-altisk.edu.hu\/weboldal\/wp-content\/gallery\/svab-bal-2024\/IMG_20250118_192453.jpg\"\n                 style=\"max-height: 380px;\"\/>\n        <\/a>\n\n        <\/div> \n<div id=\"ngg-image-8\" class=\"ngg-gallery-slideshow-image\" style=\"height:400px\">\n\n        <a href=\"http:\/\/olasz-altisk.edu.hu\/weboldal\/wp-content\/gallery\/svab-bal-2024\/IMG_20250118_192525.jpg\"\n           title=\"\"\n           data-src=\"http:\/\/olasz-altisk.edu.hu\/weboldal\/wp-content\/gallery\/svab-bal-2024\/IMG_20250118_192525.jpg\"\n           data-thumbnail=\"http:\/\/olasz-altisk.edu.hu\/weboldal\/wp-content\/gallery\/svab-bal-2024\/thumbs\/thumbs_IMG_20250118_192525.jpg\"\n           data-image-id=\"2368\"\n           data-title=\"IMG_20250118_192525\"\n           data-description=\"\"\n           class=\"ngg-fancybox\" rel=\"e12fa7c785490ae6fca44b9514bad463\">\n\n            <img data-image-id='2368'\n                 title=\"\"\n                 alt=\"IMG_20250118_192525\"\n                 src=\"http:\/\/olasz-altisk.edu.hu\/weboldal\/wp-content\/gallery\/svab-bal-2024\/IMG_20250118_192525.jpg\"\n                 style=\"max-height: 380px;\"\/>\n        <\/a>\n\n        <\/div> \n<div id=\"ngg-image-9\" class=\"ngg-gallery-slideshow-image\" style=\"height:400px\">\n\n        <a href=\"http:\/\/olasz-altisk.edu.hu\/weboldal\/wp-content\/gallery\/svab-bal-2024\/IMG_20250118_192239_1.jpg\"\n           title=\"\"\n           data-src=\"http:\/\/olasz-altisk.edu.hu\/weboldal\/wp-content\/gallery\/svab-bal-2024\/IMG_20250118_192239_1.jpg\"\n           data-thumbnail=\"http:\/\/olasz-altisk.edu.hu\/weboldal\/wp-content\/gallery\/svab-bal-2024\/thumbs\/thumbs_IMG_20250118_192239_1.jpg\"\n           data-image-id=\"2369\"\n           data-title=\"IMG_20250118_192239_1\"\n           data-description=\"\"\n           class=\"ngg-fancybox\" rel=\"e12fa7c785490ae6fca44b9514bad463\">\n\n            <img data-image-id='2369'\n                 title=\"\"\n                 alt=\"IMG_20250118_192239_1\"\n                 src=\"http:\/\/olasz-altisk.edu.hu\/weboldal\/wp-content\/gallery\/svab-bal-2024\/IMG_20250118_192239_1.jpg\"\n                 style=\"max-height: 380px;\"\/>\n        <\/a>\n\n        <\/div> \n<\/div>\n\n\n\n\n","protected":false},"excerpt":{"rendered":"<p>H\u00e9tv\u00e9g\u00e9n imm\u00e1r 15. alkalommal ker\u00fclt megrendez\u00e9sre Olaszon a sv\u00e1b b\u00e1l. M\u00e1r hagyom\u00e1ny, hogy az Olaszi N\u00e9met \u00d6nkorm\u00e1nyzat iskol\u00e1nk n\u00e9met t\u00e1nccsoportj\u00e1t k\u00e9ri fel a b\u00e1l megnyit\u00e1s\u00e1ra. Id\u00e9n az als\u00f3 tagozatos gyerekek mutatt\u00e1k be t\u00e1ncaikat Bernhardt Enik\u0151 tan\u00e1rn\u0151 vezet\u00e9s\u00e9vel.Gratul\u00e1lunk a vid\u00e1m, lend\u00fcletes produkci\u00f3hoz!<\/p>\n","protected":false},"author":1,"featured_media":0,"comment_status":"closed","ping_status":"closed","sticky":false,"template":"","format":"standard","meta":{"ngg_post_thumbnail":0},"categories":[1],"tags":[],"_links":{"self":[{"href":"http:\/\/olasz-altisk.edu.hu\/weboldal\/index.php?rest_route=\/wp\/v2\/posts\/5066"}],"collection":[{"href":"http:\/\/olasz-altisk.edu.hu\/weboldal\/index.php?rest_route=\/wp\/v2\/posts"}],"about":[{"href":"http:\/\/olasz-altisk.edu.hu\/weboldal\/index.php?rest_route=\/wp\/v2\/types\/post"}],"author":[{"embeddable":true,"href":"http:\/\/olasz-altisk.edu.hu\/weboldal\/index.php?rest_route=\/wp\/v2\/users\/1"}],"replies":[{"embeddable":true,"href":"http:\/\/olasz-altisk.edu.hu\/weboldal\/index.php?rest_route=%2Fwp%2Fv2%2Fcomments&post=5066"}],"version-history":[{"count":2,"href":"http:\/\/olasz-altisk.edu.hu\/weboldal\/index.php?rest_route=\/wp\/v2\/posts\/5066\/revisions"}],"predecessor-version":[{"id":5079,"href":"http:\/\/olasz-altisk.edu.hu\/weboldal\/index.php?rest_route=\/wp\/v2\/posts\/5066\/revisions\/5079"}],"wp:attachment":[{"href":"http:\/\/olasz-altisk.edu.hu\/weboldal\/index.php?rest_route=%2Fwp%2Fv2%2Fmedia&parent=5066"}],"wp:term":[{"taxonomy":"category","embeddable":true,"href":"http:\/\/olasz-altisk.edu.hu\/weboldal\/index.php?rest_route=%2Fwp%2Fv2%2Fcategories&post=5066"},{"taxonomy":"post_tag","embeddable":true,"href":"http:\/\/olasz-altisk.edu.hu\/weboldal\/index.php?rest_route=%2Fwp%2Fv2%2Ftags&post=5066"}],"curies":[{"name":"wp","href":"https:\/\/api.w.org\/{rel}","templated":true}]}}