{"id":5082,"date":"2025-01-30T19:18:45","date_gmt":"2025-01-30T18:18:45","guid":{"rendered":"http:\/\/olasz-altisk.edu.hu\/weboldal\/?p=5082"},"modified":"2025-01-30T19:18:45","modified_gmt":"2025-01-30T18:18:45","slug":"sitabor-2025","status":"publish","type":"post","link":"http:\/\/olasz-altisk.edu.hu\/weboldal\/?p=5082","title":{"rendered":"S\u00edt\u00e1bor 2025"},"content":{"rendered":"\n<p>Iskol\u00e1nk ebben a tan\u00e9vben is megtartotta m\u00e1r hagyom\u00e1nyoss\u00e1 v\u00e1lt s\u00edt\u00e1bor\u00e1t. Id\u00e9n Ausztria, Koralpe gy\u00f6ny\u00f6r\u0171 havas lank\u00e1in fejlesztett\u00e9k tov\u00e1bb s\u00edtud\u00e1sukat. A n\u00e9gy nap felejthetetlen \u00e9lm\u00e9nyekkel z\u00e1rult.<br>K\u00f6sz\u00f6nj\u00fck t\u00e1mogat\u00f3inknak, hogy lehet\u0151v\u00e9 tett\u00e9k a program l\u00e9trej\u00f6tt\u00e9t.<\/p>\n\n\n\n<figure class=\"wp-block-image size-large\"><img decoding=\"async\" loading=\"lazy\" width=\"1024\" height=\"768\" src=\"http:\/\/olasz-altisk.edu.hu\/weboldal\/wp-content\/uploads\/Messenger_creation_8E452396-53BB-4744-A878-D84C9E7B45D5-1024x768.jpeg\" alt=\"\" class=\"wp-image-5083\" srcset=\"http:\/\/olasz-altisk.edu.hu\/weboldal\/wp-content\/uploads\/Messenger_creation_8E452396-53BB-4744-A878-D84C9E7B45D5-1024x768.jpeg 1024w, http:\/\/olasz-altisk.edu.hu\/weboldal\/wp-content\/uploads\/Messenger_creation_8E452396-53BB-4744-A878-D84C9E7B45D5-300x225.jpeg 300w, http:\/\/olasz-altisk.edu.hu\/weboldal\/wp-content\/uploads\/Messenger_creation_8E452396-53BB-4744-A878-D84C9E7B45D5-768x576.jpeg 768w, http:\/\/olasz-altisk.edu.hu\/weboldal\/wp-content\/uploads\/Messenger_creation_8E452396-53BB-4744-A878-D84C9E7B45D5-1536x1152.jpeg 1536w, http:\/\/olasz-altisk.edu.hu\/weboldal\/wp-content\/uploads\/Messenger_creation_8E452396-53BB-4744-A878-D84C9E7B45D5-150x113.jpeg 150w, http:\/\/olasz-altisk.edu.hu\/weboldal\/wp-content\/uploads\/Messenger_creation_8E452396-53BB-4744-A878-D84C9E7B45D5-200x150.jpeg 200w, http:\/\/olasz-altisk.edu.hu\/weboldal\/wp-content\/uploads\/Messenger_creation_8E452396-53BB-4744-A878-D84C9E7B45D5.jpeg 2048w\" sizes=\"(max-width: 1024px) 100vw, 1024px\" \/><\/figure>\n","protected":false},"excerpt":{"rendered":"<p>Iskol\u00e1nk ebben a tan\u00e9vben is megtartotta m\u00e1r hagyom\u00e1nyoss\u00e1 v\u00e1lt s\u00edt\u00e1bor\u00e1t. Id\u00e9n Ausztria, Koralpe gy\u00f6ny\u00f6r\u0171 havas lank\u00e1in fejlesztett\u00e9k tov\u00e1bb s\u00edtud\u00e1sukat. A n\u00e9gy nap felejthetetlen \u00e9lm\u00e9nyekkel z\u00e1rult.K\u00f6sz\u00f6nj\u00fck t\u00e1mogat\u00f3inknak, hogy lehet\u0151v\u00e9 tett\u00e9k a program l\u00e9trej\u00f6tt\u00e9t.<\/p>\n","protected":false},"author":1,"featured_media":0,"comment_status":"closed","ping_status":"closed","sticky":false,"template":"","format":"standard","meta":{"ngg_post_thumbnail":0},"categories":[1],"tags":[],"_links":{"self":[{"href":"http:\/\/olasz-altisk.edu.hu\/weboldal\/index.php?rest_route=\/wp\/v2\/posts\/5082"}],"collection":[{"href":"http:\/\/olasz-altisk.edu.hu\/weboldal\/index.php?rest_route=\/wp\/v2\/posts"}],"about":[{"href":"http:\/\/olasz-altisk.edu.hu\/weboldal\/index.php?rest_route=\/wp\/v2\/types\/post"}],"author":[{"embeddable":true,"href":"http:\/\/olasz-altisk.edu.hu\/weboldal\/index.php?rest_route=\/wp\/v2\/users\/1"}],"replies":[{"embeddable":true,"href":"http:\/\/olasz-altisk.edu.hu\/weboldal\/index.php?rest_route=%2Fwp%2Fv2%2Fcomments&post=5082"}],"version-history":[{"count":1,"href":"http:\/\/olasz-altisk.edu.hu\/weboldal\/index.php?rest_route=\/wp\/v2\/posts\/5082\/revisions"}],"predecessor-version":[{"id":5084,"href":"http:\/\/olasz-altisk.edu.hu\/weboldal\/index.php?rest_route=\/wp\/v2\/posts\/5082\/revisions\/5084"}],"wp:attachment":[{"href":"http:\/\/olasz-altisk.edu.hu\/weboldal\/index.php?rest_route=%2Fwp%2Fv2%2Fmedia&parent=5082"}],"wp:term":[{"taxonomy":"category","embeddable":true,"href":"http:\/\/olasz-altisk.edu.hu\/weboldal\/index.php?rest_route=%2Fwp%2Fv2%2Fcategories&post=5082"},{"taxonomy":"post_tag","embeddable":true,"href":"http:\/\/olasz-altisk.edu.hu\/weboldal\/index.php?rest_route=%2Fwp%2Fv2%2Ftags&post=5082"}],"curies":[{"name":"wp","href":"https:\/\/api.w.org\/{rel}","templated":true}]}}