{"id":5149,"date":"2025-02-27T10:37:09","date_gmt":"2025-02-27T09:37:09","guid":{"rendered":"http:\/\/olasz-altisk.edu.hu\/weboldal\/?p=5149"},"modified":"2025-02-27T10:37:09","modified_gmt":"2025-02-27T09:37:09","slug":"roplabda-iv-korcsoport-2024-2025-tanev-korzeti-dontoje","status":"publish","type":"post","link":"http:\/\/olasz-altisk.edu.hu\/weboldal\/?p=5149","title":{"rendered":"R\u00f6plabda IV. korcsoport 2024\/2025. tan\u00e9v k\u00f6rzeti d\u00f6nt\u0151je"},"content":{"rendered":"\n<p>\u00dajabb hatalmas siker a sportp\u00e1ly\u00e1n!<\/p>\n\n\n\n<p>A Moh\u00e1cson megrendezett r\u00f6plabda IV. korcsoportos di\u00e1kolimpia 2024\/2025. tan\u00e9v k\u00f6rzeti d\u00f6nt\u0151j\u00e9ben veretlen\u00fcl az 1. helyen v\u00e9geztek di\u00e1kjaink.<\/p>\n\n\n\n<p>A csapat tagjai:<br>&#8211; \u00c1bel Maxim<br>&#8211; Bogd\u00e1n Adri\u00e1n<br>&#8211; Hatta M\u00e1t\u00e9<br>&#8211; Heged\u00fcs Tam\u00e1s<br>&#8211; Juh\u00e1sz B\u00e1lint<br>&#8211; Juh\u00e1sz Levente<br>&#8211; Kiss J\u00f3zsef Benj\u00e1min<\/p>\n\n\n\n<p>Felk\u00e9sz\u00edt\u0151: Szendr\u0151 Zolt\u00e1n tan\u00e1r \u00far<\/p>\n\n\n\n<p>Gratul\u00e1lunk \u00e9s tov\u00e1bbi sok sikert k\u00edv\u00e1nunk!<\/p>\n\n\n\n<figure class=\"wp-block-image size-large\"><img decoding=\"async\" loading=\"lazy\" width=\"1024\" height=\"768\" src=\"http:\/\/olasz-altisk.edu.hu\/weboldal\/wp-content\/uploads\/Messenger_creation_EB91E1ED-FA89-4BEA-BAF9-D0B5611A21E4-1024x768.jpeg\" alt=\"\" class=\"wp-image-5150\" srcset=\"http:\/\/olasz-altisk.edu.hu\/weboldal\/wp-content\/uploads\/Messenger_creation_EB91E1ED-FA89-4BEA-BAF9-D0B5611A21E4-1024x768.jpeg 1024w, http:\/\/olasz-altisk.edu.hu\/weboldal\/wp-content\/uploads\/Messenger_creation_EB91E1ED-FA89-4BEA-BAF9-D0B5611A21E4-300x225.jpeg 300w, http:\/\/olasz-altisk.edu.hu\/weboldal\/wp-content\/uploads\/Messenger_creation_EB91E1ED-FA89-4BEA-BAF9-D0B5611A21E4-768x576.jpeg 768w, http:\/\/olasz-altisk.edu.hu\/weboldal\/wp-content\/uploads\/Messenger_creation_EB91E1ED-FA89-4BEA-BAF9-D0B5611A21E4-1536x1152.jpeg 1536w, http:\/\/olasz-altisk.edu.hu\/weboldal\/wp-content\/uploads\/Messenger_creation_EB91E1ED-FA89-4BEA-BAF9-D0B5611A21E4-150x113.jpeg 150w, http:\/\/olasz-altisk.edu.hu\/weboldal\/wp-content\/uploads\/Messenger_creation_EB91E1ED-FA89-4BEA-BAF9-D0B5611A21E4-200x150.jpeg 200w, http:\/\/olasz-altisk.edu.hu\/weboldal\/wp-content\/uploads\/Messenger_creation_EB91E1ED-FA89-4BEA-BAF9-D0B5611A21E4.jpeg 2048w\" sizes=\"(max-width: 1024px) 100vw, 1024px\" \/><\/figure>\n","protected":false},"excerpt":{"rendered":"<p>\u00dajabb hatalmas siker a sportp\u00e1ly\u00e1n! A Moh\u00e1cson megrendezett r\u00f6plabda IV. korcsoportos di\u00e1kolimpia 2024\/2025. tan\u00e9v k\u00f6rzeti d\u00f6nt\u0151j\u00e9ben veretlen\u00fcl az 1. helyen v\u00e9geztek di\u00e1kjaink. A csapat tagjai:&#8211; \u00c1bel Maxim&#8211; Bogd\u00e1n Adri\u00e1n&#8211; Hatta M\u00e1t\u00e9&#8211; Heged\u00fcs Tam\u00e1s&#8211; Juh\u00e1sz B\u00e1lint&#8211; Juh\u00e1sz Levente&#8211; Kiss J\u00f3zsef Benj\u00e1min Felk\u00e9sz\u00edt\u0151: Szendr\u0151 Zolt\u00e1n tan\u00e1r \u00far Gratul\u00e1lunk \u00e9s tov\u00e1bbi sok sikert \u2026 <a class=\"continue-reading-link\" href=\"http:\/\/olasz-altisk.edu.hu\/weboldal\/?p=5149\"> Continue reading <span class=\"meta-nav\">&rarr; <\/span><\/a><\/p>\n","protected":false},"author":1,"featured_media":0,"comment_status":"closed","ping_status":"closed","sticky":false,"template":"","format":"standard","meta":{"ngg_post_thumbnail":0},"categories":[1],"tags":[],"_links":{"self":[{"href":"http:\/\/olasz-altisk.edu.hu\/weboldal\/index.php?rest_route=\/wp\/v2\/posts\/5149"}],"collection":[{"href":"http:\/\/olasz-altisk.edu.hu\/weboldal\/index.php?rest_route=\/wp\/v2\/posts"}],"about":[{"href":"http:\/\/olasz-altisk.edu.hu\/weboldal\/index.php?rest_route=\/wp\/v2\/types\/post"}],"author":[{"embeddable":true,"href":"http:\/\/olasz-altisk.edu.hu\/weboldal\/index.php?rest_route=\/wp\/v2\/users\/1"}],"replies":[{"embeddable":true,"href":"http:\/\/olasz-altisk.edu.hu\/weboldal\/index.php?rest_route=%2Fwp%2Fv2%2Fcomments&post=5149"}],"version-history":[{"count":1,"href":"http:\/\/olasz-altisk.edu.hu\/weboldal\/index.php?rest_route=\/wp\/v2\/posts\/5149\/revisions"}],"predecessor-version":[{"id":5151,"href":"http:\/\/olasz-altisk.edu.hu\/weboldal\/index.php?rest_route=\/wp\/v2\/posts\/5149\/revisions\/5151"}],"wp:attachment":[{"href":"http:\/\/olasz-altisk.edu.hu\/weboldal\/index.php?rest_route=%2Fwp%2Fv2%2Fmedia&parent=5149"}],"wp:term":[{"taxonomy":"category","embeddable":true,"href":"http:\/\/olasz-altisk.edu.hu\/weboldal\/index.php?rest_route=%2Fwp%2Fv2%2Fcategories&post=5149"},{"taxonomy":"post_tag","embeddable":true,"href":"http:\/\/olasz-altisk.edu.hu\/weboldal\/index.php?rest_route=%2Fwp%2Fv2%2Ftags&post=5149"}],"curies":[{"name":"wp","href":"https:\/\/api.w.org\/{rel}","templated":true}]}}