{"id":5599,"date":"2025-04-16T14:44:34","date_gmt":"2025-04-16T12:44:34","guid":{"rendered":"http:\/\/olasz-altisk.edu.hu\/weboldal\/?p=5599"},"modified":"2025-04-16T14:44:34","modified_gmt":"2025-04-16T12:44:34","slug":"matek-verseny-2025","status":"publish","type":"post","link":"http:\/\/olasz-altisk.edu.hu\/weboldal\/?p=5599","title":{"rendered":"Matek verseny 2025."},"content":{"rendered":"\n<p>A Majsi Frey J\u00e1nos \u00c1ltal\u00e1nos Iskola matematikaversenyt rendezett 1-5.oszt\u00e1lyos tanul\u00f3k r\u00e9sz\u00e9re &#8222;Elli n\u00e9ni eml\u00e9k\u00e9re&#8221;. Iskol\u00e1nk tanul\u00f3i is neveztek a megm\u00e9rettet\u00e9sre. A di\u00e1kok az \u00edr\u00e1sbeli feladatokat \u00fcgyesen teljes\u00edtett\u00e9k.<\/p>\n\n\n\n<p>Hafner-Hadas Csan\u00e1d 3.oszt\u00e1lyos tanul\u00f3 az el\u0151kel\u0151 1. helyez\u00e9st \u00e9rte el.<\/p>\n\n\n\n<p><strong>R\u00e9sztvev\u0151k:<\/strong><\/p>\n\n\n\n<p>Antal Barnab\u00e1s<br>Hafner- Hadas Csan\u00e1d<br>H\u00e1ner Dus\u00e1n<br>Suv\u00e1k Viktor<br>Zsoldos S\u00e1ndor<\/p>\n\n\n\n<p><strong>Felk\u00e9sz\u00edt\u0151 pedag\u00f3gusok: Berthold Eszter, K\u00e9m\u00e9ndin\u00e9 Ferenczi Hajnalka \u00e9s Kereky Zolt\u00e1nn\u00e9<\/strong><\/p>\n\n\n\n<p>Szeretettel gratul\u00e1lunk, tov\u00e1bbi j\u00f3 matekoz\u00e1st k\u00edv\u00e1nunk!<\/p>\n\n\n\n\n\n<div class=\"ngg-galleryoverview ngg-slideshow\"\n\t id=\"ngg-slideshow-50e83948e51716122e4efc8eda22ce17-4654097420\"\n     data-gallery-id=\"50e83948e51716122e4efc8eda22ce17\"\n     style=\"max-width: 600px; max-height: 400px;\">\n\n \t<div id=\"ngg-image-0\" class=\"ngg-gallery-slideshow-image\" style=\"height:400px\">\n\n        <a href=\"http:\/\/olasz-altisk.edu.hu\/weboldal\/wp-content\/gallery\/matek-verseny-2025\/Messenger_creation_602F23E1-519E-457A-B1B2-D9F40FD139E2.jpeg\"\n           title=\"\"\n           data-src=\"http:\/\/olasz-altisk.edu.hu\/weboldal\/wp-content\/gallery\/matek-verseny-2025\/Messenger_creation_602F23E1-519E-457A-B1B2-D9F40FD139E2.jpeg\"\n           data-thumbnail=\"http:\/\/olasz-altisk.edu.hu\/weboldal\/wp-content\/gallery\/matek-verseny-2025\/thumbs\/thumbs_Messenger_creation_602F23E1-519E-457A-B1B2-D9F40FD139E2.jpeg\"\n           data-image-id=\"2735\"\n           data-title=\"Messenger_creation_602F23E1-519E-457A-B1B2-D9F40FD139E2\"\n           data-description=\"\"\n           class=\"ngg-fancybox\" rel=\"50e83948e51716122e4efc8eda22ce17\">\n\n            <img data-image-id='2735'\n                 title=\"\"\n                 alt=\"Messenger_creation_602F23E1-519E-457A-B1B2-D9F40FD139E2\"\n                 src=\"http:\/\/olasz-altisk.edu.hu\/weboldal\/wp-content\/gallery\/matek-verseny-2025\/Messenger_creation_602F23E1-519E-457A-B1B2-D9F40FD139E2.jpeg\"\n                 style=\"max-height: 380px;\"\/>\n        <\/a>\n\n        <\/div> \n<div id=\"ngg-image-1\" class=\"ngg-gallery-slideshow-image\" style=\"height:400px\">\n\n        <a href=\"http:\/\/olasz-altisk.edu.hu\/weboldal\/wp-content\/gallery\/matek-verseny-2025\/Messenger_creation_0B7857CA-7ECC-4211-95EC-28D6A95914AD.jpeg\"\n           title=\"\"\n           data-src=\"http:\/\/olasz-altisk.edu.hu\/weboldal\/wp-content\/gallery\/matek-verseny-2025\/Messenger_creation_0B7857CA-7ECC-4211-95EC-28D6A95914AD.jpeg\"\n           data-thumbnail=\"http:\/\/olasz-altisk.edu.hu\/weboldal\/wp-content\/gallery\/matek-verseny-2025\/thumbs\/thumbs_Messenger_creation_0B7857CA-7ECC-4211-95EC-28D6A95914AD.jpeg\"\n           data-image-id=\"2736\"\n           data-title=\"Messenger_creation_0B7857CA-7ECC-4211-95EC-28D6A95914AD\"\n           data-description=\"\"\n           class=\"ngg-fancybox\" rel=\"50e83948e51716122e4efc8eda22ce17\">\n\n            <img data-image-id='2736'\n                 title=\"\"\n                 alt=\"Messenger_creation_0B7857CA-7ECC-4211-95EC-28D6A95914AD\"\n                 src=\"http:\/\/olasz-altisk.edu.hu\/weboldal\/wp-content\/gallery\/matek-verseny-2025\/Messenger_creation_0B7857CA-7ECC-4211-95EC-28D6A95914AD.jpeg\"\n                 style=\"max-height: 380px;\"\/>\n        <\/a>\n\n        <\/div> \n<div id=\"ngg-image-2\" class=\"ngg-gallery-slideshow-image\" style=\"height:400px\">\n\n        <a href=\"http:\/\/olasz-altisk.edu.hu\/weboldal\/wp-content\/gallery\/matek-verseny-2025\/Messenger_creation_4C7B8C7A-D607-45BE-8ABC-AFBDE2EC2047.jpeg\"\n           title=\"\"\n           data-src=\"http:\/\/olasz-altisk.edu.hu\/weboldal\/wp-content\/gallery\/matek-verseny-2025\/Messenger_creation_4C7B8C7A-D607-45BE-8ABC-AFBDE2EC2047.jpeg\"\n           data-thumbnail=\"http:\/\/olasz-altisk.edu.hu\/weboldal\/wp-content\/gallery\/matek-verseny-2025\/thumbs\/thumbs_Messenger_creation_4C7B8C7A-D607-45BE-8ABC-AFBDE2EC2047.jpeg\"\n           data-image-id=\"2737\"\n           data-title=\"Messenger_creation_4C7B8C7A-D607-45BE-8ABC-AFBDE2EC2047\"\n           data-description=\"\"\n           class=\"ngg-fancybox\" rel=\"50e83948e51716122e4efc8eda22ce17\">\n\n            <img data-image-id='2737'\n                 title=\"\"\n                 alt=\"Messenger_creation_4C7B8C7A-D607-45BE-8ABC-AFBDE2EC2047\"\n                 src=\"http:\/\/olasz-altisk.edu.hu\/weboldal\/wp-content\/gallery\/matek-verseny-2025\/Messenger_creation_4C7B8C7A-D607-45BE-8ABC-AFBDE2EC2047.jpeg\"\n                 style=\"max-height: 380px;\"\/>\n        <\/a>\n\n        <\/div> \n<div id=\"ngg-image-3\" class=\"ngg-gallery-slideshow-image\" style=\"height:400px\">\n\n        <a href=\"http:\/\/olasz-altisk.edu.hu\/weboldal\/wp-content\/gallery\/matek-verseny-2025\/Messenger_creation_3C3DB863-6981-42B0-BDF8-B8711733182F.jpeg\"\n           title=\"\"\n           data-src=\"http:\/\/olasz-altisk.edu.hu\/weboldal\/wp-content\/gallery\/matek-verseny-2025\/Messenger_creation_3C3DB863-6981-42B0-BDF8-B8711733182F.jpeg\"\n           data-thumbnail=\"http:\/\/olasz-altisk.edu.hu\/weboldal\/wp-content\/gallery\/matek-verseny-2025\/thumbs\/thumbs_Messenger_creation_3C3DB863-6981-42B0-BDF8-B8711733182F.jpeg\"\n           data-image-id=\"2738\"\n           data-title=\"Messenger_creation_3C3DB863-6981-42B0-BDF8-B8711733182F\"\n           data-description=\"\"\n           class=\"ngg-fancybox\" rel=\"50e83948e51716122e4efc8eda22ce17\">\n\n            <img data-image-id='2738'\n                 title=\"\"\n                 alt=\"Messenger_creation_3C3DB863-6981-42B0-BDF8-B8711733182F\"\n                 src=\"http:\/\/olasz-altisk.edu.hu\/weboldal\/wp-content\/gallery\/matek-verseny-2025\/Messenger_creation_3C3DB863-6981-42B0-BDF8-B8711733182F.jpeg\"\n                 style=\"max-height: 380px;\"\/>\n        <\/a>\n\n        <\/div> \n<div id=\"ngg-image-4\" class=\"ngg-gallery-slideshow-image\" style=\"height:400px\">\n\n        <a href=\"http:\/\/olasz-altisk.edu.hu\/weboldal\/wp-content\/gallery\/matek-verseny-2025\/Messenger_creation_5E633BB9-BE7E-4FC7-BBD6-96871115341F.jpeg\"\n           title=\"\"\n           data-src=\"http:\/\/olasz-altisk.edu.hu\/weboldal\/wp-content\/gallery\/matek-verseny-2025\/Messenger_creation_5E633BB9-BE7E-4FC7-BBD6-96871115341F.jpeg\"\n           data-thumbnail=\"http:\/\/olasz-altisk.edu.hu\/weboldal\/wp-content\/gallery\/matek-verseny-2025\/thumbs\/thumbs_Messenger_creation_5E633BB9-BE7E-4FC7-BBD6-96871115341F.jpeg\"\n           data-image-id=\"2739\"\n           data-title=\"Messenger_creation_5E633BB9-BE7E-4FC7-BBD6-96871115341F\"\n           data-description=\"\"\n           class=\"ngg-fancybox\" rel=\"50e83948e51716122e4efc8eda22ce17\">\n\n            <img data-image-id='2739'\n                 title=\"\"\n                 alt=\"Messenger_creation_5E633BB9-BE7E-4FC7-BBD6-96871115341F\"\n                 src=\"http:\/\/olasz-altisk.edu.hu\/weboldal\/wp-content\/gallery\/matek-verseny-2025\/Messenger_creation_5E633BB9-BE7E-4FC7-BBD6-96871115341F.jpeg\"\n                 style=\"max-height: 380px;\"\/>\n        <\/a>\n\n        <\/div> \n<\/div>\n\n\n\n\n","protected":false},"excerpt":{"rendered":"<p>A Majsi Frey J\u00e1nos \u00c1ltal\u00e1nos Iskola matematikaversenyt rendezett 1-5.oszt\u00e1lyos tanul\u00f3k r\u00e9sz\u00e9re &#8222;Elli n\u00e9ni eml\u00e9k\u00e9re&#8221;. Iskol\u00e1nk tanul\u00f3i is neveztek a megm\u00e9rettet\u00e9sre. A di\u00e1kok az \u00edr\u00e1sbeli feladatokat \u00fcgyesen teljes\u00edtett\u00e9k. Hafner-Hadas Csan\u00e1d 3.oszt\u00e1lyos tanul\u00f3 az el\u0151kel\u0151 1. helyez\u00e9st \u00e9rte el. R\u00e9sztvev\u0151k: Antal Barnab\u00e1sHafner- Hadas Csan\u00e1dH\u00e1ner Dus\u00e1nSuv\u00e1k ViktorZsoldos S\u00e1ndor Felk\u00e9sz\u00edt\u0151 pedag\u00f3gusok: Berthold Eszter, K\u00e9m\u00e9ndin\u00e9 \u2026 <a class=\"continue-reading-link\" href=\"http:\/\/olasz-altisk.edu.hu\/weboldal\/?p=5599\"> Continue reading <span class=\"meta-nav\">&rarr; <\/span><\/a><\/p>\n","protected":false},"author":1,"featured_media":0,"comment_status":"closed","ping_status":"closed","sticky":false,"template":"","format":"standard","meta":{"ngg_post_thumbnail":0},"categories":[1],"tags":[],"_links":{"self":[{"href":"http:\/\/olasz-altisk.edu.hu\/weboldal\/index.php?rest_route=\/wp\/v2\/posts\/5599"}],"collection":[{"href":"http:\/\/olasz-altisk.edu.hu\/weboldal\/index.php?rest_route=\/wp\/v2\/posts"}],"about":[{"href":"http:\/\/olasz-altisk.edu.hu\/weboldal\/index.php?rest_route=\/wp\/v2\/types\/post"}],"author":[{"embeddable":true,"href":"http:\/\/olasz-altisk.edu.hu\/weboldal\/index.php?rest_route=\/wp\/v2\/users\/1"}],"replies":[{"embeddable":true,"href":"http:\/\/olasz-altisk.edu.hu\/weboldal\/index.php?rest_route=%2Fwp%2Fv2%2Fcomments&post=5599"}],"version-history":[{"count":2,"href":"http:\/\/olasz-altisk.edu.hu\/weboldal\/index.php?rest_route=\/wp\/v2\/posts\/5599\/revisions"}],"predecessor-version":[{"id":5607,"href":"http:\/\/olasz-altisk.edu.hu\/weboldal\/index.php?rest_route=\/wp\/v2\/posts\/5599\/revisions\/5607"}],"wp:attachment":[{"href":"http:\/\/olasz-altisk.edu.hu\/weboldal\/index.php?rest_route=%2Fwp%2Fv2%2Fmedia&parent=5599"}],"wp:term":[{"taxonomy":"category","embeddable":true,"href":"http:\/\/olasz-altisk.edu.hu\/weboldal\/index.php?rest_route=%2Fwp%2Fv2%2Fcategories&post=5599"},{"taxonomy":"post_tag","embeddable":true,"href":"http:\/\/olasz-altisk.edu.hu\/weboldal\/index.php?rest_route=%2Fwp%2Fv2%2Ftags&post=5599"}],"curies":[{"name":"wp","href":"https:\/\/api.w.org\/{rel}","templated":true}]}}