{"id":5815,"date":"2025-05-14T09:52:05","date_gmt":"2025-05-14T07:52:05","guid":{"rendered":"http:\/\/olasz-altisk.edu.hu\/weboldal\/?p=5815"},"modified":"2025-05-14T09:52:05","modified_gmt":"2025-05-14T07:52:05","slug":"kis-iskolak-labdarugo-diakolimpiai-bajnoksaga","status":"publish","type":"post","link":"http:\/\/olasz-altisk.edu.hu\/weboldal\/?p=5815","title":{"rendered":"Kis Iskol\u00e1k Labdar\u00fag\u00f3 Di\u00e1kolimpiai bajnoks\u00e1ga"},"content":{"rendered":"\n<p class=\"has-text-align-center\">Iskol\u00e1nk fi\u00fa csapata a Kis Iskol\u00e1k Labdar\u00fag\u00f3 Di\u00e1kolimpiai bajnoks\u00e1g\u00e1n a III-IV. korcsoport k\u00f6rzeti d\u00f6nt\u0151j\u00e9ben I. helyez\u00e9st \u00e9rt el.<br><br>A csapat tagjai:<\/p>\n\n\n\n<p class=\"has-text-align-center\">\u00c1bel Maxim<br>Bak L\u00e9n\u00e1rd<br>Baksa Levente<br>Bogd\u00e1n Adri\u00e1n<br>Borsodi P\u00e9ter<br>Hatta M\u00e1t\u00e9 <br>Heged\u00fcs Tam\u00e1s<br>Juh\u00e1sz B\u00e1lint<br>Juh\u00e1sz Levente <br>Kiss J\u00f3zsef Benj\u00e1min<br>T\u00f3th-S\u00fct\u0151 Lehel<br><br><strong>Felk\u00e9sz\u00edt\u0151: Szendr\u0151 Zolt\u00e1n<br><\/strong><br><strong>Gratul\u00e1lunk a fi\u00faknak!<\/strong><\/p>\n\n\n\n<figure class=\"wp-block-image size-large is-resized\"><img decoding=\"async\" loading=\"lazy\" src=\"http:\/\/olasz-altisk.edu.hu\/weboldal\/wp-content\/uploads\/Messenger_creation_EF5219F8-D3C6-43ED-9561-39D6C652F27D-1024x768.jpeg\" alt=\"\" class=\"wp-image-5816\" width=\"512\" height=\"384\" srcset=\"http:\/\/olasz-altisk.edu.hu\/weboldal\/wp-content\/uploads\/Messenger_creation_EF5219F8-D3C6-43ED-9561-39D6C652F27D-1024x768.jpeg 1024w, http:\/\/olasz-altisk.edu.hu\/weboldal\/wp-content\/uploads\/Messenger_creation_EF5219F8-D3C6-43ED-9561-39D6C652F27D-300x225.jpeg 300w, http:\/\/olasz-altisk.edu.hu\/weboldal\/wp-content\/uploads\/Messenger_creation_EF5219F8-D3C6-43ED-9561-39D6C652F27D-768x576.jpeg 768w, http:\/\/olasz-altisk.edu.hu\/weboldal\/wp-content\/uploads\/Messenger_creation_EF5219F8-D3C6-43ED-9561-39D6C652F27D-1536x1152.jpeg 1536w, http:\/\/olasz-altisk.edu.hu\/weboldal\/wp-content\/uploads\/Messenger_creation_EF5219F8-D3C6-43ED-9561-39D6C652F27D-150x113.jpeg 150w, http:\/\/olasz-altisk.edu.hu\/weboldal\/wp-content\/uploads\/Messenger_creation_EF5219F8-D3C6-43ED-9561-39D6C652F27D-200x150.jpeg 200w, http:\/\/olasz-altisk.edu.hu\/weboldal\/wp-content\/uploads\/Messenger_creation_EF5219F8-D3C6-43ED-9561-39D6C652F27D.jpeg 2048w\" sizes=\"(max-width: 512px) 100vw, 512px\" \/><\/figure>\n","protected":false},"excerpt":{"rendered":"<p>Iskol\u00e1nk fi\u00fa csapata a Kis Iskol\u00e1k Labdar\u00fag\u00f3 Di\u00e1kolimpiai bajnoks\u00e1g\u00e1n a III-IV. korcsoport k\u00f6rzeti d\u00f6nt\u0151j\u00e9ben I. helyez\u00e9st \u00e9rt el. A csapat tagjai: \u00c1bel MaximBak L\u00e9n\u00e1rdBaksa LeventeBogd\u00e1n Adri\u00e1nBorsodi P\u00e9terHatta M\u00e1t\u00e9 Heged\u00fcs Tam\u00e1sJuh\u00e1sz B\u00e1lintJuh\u00e1sz Levente Kiss J\u00f3zsef Benj\u00e1minT\u00f3th-S\u00fct\u0151 Lehel Felk\u00e9sz\u00edt\u0151: Szendr\u0151 Zolt\u00e1nGratul\u00e1lunk a fi\u00faknak!<\/p>\n","protected":false},"author":1,"featured_media":0,"comment_status":"closed","ping_status":"closed","sticky":false,"template":"","format":"standard","meta":{"ngg_post_thumbnail":0},"categories":[1],"tags":[],"_links":{"self":[{"href":"http:\/\/olasz-altisk.edu.hu\/weboldal\/index.php?rest_route=\/wp\/v2\/posts\/5815"}],"collection":[{"href":"http:\/\/olasz-altisk.edu.hu\/weboldal\/index.php?rest_route=\/wp\/v2\/posts"}],"about":[{"href":"http:\/\/olasz-altisk.edu.hu\/weboldal\/index.php?rest_route=\/wp\/v2\/types\/post"}],"author":[{"embeddable":true,"href":"http:\/\/olasz-altisk.edu.hu\/weboldal\/index.php?rest_route=\/wp\/v2\/users\/1"}],"replies":[{"embeddable":true,"href":"http:\/\/olasz-altisk.edu.hu\/weboldal\/index.php?rest_route=%2Fwp%2Fv2%2Fcomments&post=5815"}],"version-history":[{"count":1,"href":"http:\/\/olasz-altisk.edu.hu\/weboldal\/index.php?rest_route=\/wp\/v2\/posts\/5815\/revisions"}],"predecessor-version":[{"id":5817,"href":"http:\/\/olasz-altisk.edu.hu\/weboldal\/index.php?rest_route=\/wp\/v2\/posts\/5815\/revisions\/5817"}],"wp:attachment":[{"href":"http:\/\/olasz-altisk.edu.hu\/weboldal\/index.php?rest_route=%2Fwp%2Fv2%2Fmedia&parent=5815"}],"wp:term":[{"taxonomy":"category","embeddable":true,"href":"http:\/\/olasz-altisk.edu.hu\/weboldal\/index.php?rest_route=%2Fwp%2Fv2%2Fcategories&post=5815"},{"taxonomy":"post_tag","embeddable":true,"href":"http:\/\/olasz-altisk.edu.hu\/weboldal\/index.php?rest_route=%2Fwp%2Fv2%2Ftags&post=5815"}],"curies":[{"name":"wp","href":"https:\/\/api.w.org\/{rel}","templated":true}]}}