{"id":5885,"date":"2025-05-26T09:29:05","date_gmt":"2025-05-26T07:29:05","guid":{"rendered":"http:\/\/olasz-altisk.edu.hu\/weboldal\/?p=5885"},"modified":"2025-05-26T09:29:05","modified_gmt":"2025-05-26T07:29:05","slug":"2024-2025-tanevi-mol-strandroplabda","status":"publish","type":"post","link":"http:\/\/olasz-altisk.edu.hu\/weboldal\/?p=5885","title":{"rendered":"2024\/2025. tan\u00e9vi MOL Strandr\u00f6plabda"},"content":{"rendered":"\n<p class=\"has-text-align-left\">M\u00e1jus 19-\u00e9n a 2024\/2025. tan\u00e9vi MOL Strandr\u00f6plabda Di\u00e1kolimpi\u00e1t rendeztek Budapesten.<br>Iskol\u00e1nk di\u00e1kjai is indultak ezen a megm\u00e9rettet\u00e9sen. A hideg es\u0151s id\u0151ben remek\u00fcl helyt\u00e1lltak,<br>a sok nagyv\u00e1rosi csapat k\u00f6z\u00fcl a 9. helyen v\u00e9geztek. Ehhez gratul\u00e1lunk, \u00e9s tov\u00e1bbi sok sikert k\u00edv\u00e1nunk!<\/p>\n\n\n\n<p><strong>Csapat<\/strong> <strong>tagjai<\/strong>:<\/p>\n\n\n\n<p>\u00c1bel Maxim<br>Bogd\u00e1n Adri\u00e1n<br>Juh\u00e1sz Levente<br>Kiss J\u00f3zsef Benj\u00e1min<\/p>\n\n\n\n<p>Felk\u00e9sz\u00edt\u0151 : Szendr\u0151 Zolt\u00e1n tan\u00e1r \u00far<\/p>\n\n\n\n<p>K\u00f6sz\u00f6nj\u00fck sz\u00e9pen \u00c1bel Tam\u00e1s seg\u00edts\u00e9g\u00e9t, t\u00e1mogat\u00e1s\u00e1t!<\/p>\n\n\n\n<figure class=\"wp-block-gallery has-nested-images columns-default is-cropped wp-block-gallery-1 is-layout-flex\">\n<figure class=\"wp-block-image size-large\"><a href=\"http:\/\/olasz-altisk.edu.hu\/weboldal\/wp-content\/uploads\/Messenger_creation_61FA8411-3EFE-46DE-AB3C-497FF7426F4A-rotated.jpeg\"><img decoding=\"async\" loading=\"lazy\" width=\"1024\" height=\"472\" data-id=\"5886\"  src=\"http:\/\/olasz-altisk.edu.hu\/weboldal\/wp-content\/uploads\/Messenger_creation_61FA8411-3EFE-46DE-AB3C-497FF7426F4A-rotated.jpeg\" alt=\"\" class=\"wp-image-5886\" srcset=\"http:\/\/olasz-altisk.edu.hu\/weboldal\/wp-content\/uploads\/Messenger_creation_61FA8411-3EFE-46DE-AB3C-497FF7426F4A-rotated.jpeg 1024w, http:\/\/olasz-altisk.edu.hu\/weboldal\/wp-content\/uploads\/Messenger_creation_61FA8411-3EFE-46DE-AB3C-497FF7426F4A-300x138.jpeg 300w, http:\/\/olasz-altisk.edu.hu\/weboldal\/wp-content\/uploads\/Messenger_creation_61FA8411-3EFE-46DE-AB3C-497FF7426F4A-768x354.jpeg 768w, http:\/\/olasz-altisk.edu.hu\/weboldal\/wp-content\/uploads\/Messenger_creation_61FA8411-3EFE-46DE-AB3C-497FF7426F4A-150x69.jpeg 150w, http:\/\/olasz-altisk.edu.hu\/weboldal\/wp-content\/uploads\/Messenger_creation_61FA8411-3EFE-46DE-AB3C-497FF7426F4A-250x115.jpeg 250w\" sizes=\"(max-width: 1024px) 100vw, 1024px\" \/><\/a><\/figure>\n\n\n\n<figure class=\"wp-block-image size-large\"><a href=\"http:\/\/olasz-altisk.edu.hu\/weboldal\/wp-content\/uploads\/Messenger_creation_894348B7-A27D-4D3C-8B4A-C014D0ABD673-rotated.jpeg\"><img decoding=\"async\" loading=\"lazy\" width=\"1024\" height=\"472\" data-id=\"5887\"  src=\"http:\/\/olasz-altisk.edu.hu\/weboldal\/wp-content\/uploads\/Messenger_creation_894348B7-A27D-4D3C-8B4A-C014D0ABD673-rotated.jpeg\" alt=\"\" class=\"wp-image-5887\" srcset=\"http:\/\/olasz-altisk.edu.hu\/weboldal\/wp-content\/uploads\/Messenger_creation_894348B7-A27D-4D3C-8B4A-C014D0ABD673-rotated.jpeg 1024w, http:\/\/olasz-altisk.edu.hu\/weboldal\/wp-content\/uploads\/Messenger_creation_894348B7-A27D-4D3C-8B4A-C014D0ABD673-300x138.jpeg 300w, http:\/\/olasz-altisk.edu.hu\/weboldal\/wp-content\/uploads\/Messenger_creation_894348B7-A27D-4D3C-8B4A-C014D0ABD673-768x354.jpeg 768w, http:\/\/olasz-altisk.edu.hu\/weboldal\/wp-content\/uploads\/Messenger_creation_894348B7-A27D-4D3C-8B4A-C014D0ABD673-150x69.jpeg 150w, http:\/\/olasz-altisk.edu.hu\/weboldal\/wp-content\/uploads\/Messenger_creation_894348B7-A27D-4D3C-8B4A-C014D0ABD673-250x115.jpeg 250w\" sizes=\"(max-width: 1024px) 100vw, 1024px\" \/><\/a><\/figure>\n<\/figure>\n","protected":false},"excerpt":{"rendered":"<p>M\u00e1jus 19-\u00e9n a 2024\/2025. tan\u00e9vi MOL Strandr\u00f6plabda Di\u00e1kolimpi\u00e1t rendeztek Budapesten.Iskol\u00e1nk di\u00e1kjai is indultak ezen a megm\u00e9rettet\u00e9sen. A hideg es\u0151s id\u0151ben remek\u00fcl helyt\u00e1lltak,a sok nagyv\u00e1rosi csapat k\u00f6z\u00fcl a 9. helyen v\u00e9geztek. Ehhez gratul\u00e1lunk, \u00e9s tov\u00e1bbi sok sikert k\u00edv\u00e1nunk! Csapat tagjai: \u00c1bel MaximBogd\u00e1n Adri\u00e1nJuh\u00e1sz LeventeKiss J\u00f3zsef Benj\u00e1min Felk\u00e9sz\u00edt\u0151 : Szendr\u0151 Zolt\u00e1n tan\u00e1r \u2026 <a class=\"continue-reading-link\" href=\"http:\/\/olasz-altisk.edu.hu\/weboldal\/?p=5885\"> Continue reading <span class=\"meta-nav\">&rarr; <\/span><\/a><\/p>\n","protected":false},"author":1,"featured_media":0,"comment_status":"closed","ping_status":"closed","sticky":false,"template":"","format":"standard","meta":{"ngg_post_thumbnail":0},"categories":[1],"tags":[],"_links":{"self":[{"href":"http:\/\/olasz-altisk.edu.hu\/weboldal\/index.php?rest_route=\/wp\/v2\/posts\/5885"}],"collection":[{"href":"http:\/\/olasz-altisk.edu.hu\/weboldal\/index.php?rest_route=\/wp\/v2\/posts"}],"about":[{"href":"http:\/\/olasz-altisk.edu.hu\/weboldal\/index.php?rest_route=\/wp\/v2\/types\/post"}],"author":[{"embeddable":true,"href":"http:\/\/olasz-altisk.edu.hu\/weboldal\/index.php?rest_route=\/wp\/v2\/users\/1"}],"replies":[{"embeddable":true,"href":"http:\/\/olasz-altisk.edu.hu\/weboldal\/index.php?rest_route=%2Fwp%2Fv2%2Fcomments&post=5885"}],"version-history":[{"count":3,"href":"http:\/\/olasz-altisk.edu.hu\/weboldal\/index.php?rest_route=\/wp\/v2\/posts\/5885\/revisions"}],"predecessor-version":[{"id":5890,"href":"http:\/\/olasz-altisk.edu.hu\/weboldal\/index.php?rest_route=\/wp\/v2\/posts\/5885\/revisions\/5890"}],"wp:attachment":[{"href":"http:\/\/olasz-altisk.edu.hu\/weboldal\/index.php?rest_route=%2Fwp%2Fv2%2Fmedia&parent=5885"}],"wp:term":[{"taxonomy":"category","embeddable":true,"href":"http:\/\/olasz-altisk.edu.hu\/weboldal\/index.php?rest_route=%2Fwp%2Fv2%2Fcategories&post=5885"},{"taxonomy":"post_tag","embeddable":true,"href":"http:\/\/olasz-altisk.edu.hu\/weboldal\/index.php?rest_route=%2Fwp%2Fv2%2Ftags&post=5885"}],"curies":[{"name":"wp","href":"https:\/\/api.w.org\/{rel}","templated":true}]}}