{"id":5916,"date":"2025-06-04T17:24:56","date_gmt":"2025-06-04T15:24:56","guid":{"rendered":"http:\/\/olasz-altisk.edu.hu\/weboldal\/?p=5916"},"modified":"2025-06-04T17:24:56","modified_gmt":"2025-06-04T15:24:56","slug":"bozsik-labdarugo-tanevzaro-fesztival-2025","status":"publish","type":"post","link":"http:\/\/olasz-altisk.edu.hu\/weboldal\/?p=5916","title":{"rendered":"Bozsik labdarug\u00f3 tan\u00e9vz\u00e1r\u00f3 fesztiv\u00e1l 2025."},"content":{"rendered":"\n<p>Iskol\u00e1nkban m\u00e1r hagyom\u00e1ny, hogy als\u00f3s focist\u00e1ink r\u00e9szt vesznek a Bozsik labdar\u00fag\u00f3 tan\u00e9vz\u00e1r\u00f3 fesztiv\u00e1lon Moh\u00e1cson.<br>Id\u00e9n is egy eg\u00e9sz d\u00e9lel\u0151tt\u00f6n \u00e1t r\u00fagt\u00e1k a labd\u00e1t a p\u00e1ly\u00e1n. Alaposan elf\u00e1radva, \u00e9lm\u00e9nyekkel, aj\u00e1nd\u00e9kokkal gazdagodva t\u00e9rtek haza.<\/p>\n\n\n\n\n\n<div class=\"ngg-galleryoverview ngg-slideshow\"\n\t id=\"ngg-slideshow-d6c3790450e707fa423a892dbd11cfc4-1136704370\"\n     data-gallery-id=\"d6c3790450e707fa423a892dbd11cfc4\"\n     style=\"max-width: 600px; max-height: 400px;\">\n\n \t<div id=\"ngg-image-0\" class=\"ngg-gallery-slideshow-image\" style=\"height:400px\">\n\n        <a href=\"http:\/\/olasz-altisk.edu.hu\/weboldal\/wp-content\/gallery\/bozsik-labdarugo-tanevzaro-fesztival-2025\/Messenger_creation_FC94523E-8880-49C7-B485-645599DEB254.jpeg\"\n           title=\"\"\n           data-src=\"http:\/\/olasz-altisk.edu.hu\/weboldal\/wp-content\/gallery\/bozsik-labdarugo-tanevzaro-fesztival-2025\/Messenger_creation_FC94523E-8880-49C7-B485-645599DEB254.jpeg\"\n           data-thumbnail=\"http:\/\/olasz-altisk.edu.hu\/weboldal\/wp-content\/gallery\/bozsik-labdarugo-tanevzaro-fesztival-2025\/thumbs\/thumbs_Messenger_creation_FC94523E-8880-49C7-B485-645599DEB254.jpeg\"\n           data-image-id=\"2955\"\n           data-title=\"Messenger_creation_FC94523E-8880-49C7-B485-645599DEB254\"\n           data-description=\"\"\n           class=\"ngg-fancybox\" rel=\"d6c3790450e707fa423a892dbd11cfc4\">\n\n            <img data-image-id='2955'\n                 title=\"\"\n                 alt=\"Messenger_creation_FC94523E-8880-49C7-B485-645599DEB254\"\n                 src=\"http:\/\/olasz-altisk.edu.hu\/weboldal\/wp-content\/gallery\/bozsik-labdarugo-tanevzaro-fesztival-2025\/Messenger_creation_FC94523E-8880-49C7-B485-645599DEB254.jpeg\"\n                 style=\"max-height: 380px;\"\/>\n        <\/a>\n\n        <\/div> \n<div id=\"ngg-image-1\" class=\"ngg-gallery-slideshow-image\" style=\"height:400px\">\n\n        <a href=\"http:\/\/olasz-altisk.edu.hu\/weboldal\/wp-content\/gallery\/bozsik-labdarugo-tanevzaro-fesztival-2025\/Messenger_creation_2652404A-5BD5-4983-BA30-8AF930B4C64C.jpeg\"\n           title=\"\"\n           data-src=\"http:\/\/olasz-altisk.edu.hu\/weboldal\/wp-content\/gallery\/bozsik-labdarugo-tanevzaro-fesztival-2025\/Messenger_creation_2652404A-5BD5-4983-BA30-8AF930B4C64C.jpeg\"\n           data-thumbnail=\"http:\/\/olasz-altisk.edu.hu\/weboldal\/wp-content\/gallery\/bozsik-labdarugo-tanevzaro-fesztival-2025\/thumbs\/thumbs_Messenger_creation_2652404A-5BD5-4983-BA30-8AF930B4C64C.jpeg\"\n           data-image-id=\"2956\"\n           data-title=\"Messenger_creation_2652404A-5BD5-4983-BA30-8AF930B4C64C\"\n           data-description=\"\"\n           class=\"ngg-fancybox\" rel=\"d6c3790450e707fa423a892dbd11cfc4\">\n\n            <img data-image-id='2956'\n                 title=\"\"\n                 alt=\"Messenger_creation_2652404A-5BD5-4983-BA30-8AF930B4C64C\"\n                 src=\"http:\/\/olasz-altisk.edu.hu\/weboldal\/wp-content\/gallery\/bozsik-labdarugo-tanevzaro-fesztival-2025\/Messenger_creation_2652404A-5BD5-4983-BA30-8AF930B4C64C.jpeg\"\n                 style=\"max-height: 380px;\"\/>\n        <\/a>\n\n        <\/div> \n<\/div>\n\n\n\n\n","protected":false},"excerpt":{"rendered":"<p>Iskol\u00e1nkban m\u00e1r hagyom\u00e1ny, hogy als\u00f3s focist\u00e1ink r\u00e9szt vesznek a Bozsik labdar\u00fag\u00f3 tan\u00e9vz\u00e1r\u00f3 fesztiv\u00e1lon Moh\u00e1cson.Id\u00e9n is egy eg\u00e9sz d\u00e9lel\u0151tt\u00f6n \u00e1t r\u00fagt\u00e1k a labd\u00e1t a p\u00e1ly\u00e1n. Alaposan elf\u00e1radva, \u00e9lm\u00e9nyekkel, aj\u00e1nd\u00e9kokkal gazdagodva t\u00e9rtek haza.<\/p>\n","protected":false},"author":1,"featured_media":0,"comment_status":"closed","ping_status":"closed","sticky":false,"template":"","format":"standard","meta":{"ngg_post_thumbnail":0},"categories":[1],"tags":[],"_links":{"self":[{"href":"http:\/\/olasz-altisk.edu.hu\/weboldal\/index.php?rest_route=\/wp\/v2\/posts\/5916"}],"collection":[{"href":"http:\/\/olasz-altisk.edu.hu\/weboldal\/index.php?rest_route=\/wp\/v2\/posts"}],"about":[{"href":"http:\/\/olasz-altisk.edu.hu\/weboldal\/index.php?rest_route=\/wp\/v2\/types\/post"}],"author":[{"embeddable":true,"href":"http:\/\/olasz-altisk.edu.hu\/weboldal\/index.php?rest_route=\/wp\/v2\/users\/1"}],"replies":[{"embeddable":true,"href":"http:\/\/olasz-altisk.edu.hu\/weboldal\/index.php?rest_route=%2Fwp%2Fv2%2Fcomments&post=5916"}],"version-history":[{"count":1,"href":"http:\/\/olasz-altisk.edu.hu\/weboldal\/index.php?rest_route=\/wp\/v2\/posts\/5916\/revisions"}],"predecessor-version":[{"id":5921,"href":"http:\/\/olasz-altisk.edu.hu\/weboldal\/index.php?rest_route=\/wp\/v2\/posts\/5916\/revisions\/5921"}],"wp:attachment":[{"href":"http:\/\/olasz-altisk.edu.hu\/weboldal\/index.php?rest_route=%2Fwp%2Fv2%2Fmedia&parent=5916"}],"wp:term":[{"taxonomy":"category","embeddable":true,"href":"http:\/\/olasz-altisk.edu.hu\/weboldal\/index.php?rest_route=%2Fwp%2Fv2%2Fcategories&post=5916"},{"taxonomy":"post_tag","embeddable":true,"href":"http:\/\/olasz-altisk.edu.hu\/weboldal\/index.php?rest_route=%2Fwp%2Fv2%2Ftags&post=5916"}],"curies":[{"name":"wp","href":"https:\/\/api.w.org\/{rel}","templated":true}]}}