{"id":5922,"date":"2025-06-04T17:44:56","date_gmt":"2025-06-04T15:44:56","guid":{"rendered":"http:\/\/olasz-altisk.edu.hu\/weboldal\/?p=5922"},"modified":"2025-06-04T17:44:56","modified_gmt":"2025-06-04T15:44:56","slug":"nemzeti-osszetartozas-napja","status":"publish","type":"post","link":"http:\/\/olasz-altisk.edu.hu\/weboldal\/?p=5922","title":{"rendered":"Nemzeti \u00f6sszetartoz\u00e1s napja"},"content":{"rendered":"\n<figure class=\"wp-block-image size-full\"><img decoding=\"async\" loading=\"lazy\" width=\"740\" height=\"490\" src=\"http:\/\/olasz-altisk.edu.hu\/weboldal\/wp-content\/uploads\/Trianonmap.jpg\" alt=\"\" class=\"wp-image-5923\" srcset=\"http:\/\/olasz-altisk.edu.hu\/weboldal\/wp-content\/uploads\/Trianonmap.jpg 740w, http:\/\/olasz-altisk.edu.hu\/weboldal\/wp-content\/uploads\/Trianonmap-300x199.jpg 300w, http:\/\/olasz-altisk.edu.hu\/weboldal\/wp-content\/uploads\/Trianonmap-150x99.jpg 150w, http:\/\/olasz-altisk.edu.hu\/weboldal\/wp-content\/uploads\/Trianonmap-227x150.jpg 227w\" sizes=\"(max-width: 740px) 100vw, 740px\" \/><\/figure>\n\n\n\n<p><strong>Juh\u00e1sz Gyula: Trianon (r\u00e9szlet)<\/strong><br>Nem kell besz\u00e9lni r\u00f3la sohasem, De mindig, mindig gondoljunk re\u00e1. Mert nem lehet feledni, nem, soha, Am\u00edg magyar lesz \u00e9s eml\u00e9kezet, Jog \u00e9s igazs\u00e1g, becs\u00fclet, rem\u00e9ny, Hogy volt nek\u00fcnk egy orsz\u00e1gunk e f\u00f6ld\u00f6n, Melyet magyar er\u0151 szerzett vit\u00e9z\u00fcl, S magyar sz\u00edv \u00e9s \u00e9sz tartott meg bizony. Egy ezer \u00e9vnek v\u00e9re, k\u00f6nnye \u00e9s Verejt\u00e9kes munk\u00e1ja adta meg Szent jussunkat e dr\u00e1ga hagyat\u00e9khoz.<\/p>\n","protected":false},"excerpt":{"rendered":"<p>Juh\u00e1sz Gyula: Trianon (r\u00e9szlet)Nem kell besz\u00e9lni r\u00f3la sohasem, De mindig, mindig gondoljunk re\u00e1. Mert nem lehet feledni, nem, soha, Am\u00edg magyar lesz \u00e9s eml\u00e9kezet, Jog \u00e9s igazs\u00e1g, becs\u00fclet, rem\u00e9ny, Hogy volt nek\u00fcnk egy orsz\u00e1gunk e f\u00f6ld\u00f6n, Melyet magyar er\u0151 szerzett vit\u00e9z\u00fcl, S magyar sz\u00edv \u00e9s \u00e9sz tartott meg bizony. Egy \u2026 <a class=\"continue-reading-link\" href=\"http:\/\/olasz-altisk.edu.hu\/weboldal\/?p=5922\"> Continue reading <span class=\"meta-nav\">&rarr; <\/span><\/a><\/p>\n","protected":false},"author":1,"featured_media":0,"comment_status":"closed","ping_status":"closed","sticky":false,"template":"","format":"standard","meta":{"ngg_post_thumbnail":0},"categories":[1],"tags":[],"_links":{"self":[{"href":"http:\/\/olasz-altisk.edu.hu\/weboldal\/index.php?rest_route=\/wp\/v2\/posts\/5922"}],"collection":[{"href":"http:\/\/olasz-altisk.edu.hu\/weboldal\/index.php?rest_route=\/wp\/v2\/posts"}],"about":[{"href":"http:\/\/olasz-altisk.edu.hu\/weboldal\/index.php?rest_route=\/wp\/v2\/types\/post"}],"author":[{"embeddable":true,"href":"http:\/\/olasz-altisk.edu.hu\/weboldal\/index.php?rest_route=\/wp\/v2\/users\/1"}],"replies":[{"embeddable":true,"href":"http:\/\/olasz-altisk.edu.hu\/weboldal\/index.php?rest_route=%2Fwp%2Fv2%2Fcomments&post=5922"}],"version-history":[{"count":2,"href":"http:\/\/olasz-altisk.edu.hu\/weboldal\/index.php?rest_route=\/wp\/v2\/posts\/5922\/revisions"}],"predecessor-version":[{"id":5925,"href":"http:\/\/olasz-altisk.edu.hu\/weboldal\/index.php?rest_route=\/wp\/v2\/posts\/5922\/revisions\/5925"}],"wp:attachment":[{"href":"http:\/\/olasz-altisk.edu.hu\/weboldal\/index.php?rest_route=%2Fwp%2Fv2%2Fmedia&parent=5922"}],"wp:term":[{"taxonomy":"category","embeddable":true,"href":"http:\/\/olasz-altisk.edu.hu\/weboldal\/index.php?rest_route=%2Fwp%2Fv2%2Fcategories&post=5922"},{"taxonomy":"post_tag","embeddable":true,"href":"http:\/\/olasz-altisk.edu.hu\/weboldal\/index.php?rest_route=%2Fwp%2Fv2%2Ftags&post=5922"}],"curies":[{"name":"wp","href":"https:\/\/api.w.org\/{rel}","templated":true}]}}