{"id":5946,"date":"2025-06-05T16:41:20","date_gmt":"2025-06-05T14:41:20","guid":{"rendered":"http:\/\/olasz-altisk.edu.hu\/weboldal\/?p=5946"},"modified":"2025-06-05T16:41:20","modified_gmt":"2025-06-05T14:41:20","slug":"atletika-verseny-2025","status":"publish","type":"post","link":"http:\/\/olasz-altisk.edu.hu\/weboldal\/?p=5946","title":{"rendered":"Atl\u00e9tika verseny 2025."},"content":{"rendered":"\n<figure class=\"wp-block-image size-large is-resized\"><img decoding=\"async\" loading=\"lazy\" src=\"http:\/\/olasz-altisk.edu.hu\/weboldal\/wp-content\/uploads\/Messenger_creation_88AC41E2-0063-4218-AC63-908B231BF1F6-576x1024.jpeg\" alt=\"\" class=\"wp-image-5947\" width=\"288\" height=\"512\" srcset=\"http:\/\/olasz-altisk.edu.hu\/weboldal\/wp-content\/uploads\/Messenger_creation_88AC41E2-0063-4218-AC63-908B231BF1F6-576x1024.jpeg 576w, http:\/\/olasz-altisk.edu.hu\/weboldal\/wp-content\/uploads\/Messenger_creation_88AC41E2-0063-4218-AC63-908B231BF1F6-169x300.jpeg 169w, http:\/\/olasz-altisk.edu.hu\/weboldal\/wp-content\/uploads\/Messenger_creation_88AC41E2-0063-4218-AC63-908B231BF1F6-768x1365.jpeg 768w, http:\/\/olasz-altisk.edu.hu\/weboldal\/wp-content\/uploads\/Messenger_creation_88AC41E2-0063-4218-AC63-908B231BF1F6-864x1536.jpeg 864w, http:\/\/olasz-altisk.edu.hu\/weboldal\/wp-content\/uploads\/Messenger_creation_88AC41E2-0063-4218-AC63-908B231BF1F6-84x150.jpeg 84w, http:\/\/olasz-altisk.edu.hu\/weboldal\/wp-content\/uploads\/Messenger_creation_88AC41E2-0063-4218-AC63-908B231BF1F6.jpeg 1152w\" sizes=\"(max-width: 288px) 100vw, 288px\" \/><\/figure>\n\n\n\n<p class=\"has-text-align-center\">Hossz\u00fa \u00e9vek ut\u00e1n iskol\u00e1nk atl\u00e9t\u00e1i ism\u00e9t r\u00e9szt vettek a Moh\u00e1cson megrendezett Pazar Viktor eml\u00e9kversenyen. S\u00edkfut\u00e1sban \u00e9s t\u00e1volugr\u00e1sban m\u00e9rettett\u00e9k meg magukat di\u00e1kjaink. Nagyon \u00fcgyesen teljes\u00edtett\u00e9k a versenysz\u00e1mokat, a sok gyakorl\u00e1s meghozta az eredm\u00e9nyt.<br><br><strong>Gratul\u00e1lunk a r\u00e9sztvev\u0151knek:<\/strong><\/p>\n\n\n\n<p class=\"has-text-align-center\"><strong>Bloemsma Bente Anna<br>Guly\u00e1s D\u00f3ra<br>Hafner-Hadas Panni<br>S\u00e1ndor Vikt\u00f3ria<br>Koncsos M\u00e1rk<br><br><em>Felk\u00e9sz\u00edt\u0151 pedag\u00f3gusok: Gold T\u00edmea, Szendr\u0151 Zolt\u00e1n<\/em><\/strong><\/p>\n","protected":false},"excerpt":{"rendered":"<p>Hossz\u00fa \u00e9vek ut\u00e1n iskol\u00e1nk atl\u00e9t\u00e1i ism\u00e9t r\u00e9szt vettek a Moh\u00e1cson megrendezett Pazar Viktor eml\u00e9kversenyen. S\u00edkfut\u00e1sban \u00e9s t\u00e1volugr\u00e1sban m\u00e9rettett\u00e9k meg magukat di\u00e1kjaink. Nagyon \u00fcgyesen teljes\u00edtett\u00e9k a versenysz\u00e1mokat, a sok gyakorl\u00e1s meghozta az eredm\u00e9nyt. Gratul\u00e1lunk a r\u00e9sztvev\u0151knek: Bloemsma Bente AnnaGuly\u00e1s D\u00f3raHafner-Hadas PanniS\u00e1ndor Vikt\u00f3riaKoncsos M\u00e1rk Felk\u00e9sz\u00edt\u0151 pedag\u00f3gusok: Gold T\u00edmea, Szendr\u0151 Zolt\u00e1n<\/p>\n","protected":false},"author":1,"featured_media":0,"comment_status":"closed","ping_status":"closed","sticky":false,"template":"","format":"standard","meta":{"ngg_post_thumbnail":0},"categories":[1],"tags":[],"_links":{"self":[{"href":"http:\/\/olasz-altisk.edu.hu\/weboldal\/index.php?rest_route=\/wp\/v2\/posts\/5946"}],"collection":[{"href":"http:\/\/olasz-altisk.edu.hu\/weboldal\/index.php?rest_route=\/wp\/v2\/posts"}],"about":[{"href":"http:\/\/olasz-altisk.edu.hu\/weboldal\/index.php?rest_route=\/wp\/v2\/types\/post"}],"author":[{"embeddable":true,"href":"http:\/\/olasz-altisk.edu.hu\/weboldal\/index.php?rest_route=\/wp\/v2\/users\/1"}],"replies":[{"embeddable":true,"href":"http:\/\/olasz-altisk.edu.hu\/weboldal\/index.php?rest_route=%2Fwp%2Fv2%2Fcomments&post=5946"}],"version-history":[{"count":3,"href":"http:\/\/olasz-altisk.edu.hu\/weboldal\/index.php?rest_route=\/wp\/v2\/posts\/5946\/revisions"}],"predecessor-version":[{"id":5950,"href":"http:\/\/olasz-altisk.edu.hu\/weboldal\/index.php?rest_route=\/wp\/v2\/posts\/5946\/revisions\/5950"}],"wp:attachment":[{"href":"http:\/\/olasz-altisk.edu.hu\/weboldal\/index.php?rest_route=%2Fwp%2Fv2%2Fmedia&parent=5946"}],"wp:term":[{"taxonomy":"category","embeddable":true,"href":"http:\/\/olasz-altisk.edu.hu\/weboldal\/index.php?rest_route=%2Fwp%2Fv2%2Fcategories&post=5946"},{"taxonomy":"post_tag","embeddable":true,"href":"http:\/\/olasz-altisk.edu.hu\/weboldal\/index.php?rest_route=%2Fwp%2Fv2%2Ftags&post=5946"}],"curies":[{"name":"wp","href":"https:\/\/api.w.org\/{rel}","templated":true}]}}