{"id":6234,"date":"2025-10-01T10:37:14","date_gmt":"2025-10-01T08:37:14","guid":{"rendered":"http:\/\/olasz-altisk.edu.hu\/weboldal\/?p=6234"},"modified":"2025-10-01T10:37:14","modified_gmt":"2025-10-01T08:37:14","slug":"tengeresz-vilagnap","status":"publish","type":"post","link":"http:\/\/olasz-altisk.edu.hu\/weboldal\/?p=6234","title":{"rendered":"Tenger\u00e9sz vil\u00e1gnap"},"content":{"rendered":"\n\n\n<div class=\"ngg-galleryoverview ngg-slideshow\"\n\t id=\"ngg-slideshow-70cecfcf61bae24ce18a3f234df272f2-12046393440\"\n     data-gallery-id=\"70cecfcf61bae24ce18a3f234df272f2\"\n     style=\"max-width: 600px; max-height: 400px;\">\n\n \t<div id=\"ngg-image-0\" class=\"ngg-gallery-slideshow-image\" style=\"height:400px\">\n\n        <a href=\"http:\/\/olasz-altisk.edu.hu\/weboldal\/wp-content\/gallery\/tengeresz-vilagnap\/IMG_20250925_114349.jpg\"\n           title=\"\"\n           data-src=\"http:\/\/olasz-altisk.edu.hu\/weboldal\/wp-content\/gallery\/tengeresz-vilagnap\/IMG_20250925_114349.jpg\"\n           data-thumbnail=\"http:\/\/olasz-altisk.edu.hu\/weboldal\/wp-content\/gallery\/tengeresz-vilagnap\/thumbs\/thumbs_IMG_20250925_114349.jpg\"\n           data-image-id=\"3206\"\n           data-title=\"IMG_20250925_114349\"\n           data-description=\"\"\n           class=\"ngg-fancybox\" rel=\"70cecfcf61bae24ce18a3f234df272f2\">\n\n            <img data-image-id='3206'\n                 title=\"\"\n                 alt=\"IMG_20250925_114349\"\n                 src=\"http:\/\/olasz-altisk.edu.hu\/weboldal\/wp-content\/gallery\/tengeresz-vilagnap\/IMG_20250925_114349.jpg\"\n                 style=\"max-height: 380px;\"\/>\n        <\/a>\n\n        <\/div> \n<div id=\"ngg-image-1\" class=\"ngg-gallery-slideshow-image\" style=\"height:400px\">\n\n        <a href=\"http:\/\/olasz-altisk.edu.hu\/weboldal\/wp-content\/gallery\/tengeresz-vilagnap\/IMG_20250925_115543_1.jpg\"\n           title=\"\"\n           data-src=\"http:\/\/olasz-altisk.edu.hu\/weboldal\/wp-content\/gallery\/tengeresz-vilagnap\/IMG_20250925_115543_1.jpg\"\n           data-thumbnail=\"http:\/\/olasz-altisk.edu.hu\/weboldal\/wp-content\/gallery\/tengeresz-vilagnap\/thumbs\/thumbs_IMG_20250925_115543_1.jpg\"\n           data-image-id=\"3207\"\n           data-title=\"IMG_20250925_115543_1\"\n           data-description=\"\"\n           class=\"ngg-fancybox\" rel=\"70cecfcf61bae24ce18a3f234df272f2\">\n\n            <img data-image-id='3207'\n                 title=\"\"\n                 alt=\"IMG_20250925_115543_1\"\n                 src=\"http:\/\/olasz-altisk.edu.hu\/weboldal\/wp-content\/gallery\/tengeresz-vilagnap\/IMG_20250925_115543_1.jpg\"\n                 style=\"max-height: 380px;\"\/>\n        <\/a>\n\n        <\/div> \n<div id=\"ngg-image-2\" class=\"ngg-gallery-slideshow-image\" style=\"height:400px\">\n\n        <a href=\"http:\/\/olasz-altisk.edu.hu\/weboldal\/wp-content\/gallery\/tengeresz-vilagnap\/IMG_20250925_120904_1.jpg\"\n           title=\"\"\n           data-src=\"http:\/\/olasz-altisk.edu.hu\/weboldal\/wp-content\/gallery\/tengeresz-vilagnap\/IMG_20250925_120904_1.jpg\"\n           data-thumbnail=\"http:\/\/olasz-altisk.edu.hu\/weboldal\/wp-content\/gallery\/tengeresz-vilagnap\/thumbs\/thumbs_IMG_20250925_120904_1.jpg\"\n           data-image-id=\"3208\"\n           data-title=\"IMG_20250925_120904_1\"\n           data-description=\"\"\n           class=\"ngg-fancybox\" rel=\"70cecfcf61bae24ce18a3f234df272f2\">\n\n            <img data-image-id='3208'\n                 title=\"\"\n                 alt=\"IMG_20250925_120904_1\"\n                 src=\"http:\/\/olasz-altisk.edu.hu\/weboldal\/wp-content\/gallery\/tengeresz-vilagnap\/IMG_20250925_120904_1.jpg\"\n                 style=\"max-height: 380px;\"\/>\n        <\/a>\n\n        <\/div> \n<div id=\"ngg-image-3\" class=\"ngg-gallery-slideshow-image\" style=\"height:400px\">\n\n        <a href=\"http:\/\/olasz-altisk.edu.hu\/weboldal\/wp-content\/gallery\/tengeresz-vilagnap\/IMG_20250925_121155.jpg\"\n           title=\"\"\n           data-src=\"http:\/\/olasz-altisk.edu.hu\/weboldal\/wp-content\/gallery\/tengeresz-vilagnap\/IMG_20250925_121155.jpg\"\n           data-thumbnail=\"http:\/\/olasz-altisk.edu.hu\/weboldal\/wp-content\/gallery\/tengeresz-vilagnap\/thumbs\/thumbs_IMG_20250925_121155.jpg\"\n           data-image-id=\"3209\"\n           data-title=\"IMG_20250925_121155\"\n           data-description=\"\"\n           class=\"ngg-fancybox\" rel=\"70cecfcf61bae24ce18a3f234df272f2\">\n\n            <img data-image-id='3209'\n                 title=\"\"\n                 alt=\"IMG_20250925_121155\"\n                 src=\"http:\/\/olasz-altisk.edu.hu\/weboldal\/wp-content\/gallery\/tengeresz-vilagnap\/IMG_20250925_121155.jpg\"\n                 style=\"max-height: 380px;\"\/>\n        <\/a>\n\n        <\/div> \n<div id=\"ngg-image-4\" class=\"ngg-gallery-slideshow-image\" style=\"height:400px\">\n\n        <a href=\"http:\/\/olasz-altisk.edu.hu\/weboldal\/wp-content\/gallery\/tengeresz-vilagnap\/IMG_20250925_120428_1.jpg\"\n           title=\"\"\n           data-src=\"http:\/\/olasz-altisk.edu.hu\/weboldal\/wp-content\/gallery\/tengeresz-vilagnap\/IMG_20250925_120428_1.jpg\"\n           data-thumbnail=\"http:\/\/olasz-altisk.edu.hu\/weboldal\/wp-content\/gallery\/tengeresz-vilagnap\/thumbs\/thumbs_IMG_20250925_120428_1.jpg\"\n           data-image-id=\"3210\"\n           data-title=\"IMG_20250925_120428_1\"\n           data-description=\"\"\n           class=\"ngg-fancybox\" rel=\"70cecfcf61bae24ce18a3f234df272f2\">\n\n            <img data-image-id='3210'\n                 title=\"\"\n                 alt=\"IMG_20250925_120428_1\"\n                 src=\"http:\/\/olasz-altisk.edu.hu\/weboldal\/wp-content\/gallery\/tengeresz-vilagnap\/IMG_20250925_120428_1.jpg\"\n                 style=\"max-height: 380px;\"\/>\n        <\/a>\n\n        <\/div> \n<div id=\"ngg-image-5\" class=\"ngg-gallery-slideshow-image\" style=\"height:400px\">\n\n        <a href=\"http:\/\/olasz-altisk.edu.hu\/weboldal\/wp-content\/gallery\/tengeresz-vilagnap\/IMG_20250925_115304.jpg\"\n           title=\"\"\n           data-src=\"http:\/\/olasz-altisk.edu.hu\/weboldal\/wp-content\/gallery\/tengeresz-vilagnap\/IMG_20250925_115304.jpg\"\n           data-thumbnail=\"http:\/\/olasz-altisk.edu.hu\/weboldal\/wp-content\/gallery\/tengeresz-vilagnap\/thumbs\/thumbs_IMG_20250925_115304.jpg\"\n           data-image-id=\"3211\"\n           data-title=\"IMG_20250925_115304\"\n           data-description=\"\"\n           class=\"ngg-fancybox\" rel=\"70cecfcf61bae24ce18a3f234df272f2\">\n\n            <img data-image-id='3211'\n                 title=\"\"\n                 alt=\"IMG_20250925_115304\"\n                 src=\"http:\/\/olasz-altisk.edu.hu\/weboldal\/wp-content\/gallery\/tengeresz-vilagnap\/IMG_20250925_115304.jpg\"\n                 style=\"max-height: 380px;\"\/>\n        <\/a>\n\n        <\/div> \n<div id=\"ngg-image-6\" class=\"ngg-gallery-slideshow-image\" style=\"height:400px\">\n\n        <a href=\"http:\/\/olasz-altisk.edu.hu\/weboldal\/wp-content\/gallery\/tengeresz-vilagnap\/IMG_20250925_121421.jpg\"\n           title=\"\"\n           data-src=\"http:\/\/olasz-altisk.edu.hu\/weboldal\/wp-content\/gallery\/tengeresz-vilagnap\/IMG_20250925_121421.jpg\"\n           data-thumbnail=\"http:\/\/olasz-altisk.edu.hu\/weboldal\/wp-content\/gallery\/tengeresz-vilagnap\/thumbs\/thumbs_IMG_20250925_121421.jpg\"\n           data-image-id=\"3212\"\n           data-title=\"IMG_20250925_121421\"\n           data-description=\"\"\n           class=\"ngg-fancybox\" rel=\"70cecfcf61bae24ce18a3f234df272f2\">\n\n            <img data-image-id='3212'\n                 title=\"\"\n                 alt=\"IMG_20250925_121421\"\n                 src=\"http:\/\/olasz-altisk.edu.hu\/weboldal\/wp-content\/gallery\/tengeresz-vilagnap\/IMG_20250925_121421.jpg\"\n                 style=\"max-height: 380px;\"\/>\n        <\/a>\n\n        <\/div> \n<div id=\"ngg-image-7\" class=\"ngg-gallery-slideshow-image\" style=\"height:400px\">\n\n        <a href=\"http:\/\/olasz-altisk.edu.hu\/weboldal\/wp-content\/gallery\/tengeresz-vilagnap\/IMG_20250925_152630.jpg\"\n           title=\"\"\n           data-src=\"http:\/\/olasz-altisk.edu.hu\/weboldal\/wp-content\/gallery\/tengeresz-vilagnap\/IMG_20250925_152630.jpg\"\n           data-thumbnail=\"http:\/\/olasz-altisk.edu.hu\/weboldal\/wp-content\/gallery\/tengeresz-vilagnap\/thumbs\/thumbs_IMG_20250925_152630.jpg\"\n           data-image-id=\"3213\"\n           data-title=\"IMG_20250925_152630\"\n           data-description=\"\"\n           class=\"ngg-fancybox\" rel=\"70cecfcf61bae24ce18a3f234df272f2\">\n\n            <img data-image-id='3213'\n                 title=\"\"\n                 alt=\"IMG_20250925_152630\"\n                 src=\"http:\/\/olasz-altisk.edu.hu\/weboldal\/wp-content\/gallery\/tengeresz-vilagnap\/IMG_20250925_152630.jpg\"\n                 style=\"max-height: 380px;\"\/>\n        <\/a>\n\n        <\/div> \n<\/div>\n\n\n\n\n\n\n\n<p>A &#8222;Tenger\u00e9sz vil\u00e1gnap&#8221; alkalm\u00e1b\u00f3l a 3. oszt\u00e1lyos tanul\u00f3k Ruffn\u00e9 Szab\u00f3 \u00c9va vezet\u00e9s\u00e9vel k\u00e9pzeletben bej\u00e1rt\u00e1k a vil\u00e1g tengereit \u00e9s ezt egy k\u00e9zm\u0171ves foglalkoz\u00e1s keret\u00e9ben meg is eleven\u00edtett\u00e9k. Csod\u00e1s textil k\u00e9pek k\u00e9sz\u00fcltek.<\/p>\n","protected":false},"excerpt":{"rendered":"<p>A &#8222;Tenger\u00e9sz vil\u00e1gnap&#8221; alkalm\u00e1b\u00f3l a 3. oszt\u00e1lyos tanul\u00f3k Ruffn\u00e9 Szab\u00f3 \u00c9va vezet\u00e9s\u00e9vel k\u00e9pzeletben bej\u00e1rt\u00e1k a vil\u00e1g tengereit \u00e9s ezt egy k\u00e9zm\u0171ves foglalkoz\u00e1s keret\u00e9ben meg is eleven\u00edtett\u00e9k. Csod\u00e1s textil k\u00e9pek k\u00e9sz\u00fcltek.<\/p>\n","protected":false},"author":1,"featured_media":0,"comment_status":"closed","ping_status":"closed","sticky":false,"template":"","format":"standard","meta":{"ngg_post_thumbnail":0},"categories":[1],"tags":[],"_links":{"self":[{"href":"http:\/\/olasz-altisk.edu.hu\/weboldal\/index.php?rest_route=\/wp\/v2\/posts\/6234"}],"collection":[{"href":"http:\/\/olasz-altisk.edu.hu\/weboldal\/index.php?rest_route=\/wp\/v2\/posts"}],"about":[{"href":"http:\/\/olasz-altisk.edu.hu\/weboldal\/index.php?rest_route=\/wp\/v2\/types\/post"}],"author":[{"embeddable":true,"href":"http:\/\/olasz-altisk.edu.hu\/weboldal\/index.php?rest_route=\/wp\/v2\/users\/1"}],"replies":[{"embeddable":true,"href":"http:\/\/olasz-altisk.edu.hu\/weboldal\/index.php?rest_route=%2Fwp%2Fv2%2Fcomments&post=6234"}],"version-history":[{"count":1,"href":"http:\/\/olasz-altisk.edu.hu\/weboldal\/index.php?rest_route=\/wp\/v2\/posts\/6234\/revisions"}],"predecessor-version":[{"id":6244,"href":"http:\/\/olasz-altisk.edu.hu\/weboldal\/index.php?rest_route=\/wp\/v2\/posts\/6234\/revisions\/6244"}],"wp:attachment":[{"href":"http:\/\/olasz-altisk.edu.hu\/weboldal\/index.php?rest_route=%2Fwp%2Fv2%2Fmedia&parent=6234"}],"wp:term":[{"taxonomy":"category","embeddable":true,"href":"http:\/\/olasz-altisk.edu.hu\/weboldal\/index.php?rest_route=%2Fwp%2Fv2%2Fcategories&post=6234"},{"taxonomy":"post_tag","embeddable":true,"href":"http:\/\/olasz-altisk.edu.hu\/weboldal\/index.php?rest_route=%2Fwp%2Fv2%2Ftags&post=6234"}],"curies":[{"name":"wp","href":"https:\/\/api.w.org\/{rel}","templated":true}]}}