{"id":6245,"date":"2025-10-01T10:56:02","date_gmt":"2025-10-01T08:56:02","guid":{"rendered":"http:\/\/olasz-altisk.edu.hu\/weboldal\/?p=6245"},"modified":"2025-10-01T10:57:00","modified_gmt":"2025-10-01T08:57:00","slug":"europai-sportnap-2025","status":"publish","type":"post","link":"http:\/\/olasz-altisk.edu.hu\/weboldal\/?p=6245","title":{"rendered":"Eur\u00f3pai sportnap 2025."},"content":{"rendered":"\n<p class=\"has-text-align-left\">Iskol\u00e1nk is csatlakozott a szeptember 26-\u00e1n megrendezett &#8222;Eur\u00f3pai Di\u00e1ksport Naphoz&#8221;.<br>Szendr\u0151 Zolt\u00e1n tan\u00e1r\u00far vezet\u00e9s\u00e9vel az 1-5. oszt\u00e1lyos tanul\u00f3k fut\u00f3versenyen \u00e9s j\u00e1t\u00e9kos sorversenyen vettek r\u00e9szt. A fels\u0151 tagozatosok r\u00f6plabda \u00e9s pingpong bajnoks\u00e1got tartottak.<\/p>\n\n\n\n\n\n<div class=\"ngg-galleryoverview ngg-slideshow\"\n\t id=\"ngg-slideshow-5ed3c5787db2ea8e9e593ed5822b8019-7753021200\"\n     data-gallery-id=\"5ed3c5787db2ea8e9e593ed5822b8019\"\n     style=\"max-width: 600px; max-height: 400px;\">\n\n \t<div id=\"ngg-image-0\" class=\"ngg-gallery-slideshow-image\" style=\"height:400px\">\n\n        <a href=\"http:\/\/olasz-altisk.edu.hu\/weboldal\/wp-content\/gallery\/europai-sportnap-2025\/IMG_20250926_090617_1.jpg\"\n           title=\"\"\n           data-src=\"http:\/\/olasz-altisk.edu.hu\/weboldal\/wp-content\/gallery\/europai-sportnap-2025\/IMG_20250926_090617_1.jpg\"\n           data-thumbnail=\"http:\/\/olasz-altisk.edu.hu\/weboldal\/wp-content\/gallery\/europai-sportnap-2025\/thumbs\/thumbs_IMG_20250926_090617_1.jpg\"\n           data-image-id=\"3214\"\n           data-title=\"IMG_20250926_090617_1\"\n           data-description=\"\"\n           class=\"ngg-fancybox\" rel=\"5ed3c5787db2ea8e9e593ed5822b8019\">\n\n            <img data-image-id='3214'\n                 title=\"\"\n                 alt=\"IMG_20250926_090617_1\"\n                 src=\"http:\/\/olasz-altisk.edu.hu\/weboldal\/wp-content\/gallery\/europai-sportnap-2025\/IMG_20250926_090617_1.jpg\"\n                 style=\"max-height: 380px;\"\/>\n        <\/a>\n\n        <\/div> \n<div id=\"ngg-image-1\" class=\"ngg-gallery-slideshow-image\" style=\"height:400px\">\n\n        <a href=\"http:\/\/olasz-altisk.edu.hu\/weboldal\/wp-content\/gallery\/europai-sportnap-2025\/IMG_20250926_091132.jpg\"\n           title=\"\"\n           data-src=\"http:\/\/olasz-altisk.edu.hu\/weboldal\/wp-content\/gallery\/europai-sportnap-2025\/IMG_20250926_091132.jpg\"\n           data-thumbnail=\"http:\/\/olasz-altisk.edu.hu\/weboldal\/wp-content\/gallery\/europai-sportnap-2025\/thumbs\/thumbs_IMG_20250926_091132.jpg\"\n           data-image-id=\"3215\"\n           data-title=\"IMG_20250926_091132\"\n           data-description=\"\"\n           class=\"ngg-fancybox\" rel=\"5ed3c5787db2ea8e9e593ed5822b8019\">\n\n            <img data-image-id='3215'\n                 title=\"\"\n                 alt=\"IMG_20250926_091132\"\n                 src=\"http:\/\/olasz-altisk.edu.hu\/weboldal\/wp-content\/gallery\/europai-sportnap-2025\/IMG_20250926_091132.jpg\"\n                 style=\"max-height: 380px;\"\/>\n        <\/a>\n\n        <\/div> \n<div id=\"ngg-image-2\" class=\"ngg-gallery-slideshow-image\" style=\"height:400px\">\n\n        <a href=\"http:\/\/olasz-altisk.edu.hu\/weboldal\/wp-content\/gallery\/europai-sportnap-2025\/IMG_20250926_091511_1.jpg\"\n           title=\"\"\n           data-src=\"http:\/\/olasz-altisk.edu.hu\/weboldal\/wp-content\/gallery\/europai-sportnap-2025\/IMG_20250926_091511_1.jpg\"\n           data-thumbnail=\"http:\/\/olasz-altisk.edu.hu\/weboldal\/wp-content\/gallery\/europai-sportnap-2025\/thumbs\/thumbs_IMG_20250926_091511_1.jpg\"\n           data-image-id=\"3216\"\n           data-title=\"IMG_20250926_091511_1\"\n           data-description=\"\"\n           class=\"ngg-fancybox\" rel=\"5ed3c5787db2ea8e9e593ed5822b8019\">\n\n            <img data-image-id='3216'\n                 title=\"\"\n                 alt=\"IMG_20250926_091511_1\"\n                 src=\"http:\/\/olasz-altisk.edu.hu\/weboldal\/wp-content\/gallery\/europai-sportnap-2025\/IMG_20250926_091511_1.jpg\"\n                 style=\"max-height: 380px;\"\/>\n        <\/a>\n\n        <\/div> \n<div id=\"ngg-image-3\" class=\"ngg-gallery-slideshow-image\" style=\"height:400px\">\n\n        <a href=\"http:\/\/olasz-altisk.edu.hu\/weboldal\/wp-content\/gallery\/europai-sportnap-2025\/IMG_20250926_092315.jpg\"\n           title=\"\"\n           data-src=\"http:\/\/olasz-altisk.edu.hu\/weboldal\/wp-content\/gallery\/europai-sportnap-2025\/IMG_20250926_092315.jpg\"\n           data-thumbnail=\"http:\/\/olasz-altisk.edu.hu\/weboldal\/wp-content\/gallery\/europai-sportnap-2025\/thumbs\/thumbs_IMG_20250926_092315.jpg\"\n           data-image-id=\"3217\"\n           data-title=\"IMG_20250926_092315\"\n           data-description=\"\"\n           class=\"ngg-fancybox\" rel=\"5ed3c5787db2ea8e9e593ed5822b8019\">\n\n            <img data-image-id='3217'\n                 title=\"\"\n                 alt=\"IMG_20250926_092315\"\n                 src=\"http:\/\/olasz-altisk.edu.hu\/weboldal\/wp-content\/gallery\/europai-sportnap-2025\/IMG_20250926_092315.jpg\"\n                 style=\"max-height: 380px;\"\/>\n        <\/a>\n\n        <\/div> \n<div id=\"ngg-image-4\" class=\"ngg-gallery-slideshow-image\" style=\"height:400px\">\n\n        <a href=\"http:\/\/olasz-altisk.edu.hu\/weboldal\/wp-content\/gallery\/europai-sportnap-2025\/IMG_20250926_090910_1.jpg\"\n           title=\"\"\n           data-src=\"http:\/\/olasz-altisk.edu.hu\/weboldal\/wp-content\/gallery\/europai-sportnap-2025\/IMG_20250926_090910_1.jpg\"\n           data-thumbnail=\"http:\/\/olasz-altisk.edu.hu\/weboldal\/wp-content\/gallery\/europai-sportnap-2025\/thumbs\/thumbs_IMG_20250926_090910_1.jpg\"\n           data-image-id=\"3218\"\n           data-title=\"IMG_20250926_090910_1\"\n           data-description=\"\"\n           class=\"ngg-fancybox\" rel=\"5ed3c5787db2ea8e9e593ed5822b8019\">\n\n            <img data-image-id='3218'\n                 title=\"\"\n                 alt=\"IMG_20250926_090910_1\"\n                 src=\"http:\/\/olasz-altisk.edu.hu\/weboldal\/wp-content\/gallery\/europai-sportnap-2025\/IMG_20250926_090910_1.jpg\"\n                 style=\"max-height: 380px;\"\/>\n        <\/a>\n\n        <\/div> \n<div id=\"ngg-image-5\" class=\"ngg-gallery-slideshow-image\" style=\"height:400px\">\n\n        <a href=\"http:\/\/olasz-altisk.edu.hu\/weboldal\/wp-content\/gallery\/europai-sportnap-2025\/IMG_20250926_091828_1.jpg\"\n           title=\"\"\n           data-src=\"http:\/\/olasz-altisk.edu.hu\/weboldal\/wp-content\/gallery\/europai-sportnap-2025\/IMG_20250926_091828_1.jpg\"\n           data-thumbnail=\"http:\/\/olasz-altisk.edu.hu\/weboldal\/wp-content\/gallery\/europai-sportnap-2025\/thumbs\/thumbs_IMG_20250926_091828_1.jpg\"\n           data-image-id=\"3219\"\n           data-title=\"IMG_20250926_091828_1\"\n           data-description=\"\"\n           class=\"ngg-fancybox\" rel=\"5ed3c5787db2ea8e9e593ed5822b8019\">\n\n            <img data-image-id='3219'\n                 title=\"\"\n                 alt=\"IMG_20250926_091828_1\"\n                 src=\"http:\/\/olasz-altisk.edu.hu\/weboldal\/wp-content\/gallery\/europai-sportnap-2025\/IMG_20250926_091828_1.jpg\"\n                 style=\"max-height: 380px;\"\/>\n        <\/a>\n\n        <\/div> \n<div id=\"ngg-image-6\" class=\"ngg-gallery-slideshow-image\" style=\"height:400px\">\n\n        <a href=\"http:\/\/olasz-altisk.edu.hu\/weboldal\/wp-content\/gallery\/europai-sportnap-2025\/IMG_20250926_092603_1.jpg\"\n           title=\"\"\n           data-src=\"http:\/\/olasz-altisk.edu.hu\/weboldal\/wp-content\/gallery\/europai-sportnap-2025\/IMG_20250926_092603_1.jpg\"\n           data-thumbnail=\"http:\/\/olasz-altisk.edu.hu\/weboldal\/wp-content\/gallery\/europai-sportnap-2025\/thumbs\/thumbs_IMG_20250926_092603_1.jpg\"\n           data-image-id=\"3220\"\n           data-title=\"IMG_20250926_092603_1\"\n           data-description=\"\"\n           class=\"ngg-fancybox\" rel=\"5ed3c5787db2ea8e9e593ed5822b8019\">\n\n            <img data-image-id='3220'\n                 title=\"\"\n                 alt=\"IMG_20250926_092603_1\"\n                 src=\"http:\/\/olasz-altisk.edu.hu\/weboldal\/wp-content\/gallery\/europai-sportnap-2025\/IMG_20250926_092603_1.jpg\"\n                 style=\"max-height: 380px;\"\/>\n        <\/a>\n\n        <\/div> \n<div id=\"ngg-image-7\" class=\"ngg-gallery-slideshow-image\" style=\"height:400px\">\n\n        <a href=\"http:\/\/olasz-altisk.edu.hu\/weboldal\/wp-content\/gallery\/europai-sportnap-2025\/IMG_20250926_093632.jpg\"\n           title=\"\"\n           data-src=\"http:\/\/olasz-altisk.edu.hu\/weboldal\/wp-content\/gallery\/europai-sportnap-2025\/IMG_20250926_093632.jpg\"\n           data-thumbnail=\"http:\/\/olasz-altisk.edu.hu\/weboldal\/wp-content\/gallery\/europai-sportnap-2025\/thumbs\/thumbs_IMG_20250926_093632.jpg\"\n           data-image-id=\"3221\"\n           data-title=\"IMG_20250926_093632\"\n           data-description=\"\"\n           class=\"ngg-fancybox\" rel=\"5ed3c5787db2ea8e9e593ed5822b8019\">\n\n            <img data-image-id='3221'\n                 title=\"\"\n                 alt=\"IMG_20250926_093632\"\n                 src=\"http:\/\/olasz-altisk.edu.hu\/weboldal\/wp-content\/gallery\/europai-sportnap-2025\/IMG_20250926_093632.jpg\"\n                 style=\"max-height: 380px;\"\/>\n        <\/a>\n\n        <\/div> \n<div id=\"ngg-image-8\" class=\"ngg-gallery-slideshow-image\" style=\"height:400px\">\n\n        <a href=\"http:\/\/olasz-altisk.edu.hu\/weboldal\/wp-content\/gallery\/europai-sportnap-2025\/IMG_20250926_093239.jpg\"\n           title=\"\"\n           data-src=\"http:\/\/olasz-altisk.edu.hu\/weboldal\/wp-content\/gallery\/europai-sportnap-2025\/IMG_20250926_093239.jpg\"\n           data-thumbnail=\"http:\/\/olasz-altisk.edu.hu\/weboldal\/wp-content\/gallery\/europai-sportnap-2025\/thumbs\/thumbs_IMG_20250926_093239.jpg\"\n           data-image-id=\"3222\"\n           data-title=\"IMG_20250926_093239\"\n           data-description=\"\"\n           class=\"ngg-fancybox\" rel=\"5ed3c5787db2ea8e9e593ed5822b8019\">\n\n            <img data-image-id='3222'\n                 title=\"\"\n                 alt=\"IMG_20250926_093239\"\n                 src=\"http:\/\/olasz-altisk.edu.hu\/weboldal\/wp-content\/gallery\/europai-sportnap-2025\/IMG_20250926_093239.jpg\"\n                 style=\"max-height: 380px;\"\/>\n        <\/a>\n\n        <\/div> \n<div id=\"ngg-image-9\" class=\"ngg-gallery-slideshow-image\" style=\"height:400px\">\n\n        <a href=\"http:\/\/olasz-altisk.edu.hu\/weboldal\/wp-content\/gallery\/europai-sportnap-2025\/IMG_20250926_093448.jpg\"\n           title=\"\"\n           data-src=\"http:\/\/olasz-altisk.edu.hu\/weboldal\/wp-content\/gallery\/europai-sportnap-2025\/IMG_20250926_093448.jpg\"\n           data-thumbnail=\"http:\/\/olasz-altisk.edu.hu\/weboldal\/wp-content\/gallery\/europai-sportnap-2025\/thumbs\/thumbs_IMG_20250926_093448.jpg\"\n           data-image-id=\"3223\"\n           data-title=\"IMG_20250926_093448\"\n           data-description=\"\"\n           class=\"ngg-fancybox\" rel=\"5ed3c5787db2ea8e9e593ed5822b8019\">\n\n            <img data-image-id='3223'\n                 title=\"\"\n                 alt=\"IMG_20250926_093448\"\n                 src=\"http:\/\/olasz-altisk.edu.hu\/weboldal\/wp-content\/gallery\/europai-sportnap-2025\/IMG_20250926_093448.jpg\"\n                 style=\"max-height: 380px;\"\/>\n        <\/a>\n\n        <\/div> \n<div id=\"ngg-image-10\" class=\"ngg-gallery-slideshow-image\" style=\"height:400px\">\n\n        <a href=\"http:\/\/olasz-altisk.edu.hu\/weboldal\/wp-content\/gallery\/europai-sportnap-2025\/IMG_20250926_100523_1.jpg\"\n           title=\"\"\n           data-src=\"http:\/\/olasz-altisk.edu.hu\/weboldal\/wp-content\/gallery\/europai-sportnap-2025\/IMG_20250926_100523_1.jpg\"\n           data-thumbnail=\"http:\/\/olasz-altisk.edu.hu\/weboldal\/wp-content\/gallery\/europai-sportnap-2025\/thumbs\/thumbs_IMG_20250926_100523_1.jpg\"\n           data-image-id=\"3224\"\n           data-title=\"IMG_20250926_100523_1\"\n           data-description=\"\"\n           class=\"ngg-fancybox\" rel=\"5ed3c5787db2ea8e9e593ed5822b8019\">\n\n            <img data-image-id='3224'\n                 title=\"\"\n                 alt=\"IMG_20250926_100523_1\"\n                 src=\"http:\/\/olasz-altisk.edu.hu\/weboldal\/wp-content\/gallery\/europai-sportnap-2025\/IMG_20250926_100523_1.jpg\"\n                 style=\"max-height: 380px;\"\/>\n        <\/a>\n\n        <\/div> \n<div id=\"ngg-image-11\" class=\"ngg-gallery-slideshow-image\" style=\"height:400px\">\n\n        <a href=\"http:\/\/olasz-altisk.edu.hu\/weboldal\/wp-content\/gallery\/europai-sportnap-2025\/IMG_20250926_100522.jpg\"\n           title=\"\"\n           data-src=\"http:\/\/olasz-altisk.edu.hu\/weboldal\/wp-content\/gallery\/europai-sportnap-2025\/IMG_20250926_100522.jpg\"\n           data-thumbnail=\"http:\/\/olasz-altisk.edu.hu\/weboldal\/wp-content\/gallery\/europai-sportnap-2025\/thumbs\/thumbs_IMG_20250926_100522.jpg\"\n           data-image-id=\"3225\"\n           data-title=\"IMG_20250926_100522\"\n           data-description=\"\"\n           class=\"ngg-fancybox\" rel=\"5ed3c5787db2ea8e9e593ed5822b8019\">\n\n            <img data-image-id='3225'\n                 title=\"\"\n                 alt=\"IMG_20250926_100522\"\n                 src=\"http:\/\/olasz-altisk.edu.hu\/weboldal\/wp-content\/gallery\/europai-sportnap-2025\/IMG_20250926_100522.jpg\"\n                 style=\"max-height: 380px;\"\/>\n        <\/a>\n\n        <\/div> \n<div id=\"ngg-image-12\" class=\"ngg-gallery-slideshow-image\" style=\"height:400px\">\n\n        <a href=\"http:\/\/olasz-altisk.edu.hu\/weboldal\/wp-content\/gallery\/europai-sportnap-2025\/IMG_20250926_100556.jpg\"\n           title=\"\"\n           data-src=\"http:\/\/olasz-altisk.edu.hu\/weboldal\/wp-content\/gallery\/europai-sportnap-2025\/IMG_20250926_100556.jpg\"\n           data-thumbnail=\"http:\/\/olasz-altisk.edu.hu\/weboldal\/wp-content\/gallery\/europai-sportnap-2025\/thumbs\/thumbs_IMG_20250926_100556.jpg\"\n           data-image-id=\"3226\"\n           data-title=\"IMG_20250926_100556\"\n           data-description=\"\"\n           class=\"ngg-fancybox\" rel=\"5ed3c5787db2ea8e9e593ed5822b8019\">\n\n            <img data-image-id='3226'\n                 title=\"\"\n                 alt=\"IMG_20250926_100556\"\n                 src=\"http:\/\/olasz-altisk.edu.hu\/weboldal\/wp-content\/gallery\/europai-sportnap-2025\/IMG_20250926_100556.jpg\"\n                 style=\"max-height: 380px;\"\/>\n        <\/a>\n\n        <\/div> \n<div id=\"ngg-image-13\" class=\"ngg-gallery-slideshow-image\" style=\"height:400px\">\n\n        <a href=\"http:\/\/olasz-altisk.edu.hu\/weboldal\/wp-content\/gallery\/europai-sportnap-2025\/IMG_20250926_100604.jpg\"\n           title=\"\"\n           data-src=\"http:\/\/olasz-altisk.edu.hu\/weboldal\/wp-content\/gallery\/europai-sportnap-2025\/IMG_20250926_100604.jpg\"\n           data-thumbnail=\"http:\/\/olasz-altisk.edu.hu\/weboldal\/wp-content\/gallery\/europai-sportnap-2025\/thumbs\/thumbs_IMG_20250926_100604.jpg\"\n           data-image-id=\"3227\"\n           data-title=\"IMG_20250926_100604\"\n           data-description=\"\"\n           class=\"ngg-fancybox\" rel=\"5ed3c5787db2ea8e9e593ed5822b8019\">\n\n            <img data-image-id='3227'\n                 title=\"\"\n                 alt=\"IMG_20250926_100604\"\n                 src=\"http:\/\/olasz-altisk.edu.hu\/weboldal\/wp-content\/gallery\/europai-sportnap-2025\/IMG_20250926_100604.jpg\"\n                 style=\"max-height: 380px;\"\/>\n        <\/a>\n\n        <\/div> \n<div id=\"ngg-image-14\" class=\"ngg-gallery-slideshow-image\" style=\"height:400px\">\n\n        <a href=\"http:\/\/olasz-altisk.edu.hu\/weboldal\/wp-content\/gallery\/europai-sportnap-2025\/IMG_20250926_101342_1.jpg\"\n           title=\"\"\n           data-src=\"http:\/\/olasz-altisk.edu.hu\/weboldal\/wp-content\/gallery\/europai-sportnap-2025\/IMG_20250926_101342_1.jpg\"\n           data-thumbnail=\"http:\/\/olasz-altisk.edu.hu\/weboldal\/wp-content\/gallery\/europai-sportnap-2025\/thumbs\/thumbs_IMG_20250926_101342_1.jpg\"\n           data-image-id=\"3228\"\n           data-title=\"IMG_20250926_101342_1\"\n           data-description=\"\"\n           class=\"ngg-fancybox\" rel=\"5ed3c5787db2ea8e9e593ed5822b8019\">\n\n            <img data-image-id='3228'\n                 title=\"\"\n                 alt=\"IMG_20250926_101342_1\"\n                 src=\"http:\/\/olasz-altisk.edu.hu\/weboldal\/wp-content\/gallery\/europai-sportnap-2025\/IMG_20250926_101342_1.jpg\"\n                 style=\"max-height: 380px;\"\/>\n        <\/a>\n\n        <\/div> \n<\/div>\n\n\n\n\n","protected":false},"excerpt":{"rendered":"<p>Iskol\u00e1nk is csatlakozott a szeptember 26-\u00e1n megrendezett &#8222;Eur\u00f3pai Di\u00e1ksport Naphoz&#8221;.Szendr\u0151 Zolt\u00e1n tan\u00e1r\u00far vezet\u00e9s\u00e9vel az 1-5. oszt\u00e1lyos tanul\u00f3k fut\u00f3versenyen \u00e9s j\u00e1t\u00e9kos sorversenyen vettek r\u00e9szt. A fels\u0151 tagozatosok r\u00f6plabda \u00e9s pingpong bajnoks\u00e1got tartottak.<\/p>\n","protected":false},"author":1,"featured_media":0,"comment_status":"closed","ping_status":"closed","sticky":false,"template":"","format":"standard","meta":{"ngg_post_thumbnail":0},"categories":[1],"tags":[],"_links":{"self":[{"href":"http:\/\/olasz-altisk.edu.hu\/weboldal\/index.php?rest_route=\/wp\/v2\/posts\/6245"}],"collection":[{"href":"http:\/\/olasz-altisk.edu.hu\/weboldal\/index.php?rest_route=\/wp\/v2\/posts"}],"about":[{"href":"http:\/\/olasz-altisk.edu.hu\/weboldal\/index.php?rest_route=\/wp\/v2\/types\/post"}],"author":[{"embeddable":true,"href":"http:\/\/olasz-altisk.edu.hu\/weboldal\/index.php?rest_route=\/wp\/v2\/users\/1"}],"replies":[{"embeddable":true,"href":"http:\/\/olasz-altisk.edu.hu\/weboldal\/index.php?rest_route=%2Fwp%2Fv2%2Fcomments&post=6245"}],"version-history":[{"count":2,"href":"http:\/\/olasz-altisk.edu.hu\/weboldal\/index.php?rest_route=\/wp\/v2\/posts\/6245\/revisions"}],"predecessor-version":[{"id":6263,"href":"http:\/\/olasz-altisk.edu.hu\/weboldal\/index.php?rest_route=\/wp\/v2\/posts\/6245\/revisions\/6263"}],"wp:attachment":[{"href":"http:\/\/olasz-altisk.edu.hu\/weboldal\/index.php?rest_route=%2Fwp%2Fv2%2Fmedia&parent=6245"}],"wp:term":[{"taxonomy":"category","embeddable":true,"href":"http:\/\/olasz-altisk.edu.hu\/weboldal\/index.php?rest_route=%2Fwp%2Fv2%2Fcategories&post=6245"},{"taxonomy":"post_tag","embeddable":true,"href":"http:\/\/olasz-altisk.edu.hu\/weboldal\/index.php?rest_route=%2Fwp%2Fv2%2Ftags&post=6245"}],"curies":[{"name":"wp","href":"https:\/\/api.w.org\/{rel}","templated":true}]}}