{"id":6270,"date":"2025-10-12T20:57:03","date_gmt":"2025-10-12T18:57:03","guid":{"rendered":"http:\/\/olasz-altisk.edu.hu\/weboldal\/?p=6270"},"modified":"2025-10-12T20:57:03","modified_gmt":"2025-10-12T18:57:03","slug":"baranya-ijasza-versenysorozat-2","status":"publish","type":"post","link":"http:\/\/olasz-altisk.edu.hu\/weboldal\/?p=6270","title":{"rendered":"Baranya \u00cdj\u00e1sza versenysorozat"},"content":{"rendered":"\n<p><strong>Szeptember 6-\u00e1n befejez\u0151d\u00f6tt a Baranya \u00cdj\u00e1sza versenysorozat : Hun Ut\u00f3daink nagyon sz\u00e9pen szerepeltek\u2026.<\/strong><\/p>\n\n\n\n<p>Szeptember 6-\u00e1n a sz\u00e9kelyszabari erd\u0151ben megrendezett \u00edj\u00e1szversennyel z\u00e1rult az idei Baranya \u00cdj\u00e1sza versenysorozat. \u00cdj\u00e1szaink ism\u00e9t csak sz\u00e9p eredm\u00e9nyeket \u00e9rtek el, tal\u00e1n ennek is k\u00f6sz\u00f6nhet\u0151, hogy a suliban t\u00f6retlen n\u00e9pszer\u0171s\u00e9gnek \u00f6rvend ez a sport is, id\u00e9n is a tanul\u00f3k t\u00f6bb, mint egyharmada ismerkedik eleink harci m\u0171v\u00e9szet\u00e9vel.<\/p>\n\n\n\n<p>Eredm\u00e9nyeink (Sz\u00e9kelyszabar):<\/p>\n\n\n\n<p>Tradicion\u00e1lis \u00edj:<\/p>\n\n\n\n<p><strong>Mini ffi: Moln\u00e1r Huba 5. helyezett<\/strong><\/p>\n\n\n\n<p><strong>Gyerek ffi: Moln\u00e1r Benedek 4. helyezett<\/strong><\/p>\n\n\n\n<p><strong>Gyerek n\u0151i: Hafner-Hadas Panni 4 helyezett<\/strong><\/p>\n\n\n\n<p><strong>Ifi ffi: T\u00f3th-S\u00fct\u0151 Lehel 2. helyezett<\/strong><\/p>\n\n\n\n<p>A versenysorozat \u00f6sszes\u00edt\u00e9s\u00e9ben:<\/p>\n\n\n\n<p><strong>Mini ffi: Hafner-Hadas Csan\u00e1d 4.; Moln\u00e1r Huba 5. helyezett<\/strong><\/p>\n\n\n\n<p><strong>Gyerek ffi: Moln\u00e1r Benedek 4. helyezett<\/strong><\/p>\n\n\n\n<p><strong>Ifi ffi: T\u00f3th-S\u00fct\u0151 Lehel 2. helyezett<\/strong><\/p>\n\n\n\n<p><strong>Gyerek n\u0151i: Hafner-Hadas Panni 4. helyezett<\/strong><\/p>\n\n\n\n<p>Gratul\u00e1lunk a versenyz\u0151knek! K\u00f6sz\u00f6nj\u00fck a sz\u00fcl\u0151k t\u00e1mogat\u00e1s\u00e1t! Tov\u00e1bbi sok sikert az elk\u00f6vetkezend\u0151 versenyeken, kitart\u00e1st az edz\u00e9sekhez!<\/p>\n\n\n\n\n\n<div class=\"ngg-galleryoverview ngg-slideshow\"\n\t id=\"ngg-slideshow-9d9b6a8d718feaa05105aa7a96f79296-11753805830\"\n     data-gallery-id=\"9d9b6a8d718feaa05105aa7a96f79296\"\n     style=\"max-width: 600px; max-height: 400px;\">\n\n \t<div id=\"ngg-image-0\" class=\"ngg-gallery-slideshow-image\" style=\"height:400px\">\n\n        <a href=\"http:\/\/olasz-altisk.edu.hu\/weboldal\/wp-content\/gallery\/baranya-ijasza-versenysorozat-2025\/Kep2.jpg\"\n           title=\"\"\n           data-src=\"http:\/\/olasz-altisk.edu.hu\/weboldal\/wp-content\/gallery\/baranya-ijasza-versenysorozat-2025\/Kep2.jpg\"\n           data-thumbnail=\"http:\/\/olasz-altisk.edu.hu\/weboldal\/wp-content\/gallery\/baranya-ijasza-versenysorozat-2025\/thumbs\/thumbs_Kep2.jpg\"\n           data-image-id=\"3229\"\n           data-title=\"Kep2\"\n           data-description=\"\"\n           class=\"ngg-fancybox\" rel=\"9d9b6a8d718feaa05105aa7a96f79296\">\n\n            <img data-image-id='3229'\n                 title=\"\"\n                 alt=\"Kep2\"\n                 src=\"http:\/\/olasz-altisk.edu.hu\/weboldal\/wp-content\/gallery\/baranya-ijasza-versenysorozat-2025\/Kep2.jpg\"\n                 style=\"max-height: 380px;\"\/>\n        <\/a>\n\n        <\/div> \n<div id=\"ngg-image-1\" class=\"ngg-gallery-slideshow-image\" style=\"height:400px\">\n\n        <a href=\"http:\/\/olasz-altisk.edu.hu\/weboldal\/wp-content\/gallery\/baranya-ijasza-versenysorozat-2025\/Kep3.jpg\"\n           title=\"\"\n           data-src=\"http:\/\/olasz-altisk.edu.hu\/weboldal\/wp-content\/gallery\/baranya-ijasza-versenysorozat-2025\/Kep3.jpg\"\n           data-thumbnail=\"http:\/\/olasz-altisk.edu.hu\/weboldal\/wp-content\/gallery\/baranya-ijasza-versenysorozat-2025\/thumbs\/thumbs_Kep3.jpg\"\n           data-image-id=\"3230\"\n           data-title=\"Kep3\"\n           data-description=\"\"\n           class=\"ngg-fancybox\" rel=\"9d9b6a8d718feaa05105aa7a96f79296\">\n\n            <img data-image-id='3230'\n                 title=\"\"\n                 alt=\"Kep3\"\n                 src=\"http:\/\/olasz-altisk.edu.hu\/weboldal\/wp-content\/gallery\/baranya-ijasza-versenysorozat-2025\/Kep3.jpg\"\n                 style=\"max-height: 380px;\"\/>\n        <\/a>\n\n        <\/div> \n<div id=\"ngg-image-2\" class=\"ngg-gallery-slideshow-image\" style=\"height:400px\">\n\n        <a href=\"http:\/\/olasz-altisk.edu.hu\/weboldal\/wp-content\/gallery\/baranya-ijasza-versenysorozat-2025\/Kep1.png\"\n           title=\"\"\n           data-src=\"http:\/\/olasz-altisk.edu.hu\/weboldal\/wp-content\/gallery\/baranya-ijasza-versenysorozat-2025\/Kep1.png\"\n           data-thumbnail=\"http:\/\/olasz-altisk.edu.hu\/weboldal\/wp-content\/gallery\/baranya-ijasza-versenysorozat-2025\/thumbs\/thumbs_Kep1.png\"\n           data-image-id=\"3231\"\n           data-title=\"Kep1\"\n           data-description=\"\"\n           class=\"ngg-fancybox\" rel=\"9d9b6a8d718feaa05105aa7a96f79296\">\n\n            <img data-image-id='3231'\n                 title=\"\"\n                 alt=\"Kep1\"\n                 src=\"http:\/\/olasz-altisk.edu.hu\/weboldal\/wp-content\/gallery\/baranya-ijasza-versenysorozat-2025\/Kep1.png\"\n                 style=\"max-height: 380px;\"\/>\n        <\/a>\n\n        <\/div> \n<\/div>\n\n\n\n\n","protected":false},"excerpt":{"rendered":"<p>Szeptember 6-\u00e1n befejez\u0151d\u00f6tt a Baranya \u00cdj\u00e1sza versenysorozat : Hun Ut\u00f3daink nagyon sz\u00e9pen szerepeltek\u2026. Szeptember 6-\u00e1n a sz\u00e9kelyszabari erd\u0151ben megrendezett \u00edj\u00e1szversennyel z\u00e1rult az idei Baranya \u00cdj\u00e1sza versenysorozat. \u00cdj\u00e1szaink ism\u00e9t csak sz\u00e9p eredm\u00e9nyeket \u00e9rtek el, tal\u00e1n ennek is k\u00f6sz\u00f6nhet\u0151, hogy a suliban t\u00f6retlen n\u00e9pszer\u0171s\u00e9gnek \u00f6rvend ez a sport is, id\u00e9n is a \u2026 <a class=\"continue-reading-link\" href=\"http:\/\/olasz-altisk.edu.hu\/weboldal\/?p=6270\"> Continue reading <span class=\"meta-nav\">&rarr; <\/span><\/a><\/p>\n","protected":false},"author":1,"featured_media":0,"comment_status":"closed","ping_status":"closed","sticky":false,"template":"","format":"standard","meta":{"ngg_post_thumbnail":0},"categories":[1],"tags":[],"_links":{"self":[{"href":"http:\/\/olasz-altisk.edu.hu\/weboldal\/index.php?rest_route=\/wp\/v2\/posts\/6270"}],"collection":[{"href":"http:\/\/olasz-altisk.edu.hu\/weboldal\/index.php?rest_route=\/wp\/v2\/posts"}],"about":[{"href":"http:\/\/olasz-altisk.edu.hu\/weboldal\/index.php?rest_route=\/wp\/v2\/types\/post"}],"author":[{"embeddable":true,"href":"http:\/\/olasz-altisk.edu.hu\/weboldal\/index.php?rest_route=\/wp\/v2\/users\/1"}],"replies":[{"embeddable":true,"href":"http:\/\/olasz-altisk.edu.hu\/weboldal\/index.php?rest_route=%2Fwp%2Fv2%2Fcomments&post=6270"}],"version-history":[{"count":2,"href":"http:\/\/olasz-altisk.edu.hu\/weboldal\/index.php?rest_route=\/wp\/v2\/posts\/6270\/revisions"}],"predecessor-version":[{"id":6276,"href":"http:\/\/olasz-altisk.edu.hu\/weboldal\/index.php?rest_route=\/wp\/v2\/posts\/6270\/revisions\/6276"}],"wp:attachment":[{"href":"http:\/\/olasz-altisk.edu.hu\/weboldal\/index.php?rest_route=%2Fwp%2Fv2%2Fmedia&parent=6270"}],"wp:term":[{"taxonomy":"category","embeddable":true,"href":"http:\/\/olasz-altisk.edu.hu\/weboldal\/index.php?rest_route=%2Fwp%2Fv2%2Fcategories&post=6270"},{"taxonomy":"post_tag","embeddable":true,"href":"http:\/\/olasz-altisk.edu.hu\/weboldal\/index.php?rest_route=%2Fwp%2Fv2%2Ftags&post=6270"}],"curies":[{"name":"wp","href":"https:\/\/api.w.org\/{rel}","templated":true}]}}