{"id":6277,"date":"2025-10-12T21:11:38","date_gmt":"2025-10-12T19:11:38","guid":{"rendered":"http:\/\/olasz-altisk.edu.hu\/weboldal\/?p=6277"},"modified":"2025-10-12T21:11:38","modified_gmt":"2025-10-12T19:11:38","slug":"szeptember-30-a-magyar-nepmese-napja","status":"publish","type":"post","link":"http:\/\/olasz-altisk.edu.hu\/weboldal\/?p=6277","title":{"rendered":"Szeptember 30. A magyar n\u00e9pmese napja."},"content":{"rendered":"\n<p>Ezen a napon a gyerekek megismert\u00e9k a n\u00e9pmese olvas\u00e1s \u00f6r\u00f6m\u00e9t \u00e9s hagyom\u00e1ny\u00e1t.<br>Rosta Anita (\u00e9desanya) mesefelolvas\u00e1sa ut\u00e1n \u00e9rdekes kv\u00edzfeladatokat oldottak meg a 3.-4.oszt\u00e1lyos tanul\u00f3k.<br>Majd a tov\u00e1bbiakban A h\u00e1rom K\u00edv\u00e1ns\u00e1g c\u00edm\u0171 n\u00e9pmes\u00e9t l\u00e1thatt\u00e1k a di\u00e1kok Bernhardt Enik\u0151, Berthold Eszter \u00e9s Kir\u00e1ly Bal\u00e1zs pedag\u00f3gusok el\u0151ad\u00e1s\u00e1ban, mellyel igen nagy sikert arattak a k\u00f6z\u00f6ns\u00e9g k\u00f6r\u00e9ben.<br>Az udvaron folytat\u00f3dott a program egy kis \u00e9nekl\u00e9ssel, cs\u00e1rd\u00e1ssal.<br>V\u00e9g\u00fcl plak\u00e1tok k\u00e9sz\u00edt\u00e9s\u00e9vel z\u00e1rtuk a programot.<br>Nagyon k\u00f6sz\u00f6nj\u00fck a pedag\u00f3gusok lelkiismeretes munk\u00e1j\u00e1t!<\/p>\n\n\n\n\n\n<div class=\"ngg-galleryoverview ngg-slideshow\"\n\t id=\"ngg-slideshow-e9ce8bcc621ef01a90454bf9c0f6c527-18927192610\"\n     data-gallery-id=\"e9ce8bcc621ef01a90454bf9c0f6c527\"\n     style=\"max-width: 600px; max-height: 400px;\">\n\n \t<div id=\"ngg-image-0\" class=\"ngg-gallery-slideshow-image\" style=\"height:400px\">\n\n        <a href=\"http:\/\/olasz-altisk.edu.hu\/weboldal\/wp-content\/gallery\/szeptember-30-a-magyar-nepmese-napja\/IMG_20250930_090012_1.jpg\"\n           title=\"\"\n           data-src=\"http:\/\/olasz-altisk.edu.hu\/weboldal\/wp-content\/gallery\/szeptember-30-a-magyar-nepmese-napja\/IMG_20250930_090012_1.jpg\"\n           data-thumbnail=\"http:\/\/olasz-altisk.edu.hu\/weboldal\/wp-content\/gallery\/szeptember-30-a-magyar-nepmese-napja\/thumbs\/thumbs_IMG_20250930_090012_1.jpg\"\n           data-image-id=\"3232\"\n           data-title=\"IMG_20250930_090012_1\"\n           data-description=\"\"\n           class=\"ngg-fancybox\" rel=\"e9ce8bcc621ef01a90454bf9c0f6c527\">\n\n            <img data-image-id='3232'\n                 title=\"\"\n                 alt=\"IMG_20250930_090012_1\"\n                 src=\"http:\/\/olasz-altisk.edu.hu\/weboldal\/wp-content\/gallery\/szeptember-30-a-magyar-nepmese-napja\/IMG_20250930_090012_1.jpg\"\n                 style=\"max-height: 380px;\"\/>\n        <\/a>\n\n        <\/div> \n<div id=\"ngg-image-1\" class=\"ngg-gallery-slideshow-image\" style=\"height:400px\">\n\n        <a href=\"http:\/\/olasz-altisk.edu.hu\/weboldal\/wp-content\/gallery\/szeptember-30-a-magyar-nepmese-napja\/IMG_20250930_090437.jpg\"\n           title=\"\"\n           data-src=\"http:\/\/olasz-altisk.edu.hu\/weboldal\/wp-content\/gallery\/szeptember-30-a-magyar-nepmese-napja\/IMG_20250930_090437.jpg\"\n           data-thumbnail=\"http:\/\/olasz-altisk.edu.hu\/weboldal\/wp-content\/gallery\/szeptember-30-a-magyar-nepmese-napja\/thumbs\/thumbs_IMG_20250930_090437.jpg\"\n           data-image-id=\"3233\"\n           data-title=\"IMG_20250930_090437\"\n           data-description=\"\"\n           class=\"ngg-fancybox\" rel=\"e9ce8bcc621ef01a90454bf9c0f6c527\">\n\n            <img data-image-id='3233'\n                 title=\"\"\n                 alt=\"IMG_20250930_090437\"\n                 src=\"http:\/\/olasz-altisk.edu.hu\/weboldal\/wp-content\/gallery\/szeptember-30-a-magyar-nepmese-napja\/IMG_20250930_090437.jpg\"\n                 style=\"max-height: 380px;\"\/>\n        <\/a>\n\n        <\/div> \n<div id=\"ngg-image-2\" class=\"ngg-gallery-slideshow-image\" style=\"height:400px\">\n\n        <a href=\"http:\/\/olasz-altisk.edu.hu\/weboldal\/wp-content\/gallery\/szeptember-30-a-magyar-nepmese-napja\/IMG_20250930_092506.jpg\"\n           title=\"\"\n           data-src=\"http:\/\/olasz-altisk.edu.hu\/weboldal\/wp-content\/gallery\/szeptember-30-a-magyar-nepmese-napja\/IMG_20250930_092506.jpg\"\n           data-thumbnail=\"http:\/\/olasz-altisk.edu.hu\/weboldal\/wp-content\/gallery\/szeptember-30-a-magyar-nepmese-napja\/thumbs\/thumbs_IMG_20250930_092506.jpg\"\n           data-image-id=\"3234\"\n           data-title=\"IMG_20250930_092506\"\n           data-description=\"\"\n           class=\"ngg-fancybox\" rel=\"e9ce8bcc621ef01a90454bf9c0f6c527\">\n\n            <img data-image-id='3234'\n                 title=\"\"\n                 alt=\"IMG_20250930_092506\"\n                 src=\"http:\/\/olasz-altisk.edu.hu\/weboldal\/wp-content\/gallery\/szeptember-30-a-magyar-nepmese-napja\/IMG_20250930_092506.jpg\"\n                 style=\"max-height: 380px;\"\/>\n        <\/a>\n\n        <\/div> \n<div id=\"ngg-image-3\" class=\"ngg-gallery-slideshow-image\" style=\"height:400px\">\n\n        <a href=\"http:\/\/olasz-altisk.edu.hu\/weboldal\/wp-content\/gallery\/szeptember-30-a-magyar-nepmese-napja\/IMG_20250930_092013.jpg\"\n           title=\"\"\n           data-src=\"http:\/\/olasz-altisk.edu.hu\/weboldal\/wp-content\/gallery\/szeptember-30-a-magyar-nepmese-napja\/IMG_20250930_092013.jpg\"\n           data-thumbnail=\"http:\/\/olasz-altisk.edu.hu\/weboldal\/wp-content\/gallery\/szeptember-30-a-magyar-nepmese-napja\/thumbs\/thumbs_IMG_20250930_092013.jpg\"\n           data-image-id=\"3235\"\n           data-title=\"IMG_20250930_092013\"\n           data-description=\"\"\n           class=\"ngg-fancybox\" rel=\"e9ce8bcc621ef01a90454bf9c0f6c527\">\n\n            <img data-image-id='3235'\n                 title=\"\"\n                 alt=\"IMG_20250930_092013\"\n                 src=\"http:\/\/olasz-altisk.edu.hu\/weboldal\/wp-content\/gallery\/szeptember-30-a-magyar-nepmese-napja\/IMG_20250930_092013.jpg\"\n                 style=\"max-height: 380px;\"\/>\n        <\/a>\n\n        <\/div> \n<div id=\"ngg-image-4\" class=\"ngg-gallery-slideshow-image\" style=\"height:400px\">\n\n        <a href=\"http:\/\/olasz-altisk.edu.hu\/weboldal\/wp-content\/gallery\/szeptember-30-a-magyar-nepmese-napja\/IMG_20250930_090700.jpg\"\n           title=\"\"\n           data-src=\"http:\/\/olasz-altisk.edu.hu\/weboldal\/wp-content\/gallery\/szeptember-30-a-magyar-nepmese-napja\/IMG_20250930_090700.jpg\"\n           data-thumbnail=\"http:\/\/olasz-altisk.edu.hu\/weboldal\/wp-content\/gallery\/szeptember-30-a-magyar-nepmese-napja\/thumbs\/thumbs_IMG_20250930_090700.jpg\"\n           data-image-id=\"3236\"\n           data-title=\"IMG_20250930_090700\"\n           data-description=\"\"\n           class=\"ngg-fancybox\" rel=\"e9ce8bcc621ef01a90454bf9c0f6c527\">\n\n            <img data-image-id='3236'\n                 title=\"\"\n                 alt=\"IMG_20250930_090700\"\n                 src=\"http:\/\/olasz-altisk.edu.hu\/weboldal\/wp-content\/gallery\/szeptember-30-a-magyar-nepmese-napja\/IMG_20250930_090700.jpg\"\n                 style=\"max-height: 380px;\"\/>\n        <\/a>\n\n        <\/div> \n<div id=\"ngg-image-5\" class=\"ngg-gallery-slideshow-image\" style=\"height:400px\">\n\n        <a href=\"http:\/\/olasz-altisk.edu.hu\/weboldal\/wp-content\/gallery\/szeptember-30-a-magyar-nepmese-napja\/IMG_20250930_090707.jpg\"\n           title=\"\"\n           data-src=\"http:\/\/olasz-altisk.edu.hu\/weboldal\/wp-content\/gallery\/szeptember-30-a-magyar-nepmese-napja\/IMG_20250930_090707.jpg\"\n           data-thumbnail=\"http:\/\/olasz-altisk.edu.hu\/weboldal\/wp-content\/gallery\/szeptember-30-a-magyar-nepmese-napja\/thumbs\/thumbs_IMG_20250930_090707.jpg\"\n           data-image-id=\"3237\"\n           data-title=\"IMG_20250930_090707\"\n           data-description=\"\"\n           class=\"ngg-fancybox\" rel=\"e9ce8bcc621ef01a90454bf9c0f6c527\">\n\n            <img data-image-id='3237'\n                 title=\"\"\n                 alt=\"IMG_20250930_090707\"\n                 src=\"http:\/\/olasz-altisk.edu.hu\/weboldal\/wp-content\/gallery\/szeptember-30-a-magyar-nepmese-napja\/IMG_20250930_090707.jpg\"\n                 style=\"max-height: 380px;\"\/>\n        <\/a>\n\n        <\/div> \n<div id=\"ngg-image-6\" class=\"ngg-gallery-slideshow-image\" style=\"height:400px\">\n\n        <a href=\"http:\/\/olasz-altisk.edu.hu\/weboldal\/wp-content\/gallery\/szeptember-30-a-magyar-nepmese-napja\/IMG_20250930_092908.jpg\"\n           title=\"\"\n           data-src=\"http:\/\/olasz-altisk.edu.hu\/weboldal\/wp-content\/gallery\/szeptember-30-a-magyar-nepmese-napja\/IMG_20250930_092908.jpg\"\n           data-thumbnail=\"http:\/\/olasz-altisk.edu.hu\/weboldal\/wp-content\/gallery\/szeptember-30-a-magyar-nepmese-napja\/thumbs\/thumbs_IMG_20250930_092908.jpg\"\n           data-image-id=\"3238\"\n           data-title=\"IMG_20250930_092908\"\n           data-description=\"\"\n           class=\"ngg-fancybox\" rel=\"e9ce8bcc621ef01a90454bf9c0f6c527\">\n\n            <img data-image-id='3238'\n                 title=\"\"\n                 alt=\"IMG_20250930_092908\"\n                 src=\"http:\/\/olasz-altisk.edu.hu\/weboldal\/wp-content\/gallery\/szeptember-30-a-magyar-nepmese-napja\/IMG_20250930_092908.jpg\"\n                 style=\"max-height: 380px;\"\/>\n        <\/a>\n\n        <\/div> \n<div id=\"ngg-image-7\" class=\"ngg-gallery-slideshow-image\" style=\"height:400px\">\n\n        <a href=\"http:\/\/olasz-altisk.edu.hu\/weboldal\/wp-content\/gallery\/szeptember-30-a-magyar-nepmese-napja\/IMG_20250930_095906.jpg\"\n           title=\"\"\n           data-src=\"http:\/\/olasz-altisk.edu.hu\/weboldal\/wp-content\/gallery\/szeptember-30-a-magyar-nepmese-napja\/IMG_20250930_095906.jpg\"\n           data-thumbnail=\"http:\/\/olasz-altisk.edu.hu\/weboldal\/wp-content\/gallery\/szeptember-30-a-magyar-nepmese-napja\/thumbs\/thumbs_IMG_20250930_095906.jpg\"\n           data-image-id=\"3239\"\n           data-title=\"IMG_20250930_095906\"\n           data-description=\"\"\n           class=\"ngg-fancybox\" rel=\"e9ce8bcc621ef01a90454bf9c0f6c527\">\n\n            <img data-image-id='3239'\n                 title=\"\"\n                 alt=\"IMG_20250930_095906\"\n                 src=\"http:\/\/olasz-altisk.edu.hu\/weboldal\/wp-content\/gallery\/szeptember-30-a-magyar-nepmese-napja\/IMG_20250930_095906.jpg\"\n                 style=\"max-height: 380px;\"\/>\n        <\/a>\n\n        <\/div> \n<div id=\"ngg-image-8\" class=\"ngg-gallery-slideshow-image\" style=\"height:400px\">\n\n        <a href=\"http:\/\/olasz-altisk.edu.hu\/weboldal\/wp-content\/gallery\/szeptember-30-a-magyar-nepmese-napja\/IMG_20250930_093149.jpg\"\n           title=\"\"\n           data-src=\"http:\/\/olasz-altisk.edu.hu\/weboldal\/wp-content\/gallery\/szeptember-30-a-magyar-nepmese-napja\/IMG_20250930_093149.jpg\"\n           data-thumbnail=\"http:\/\/olasz-altisk.edu.hu\/weboldal\/wp-content\/gallery\/szeptember-30-a-magyar-nepmese-napja\/thumbs\/thumbs_IMG_20250930_093149.jpg\"\n           data-image-id=\"3240\"\n           data-title=\"IMG_20250930_093149\"\n           data-description=\"\"\n           class=\"ngg-fancybox\" rel=\"e9ce8bcc621ef01a90454bf9c0f6c527\">\n\n            <img data-image-id='3240'\n                 title=\"\"\n                 alt=\"IMG_20250930_093149\"\n                 src=\"http:\/\/olasz-altisk.edu.hu\/weboldal\/wp-content\/gallery\/szeptember-30-a-magyar-nepmese-napja\/IMG_20250930_093149.jpg\"\n                 style=\"max-height: 380px;\"\/>\n        <\/a>\n\n        <\/div> \n<div id=\"ngg-image-9\" class=\"ngg-gallery-slideshow-image\" style=\"height:400px\">\n\n        <a href=\"http:\/\/olasz-altisk.edu.hu\/weboldal\/wp-content\/gallery\/szeptember-30-a-magyar-nepmese-napja\/IMG_20250930_093143.jpg\"\n           title=\"\"\n           data-src=\"http:\/\/olasz-altisk.edu.hu\/weboldal\/wp-content\/gallery\/szeptember-30-a-magyar-nepmese-napja\/IMG_20250930_093143.jpg\"\n           data-thumbnail=\"http:\/\/olasz-altisk.edu.hu\/weboldal\/wp-content\/gallery\/szeptember-30-a-magyar-nepmese-napja\/thumbs\/thumbs_IMG_20250930_093143.jpg\"\n           data-image-id=\"3241\"\n           data-title=\"IMG_20250930_093143\"\n           data-description=\"\"\n           class=\"ngg-fancybox\" rel=\"e9ce8bcc621ef01a90454bf9c0f6c527\">\n\n            <img data-image-id='3241'\n                 title=\"\"\n                 alt=\"IMG_20250930_093143\"\n                 src=\"http:\/\/olasz-altisk.edu.hu\/weboldal\/wp-content\/gallery\/szeptember-30-a-magyar-nepmese-napja\/IMG_20250930_093143.jpg\"\n                 style=\"max-height: 380px;\"\/>\n        <\/a>\n\n        <\/div> \n<div id=\"ngg-image-10\" class=\"ngg-gallery-slideshow-image\" style=\"height:400px\">\n\n        <a href=\"http:\/\/olasz-altisk.edu.hu\/weboldal\/wp-content\/gallery\/szeptember-30-a-magyar-nepmese-napja\/IMG_20250930_093226.jpg\"\n           title=\"\"\n           data-src=\"http:\/\/olasz-altisk.edu.hu\/weboldal\/wp-content\/gallery\/szeptember-30-a-magyar-nepmese-napja\/IMG_20250930_093226.jpg\"\n           data-thumbnail=\"http:\/\/olasz-altisk.edu.hu\/weboldal\/wp-content\/gallery\/szeptember-30-a-magyar-nepmese-napja\/thumbs\/thumbs_IMG_20250930_093226.jpg\"\n           data-image-id=\"3242\"\n           data-title=\"IMG_20250930_093226\"\n           data-description=\"\"\n           class=\"ngg-fancybox\" rel=\"e9ce8bcc621ef01a90454bf9c0f6c527\">\n\n            <img data-image-id='3242'\n                 title=\"\"\n                 alt=\"IMG_20250930_093226\"\n                 src=\"http:\/\/olasz-altisk.edu.hu\/weboldal\/wp-content\/gallery\/szeptember-30-a-magyar-nepmese-napja\/IMG_20250930_093226.jpg\"\n                 style=\"max-height: 380px;\"\/>\n        <\/a>\n\n        <\/div> \n<div id=\"ngg-image-11\" class=\"ngg-gallery-slideshow-image\" style=\"height:400px\">\n\n        <a href=\"http:\/\/olasz-altisk.edu.hu\/weboldal\/wp-content\/gallery\/szeptember-30-a-magyar-nepmese-napja\/IMG_20250930_111536_1.jpg\"\n           title=\"\"\n           data-src=\"http:\/\/olasz-altisk.edu.hu\/weboldal\/wp-content\/gallery\/szeptember-30-a-magyar-nepmese-napja\/IMG_20250930_111536_1.jpg\"\n           data-thumbnail=\"http:\/\/olasz-altisk.edu.hu\/weboldal\/wp-content\/gallery\/szeptember-30-a-magyar-nepmese-napja\/thumbs\/thumbs_IMG_20250930_111536_1.jpg\"\n           data-image-id=\"3243\"\n           data-title=\"IMG_20250930_111536_1\"\n           data-description=\"\"\n           class=\"ngg-fancybox\" rel=\"e9ce8bcc621ef01a90454bf9c0f6c527\">\n\n            <img data-image-id='3243'\n                 title=\"\"\n                 alt=\"IMG_20250930_111536_1\"\n                 src=\"http:\/\/olasz-altisk.edu.hu\/weboldal\/wp-content\/gallery\/szeptember-30-a-magyar-nepmese-napja\/IMG_20250930_111536_1.jpg\"\n                 style=\"max-height: 380px;\"\/>\n        <\/a>\n\n        <\/div> \n<div id=\"ngg-image-12\" class=\"ngg-gallery-slideshow-image\" style=\"height:400px\">\n\n        <a href=\"http:\/\/olasz-altisk.edu.hu\/weboldal\/wp-content\/gallery\/szeptember-30-a-magyar-nepmese-napja\/Messenger_creation_1B491DFF-539D-43AB-81F0-B380100872BC.jpeg\"\n           title=\"\"\n           data-src=\"http:\/\/olasz-altisk.edu.hu\/weboldal\/wp-content\/gallery\/szeptember-30-a-magyar-nepmese-napja\/Messenger_creation_1B491DFF-539D-43AB-81F0-B380100872BC.jpeg\"\n           data-thumbnail=\"http:\/\/olasz-altisk.edu.hu\/weboldal\/wp-content\/gallery\/szeptember-30-a-magyar-nepmese-napja\/thumbs\/thumbs_Messenger_creation_1B491DFF-539D-43AB-81F0-B380100872BC.jpeg\"\n           data-image-id=\"3244\"\n           data-title=\"Messenger_creation_1B491DFF-539D-43AB-81F0-B380100872BC\"\n           data-description=\"\"\n           class=\"ngg-fancybox\" rel=\"e9ce8bcc621ef01a90454bf9c0f6c527\">\n\n            <img data-image-id='3244'\n                 title=\"\"\n                 alt=\"Messenger_creation_1B491DFF-539D-43AB-81F0-B380100872BC\"\n                 src=\"http:\/\/olasz-altisk.edu.hu\/weboldal\/wp-content\/gallery\/szeptember-30-a-magyar-nepmese-napja\/Messenger_creation_1B491DFF-539D-43AB-81F0-B380100872BC.jpeg\"\n                 style=\"max-height: 380px;\"\/>\n        <\/a>\n\n        <\/div> \n<div id=\"ngg-image-13\" class=\"ngg-gallery-slideshow-image\" style=\"height:400px\">\n\n        <a href=\"http:\/\/olasz-altisk.edu.hu\/weboldal\/wp-content\/gallery\/szeptember-30-a-magyar-nepmese-napja\/Messenger_creation_3E86D6EF-0085-4093-9F93-4E6D8995C0CF.jpeg\"\n           title=\"\"\n           data-src=\"http:\/\/olasz-altisk.edu.hu\/weboldal\/wp-content\/gallery\/szeptember-30-a-magyar-nepmese-napja\/Messenger_creation_3E86D6EF-0085-4093-9F93-4E6D8995C0CF.jpeg\"\n           data-thumbnail=\"http:\/\/olasz-altisk.edu.hu\/weboldal\/wp-content\/gallery\/szeptember-30-a-magyar-nepmese-napja\/thumbs\/thumbs_Messenger_creation_3E86D6EF-0085-4093-9F93-4E6D8995C0CF.jpeg\"\n           data-image-id=\"3245\"\n           data-title=\"Messenger_creation_3E86D6EF-0085-4093-9F93-4E6D8995C0CF\"\n           data-description=\"\"\n           class=\"ngg-fancybox\" rel=\"e9ce8bcc621ef01a90454bf9c0f6c527\">\n\n            <img data-image-id='3245'\n                 title=\"\"\n                 alt=\"Messenger_creation_3E86D6EF-0085-4093-9F93-4E6D8995C0CF\"\n                 src=\"http:\/\/olasz-altisk.edu.hu\/weboldal\/wp-content\/gallery\/szeptember-30-a-magyar-nepmese-napja\/Messenger_creation_3E86D6EF-0085-4093-9F93-4E6D8995C0CF.jpeg\"\n                 style=\"max-height: 380px;\"\/>\n        <\/a>\n\n        <\/div> \n<div id=\"ngg-image-14\" class=\"ngg-gallery-slideshow-image\" style=\"height:400px\">\n\n        <a href=\"http:\/\/olasz-altisk.edu.hu\/weboldal\/wp-content\/gallery\/szeptember-30-a-magyar-nepmese-napja\/IMG_20250930_111933.jpg\"\n           title=\"\"\n           data-src=\"http:\/\/olasz-altisk.edu.hu\/weboldal\/wp-content\/gallery\/szeptember-30-a-magyar-nepmese-napja\/IMG_20250930_111933.jpg\"\n           data-thumbnail=\"http:\/\/olasz-altisk.edu.hu\/weboldal\/wp-content\/gallery\/szeptember-30-a-magyar-nepmese-napja\/thumbs\/thumbs_IMG_20250930_111933.jpg\"\n           data-image-id=\"3246\"\n           data-title=\"IMG_20250930_111933\"\n           data-description=\"\"\n           class=\"ngg-fancybox\" rel=\"e9ce8bcc621ef01a90454bf9c0f6c527\">\n\n            <img data-image-id='3246'\n                 title=\"\"\n                 alt=\"IMG_20250930_111933\"\n                 src=\"http:\/\/olasz-altisk.edu.hu\/weboldal\/wp-content\/gallery\/szeptember-30-a-magyar-nepmese-napja\/IMG_20250930_111933.jpg\"\n                 style=\"max-height: 380px;\"\/>\n        <\/a>\n\n        <\/div> \n<div id=\"ngg-image-15\" class=\"ngg-gallery-slideshow-image\" style=\"height:400px\">\n\n        <a href=\"http:\/\/olasz-altisk.edu.hu\/weboldal\/wp-content\/gallery\/szeptember-30-a-magyar-nepmese-napja\/Messenger_creation_4F332A10-EB3B-451B-AA17-A608FDDE3ECE.jpeg\"\n           title=\"\"\n           data-src=\"http:\/\/olasz-altisk.edu.hu\/weboldal\/wp-content\/gallery\/szeptember-30-a-magyar-nepmese-napja\/Messenger_creation_4F332A10-EB3B-451B-AA17-A608FDDE3ECE.jpeg\"\n           data-thumbnail=\"http:\/\/olasz-altisk.edu.hu\/weboldal\/wp-content\/gallery\/szeptember-30-a-magyar-nepmese-napja\/thumbs\/thumbs_Messenger_creation_4F332A10-EB3B-451B-AA17-A608FDDE3ECE.jpeg\"\n           data-image-id=\"3247\"\n           data-title=\"Messenger_creation_4F332A10-EB3B-451B-AA17-A608FDDE3ECE\"\n           data-description=\"\"\n           class=\"ngg-fancybox\" rel=\"e9ce8bcc621ef01a90454bf9c0f6c527\">\n\n            <img data-image-id='3247'\n                 title=\"\"\n                 alt=\"Messenger_creation_4F332A10-EB3B-451B-AA17-A608FDDE3ECE\"\n                 src=\"http:\/\/olasz-altisk.edu.hu\/weboldal\/wp-content\/gallery\/szeptember-30-a-magyar-nepmese-napja\/Messenger_creation_4F332A10-EB3B-451B-AA17-A608FDDE3ECE.jpeg\"\n                 style=\"max-height: 380px;\"\/>\n        <\/a>\n\n        <\/div> \n<div id=\"ngg-image-16\" class=\"ngg-gallery-slideshow-image\" style=\"height:400px\">\n\n        <a href=\"http:\/\/olasz-altisk.edu.hu\/weboldal\/wp-content\/gallery\/szeptember-30-a-magyar-nepmese-napja\/Messenger_creation_36B5BC9B-D446-4D03-AE87-1CCD9E7DAD99.jpeg\"\n           title=\"\"\n           data-src=\"http:\/\/olasz-altisk.edu.hu\/weboldal\/wp-content\/gallery\/szeptember-30-a-magyar-nepmese-napja\/Messenger_creation_36B5BC9B-D446-4D03-AE87-1CCD9E7DAD99.jpeg\"\n           data-thumbnail=\"http:\/\/olasz-altisk.edu.hu\/weboldal\/wp-content\/gallery\/szeptember-30-a-magyar-nepmese-napja\/thumbs\/thumbs_Messenger_creation_36B5BC9B-D446-4D03-AE87-1CCD9E7DAD99.jpeg\"\n           data-image-id=\"3248\"\n           data-title=\"Messenger_creation_36B5BC9B-D446-4D03-AE87-1CCD9E7DAD99\"\n           data-description=\"\"\n           class=\"ngg-fancybox\" rel=\"e9ce8bcc621ef01a90454bf9c0f6c527\">\n\n            <img data-image-id='3248'\n                 title=\"\"\n                 alt=\"Messenger_creation_36B5BC9B-D446-4D03-AE87-1CCD9E7DAD99\"\n                 src=\"http:\/\/olasz-altisk.edu.hu\/weboldal\/wp-content\/gallery\/szeptember-30-a-magyar-nepmese-napja\/Messenger_creation_36B5BC9B-D446-4D03-AE87-1CCD9E7DAD99.jpeg\"\n                 style=\"max-height: 380px;\"\/>\n        <\/a>\n\n        <\/div> \n<div id=\"ngg-image-17\" class=\"ngg-gallery-slideshow-image\" style=\"height:400px\">\n\n        <a href=\"http:\/\/olasz-altisk.edu.hu\/weboldal\/wp-content\/gallery\/szeptember-30-a-magyar-nepmese-napja\/IMG_20250930_112435.jpg\"\n           title=\"\"\n           data-src=\"http:\/\/olasz-altisk.edu.hu\/weboldal\/wp-content\/gallery\/szeptember-30-a-magyar-nepmese-napja\/IMG_20250930_112435.jpg\"\n           data-thumbnail=\"http:\/\/olasz-altisk.edu.hu\/weboldal\/wp-content\/gallery\/szeptember-30-a-magyar-nepmese-napja\/thumbs\/thumbs_IMG_20250930_112435.jpg\"\n           data-image-id=\"3249\"\n           data-title=\"IMG_20250930_112435\"\n           data-description=\"\"\n           class=\"ngg-fancybox\" rel=\"e9ce8bcc621ef01a90454bf9c0f6c527\">\n\n            <img data-image-id='3249'\n                 title=\"\"\n                 alt=\"IMG_20250930_112435\"\n                 src=\"http:\/\/olasz-altisk.edu.hu\/weboldal\/wp-content\/gallery\/szeptember-30-a-magyar-nepmese-napja\/IMG_20250930_112435.jpg\"\n                 style=\"max-height: 380px;\"\/>\n        <\/a>\n\n        <\/div> \n<div id=\"ngg-image-18\" class=\"ngg-gallery-slideshow-image\" style=\"height:400px\">\n\n        <a href=\"http:\/\/olasz-altisk.edu.hu\/weboldal\/wp-content\/gallery\/szeptember-30-a-magyar-nepmese-napja\/Messenger_creation_42C0CABE-C078-45A5-B0E5-63053C82E6FB.jpeg\"\n           title=\"\"\n           data-src=\"http:\/\/olasz-altisk.edu.hu\/weboldal\/wp-content\/gallery\/szeptember-30-a-magyar-nepmese-napja\/Messenger_creation_42C0CABE-C078-45A5-B0E5-63053C82E6FB.jpeg\"\n           data-thumbnail=\"http:\/\/olasz-altisk.edu.hu\/weboldal\/wp-content\/gallery\/szeptember-30-a-magyar-nepmese-napja\/thumbs\/thumbs_Messenger_creation_42C0CABE-C078-45A5-B0E5-63053C82E6FB.jpeg\"\n           data-image-id=\"3250\"\n           data-title=\"Messenger_creation_42C0CABE-C078-45A5-B0E5-63053C82E6FB\"\n           data-description=\"\"\n           class=\"ngg-fancybox\" rel=\"e9ce8bcc621ef01a90454bf9c0f6c527\">\n\n            <img data-image-id='3250'\n                 title=\"\"\n                 alt=\"Messenger_creation_42C0CABE-C078-45A5-B0E5-63053C82E6FB\"\n                 src=\"http:\/\/olasz-altisk.edu.hu\/weboldal\/wp-content\/gallery\/szeptember-30-a-magyar-nepmese-napja\/Messenger_creation_42C0CABE-C078-45A5-B0E5-63053C82E6FB.jpeg\"\n                 style=\"max-height: 380px;\"\/>\n        <\/a>\n\n        <\/div> \n<div id=\"ngg-image-19\" class=\"ngg-gallery-slideshow-image\" style=\"height:400px\">\n\n        <a href=\"http:\/\/olasz-altisk.edu.hu\/weboldal\/wp-content\/gallery\/szeptember-30-a-magyar-nepmese-napja\/Messenger_creation_379C0119-A2D7-46FE-BE2D-82AB4797F459.jpeg\"\n           title=\"\"\n           data-src=\"http:\/\/olasz-altisk.edu.hu\/weboldal\/wp-content\/gallery\/szeptember-30-a-magyar-nepmese-napja\/Messenger_creation_379C0119-A2D7-46FE-BE2D-82AB4797F459.jpeg\"\n           data-thumbnail=\"http:\/\/olasz-altisk.edu.hu\/weboldal\/wp-content\/gallery\/szeptember-30-a-magyar-nepmese-napja\/thumbs\/thumbs_Messenger_creation_379C0119-A2D7-46FE-BE2D-82AB4797F459.jpeg\"\n           data-image-id=\"3251\"\n           data-title=\"Messenger_creation_379C0119-A2D7-46FE-BE2D-82AB4797F459\"\n           data-description=\"\"\n           class=\"ngg-fancybox\" rel=\"e9ce8bcc621ef01a90454bf9c0f6c527\">\n\n            <img data-image-id='3251'\n                 title=\"\"\n                 alt=\"Messenger_creation_379C0119-A2D7-46FE-BE2D-82AB4797F459\"\n                 src=\"http:\/\/olasz-altisk.edu.hu\/weboldal\/wp-content\/gallery\/szeptember-30-a-magyar-nepmese-napja\/Messenger_creation_379C0119-A2D7-46FE-BE2D-82AB4797F459.jpeg\"\n                 style=\"max-height: 380px;\"\/>\n        <\/a>\n\n        <\/div> \n<div id=\"ngg-image-20\" class=\"ngg-gallery-slideshow-image\" style=\"height:400px\">\n\n        <a href=\"http:\/\/olasz-altisk.edu.hu\/weboldal\/wp-content\/gallery\/szeptember-30-a-magyar-nepmese-napja\/Messenger_creation_758B9E81-CF83-4564-994B-F9C64C0C340E.jpeg\"\n           title=\"\"\n           data-src=\"http:\/\/olasz-altisk.edu.hu\/weboldal\/wp-content\/gallery\/szeptember-30-a-magyar-nepmese-napja\/Messenger_creation_758B9E81-CF83-4564-994B-F9C64C0C340E.jpeg\"\n           data-thumbnail=\"http:\/\/olasz-altisk.edu.hu\/weboldal\/wp-content\/gallery\/szeptember-30-a-magyar-nepmese-napja\/thumbs\/thumbs_Messenger_creation_758B9E81-CF83-4564-994B-F9C64C0C340E.jpeg\"\n           data-image-id=\"3252\"\n           data-title=\"Messenger_creation_758B9E81-CF83-4564-994B-F9C64C0C340E\"\n           data-description=\"\"\n           class=\"ngg-fancybox\" rel=\"e9ce8bcc621ef01a90454bf9c0f6c527\">\n\n            <img data-image-id='3252'\n                 title=\"\"\n                 alt=\"Messenger_creation_758B9E81-CF83-4564-994B-F9C64C0C340E\"\n                 src=\"http:\/\/olasz-altisk.edu.hu\/weboldal\/wp-content\/gallery\/szeptember-30-a-magyar-nepmese-napja\/Messenger_creation_758B9E81-CF83-4564-994B-F9C64C0C340E.jpeg\"\n                 style=\"max-height: 380px;\"\/>\n        <\/a>\n\n        <\/div> \n<div id=\"ngg-image-21\" class=\"ngg-gallery-slideshow-image\" style=\"height:400px\">\n\n        <a href=\"http:\/\/olasz-altisk.edu.hu\/weboldal\/wp-content\/gallery\/szeptember-30-a-magyar-nepmese-napja\/Messenger_creation_34084D14-8A04-45E6-B08A-CAFF084B67CA.jpeg\"\n           title=\"\"\n           data-src=\"http:\/\/olasz-altisk.edu.hu\/weboldal\/wp-content\/gallery\/szeptember-30-a-magyar-nepmese-napja\/Messenger_creation_34084D14-8A04-45E6-B08A-CAFF084B67CA.jpeg\"\n           data-thumbnail=\"http:\/\/olasz-altisk.edu.hu\/weboldal\/wp-content\/gallery\/szeptember-30-a-magyar-nepmese-napja\/thumbs\/thumbs_Messenger_creation_34084D14-8A04-45E6-B08A-CAFF084B67CA.jpeg\"\n           data-image-id=\"3253\"\n           data-title=\"Messenger_creation_34084D14-8A04-45E6-B08A-CAFF084B67CA\"\n           data-description=\"\"\n           class=\"ngg-fancybox\" rel=\"e9ce8bcc621ef01a90454bf9c0f6c527\">\n\n            <img data-image-id='3253'\n                 title=\"\"\n                 alt=\"Messenger_creation_34084D14-8A04-45E6-B08A-CAFF084B67CA\"\n                 src=\"http:\/\/olasz-altisk.edu.hu\/weboldal\/wp-content\/gallery\/szeptember-30-a-magyar-nepmese-napja\/Messenger_creation_34084D14-8A04-45E6-B08A-CAFF084B67CA.jpeg\"\n                 style=\"max-height: 380px;\"\/>\n        <\/a>\n\n        <\/div> \n<div id=\"ngg-image-22\" class=\"ngg-gallery-slideshow-image\" style=\"height:400px\">\n\n        <a href=\"http:\/\/olasz-altisk.edu.hu\/weboldal\/wp-content\/gallery\/szeptember-30-a-magyar-nepmese-napja\/Messenger_creation_A68F6781-76A0-4438-BC6F-9E9D78E276D7.jpeg\"\n           title=\"\"\n           data-src=\"http:\/\/olasz-altisk.edu.hu\/weboldal\/wp-content\/gallery\/szeptember-30-a-magyar-nepmese-napja\/Messenger_creation_A68F6781-76A0-4438-BC6F-9E9D78E276D7.jpeg\"\n           data-thumbnail=\"http:\/\/olasz-altisk.edu.hu\/weboldal\/wp-content\/gallery\/szeptember-30-a-magyar-nepmese-napja\/thumbs\/thumbs_Messenger_creation_A68F6781-76A0-4438-BC6F-9E9D78E276D7.jpeg\"\n           data-image-id=\"3254\"\n           data-title=\"Messenger_creation_A68F6781-76A0-4438-BC6F-9E9D78E276D7\"\n           data-description=\"\"\n           class=\"ngg-fancybox\" rel=\"e9ce8bcc621ef01a90454bf9c0f6c527\">\n\n            <img data-image-id='3254'\n                 title=\"\"\n                 alt=\"Messenger_creation_A68F6781-76A0-4438-BC6F-9E9D78E276D7\"\n                 src=\"http:\/\/olasz-altisk.edu.hu\/weboldal\/wp-content\/gallery\/szeptember-30-a-magyar-nepmese-napja\/Messenger_creation_A68F6781-76A0-4438-BC6F-9E9D78E276D7.jpeg\"\n                 style=\"max-height: 380px;\"\/>\n        <\/a>\n\n        <\/div> \n<div id=\"ngg-image-23\" class=\"ngg-gallery-slideshow-image\" style=\"height:400px\">\n\n        <a href=\"http:\/\/olasz-altisk.edu.hu\/weboldal\/wp-content\/gallery\/szeptember-30-a-magyar-nepmese-napja\/Messenger_creation_B86554E4-6962-44B1-A8D8-7CEF12B20DCB.jpeg\"\n           title=\"\"\n           data-src=\"http:\/\/olasz-altisk.edu.hu\/weboldal\/wp-content\/gallery\/szeptember-30-a-magyar-nepmese-napja\/Messenger_creation_B86554E4-6962-44B1-A8D8-7CEF12B20DCB.jpeg\"\n           data-thumbnail=\"http:\/\/olasz-altisk.edu.hu\/weboldal\/wp-content\/gallery\/szeptember-30-a-magyar-nepmese-napja\/thumbs\/thumbs_Messenger_creation_B86554E4-6962-44B1-A8D8-7CEF12B20DCB.jpeg\"\n           data-image-id=\"3255\"\n           data-title=\"Messenger_creation_B86554E4-6962-44B1-A8D8-7CEF12B20DCB\"\n           data-description=\"\"\n           class=\"ngg-fancybox\" rel=\"e9ce8bcc621ef01a90454bf9c0f6c527\">\n\n            <img data-image-id='3255'\n                 title=\"\"\n                 alt=\"Messenger_creation_B86554E4-6962-44B1-A8D8-7CEF12B20DCB\"\n                 src=\"http:\/\/olasz-altisk.edu.hu\/weboldal\/wp-content\/gallery\/szeptember-30-a-magyar-nepmese-napja\/Messenger_creation_B86554E4-6962-44B1-A8D8-7CEF12B20DCB.jpeg\"\n                 style=\"max-height: 380px;\"\/>\n        <\/a>\n\n        <\/div> \n<div id=\"ngg-image-24\" class=\"ngg-gallery-slideshow-image\" style=\"height:400px\">\n\n        <a href=\"http:\/\/olasz-altisk.edu.hu\/weboldal\/wp-content\/gallery\/szeptember-30-a-magyar-nepmese-napja\/Messenger_creation_B512A604-0C85-46DF-B5D6-DDDA100234A6.jpeg\"\n           title=\"\"\n           data-src=\"http:\/\/olasz-altisk.edu.hu\/weboldal\/wp-content\/gallery\/szeptember-30-a-magyar-nepmese-napja\/Messenger_creation_B512A604-0C85-46DF-B5D6-DDDA100234A6.jpeg\"\n           data-thumbnail=\"http:\/\/olasz-altisk.edu.hu\/weboldal\/wp-content\/gallery\/szeptember-30-a-magyar-nepmese-napja\/thumbs\/thumbs_Messenger_creation_B512A604-0C85-46DF-B5D6-DDDA100234A6.jpeg\"\n           data-image-id=\"3256\"\n           data-title=\"Messenger_creation_B512A604-0C85-46DF-B5D6-DDDA100234A6\"\n           data-description=\"\"\n           class=\"ngg-fancybox\" rel=\"e9ce8bcc621ef01a90454bf9c0f6c527\">\n\n            <img data-image-id='3256'\n                 title=\"\"\n                 alt=\"Messenger_creation_B512A604-0C85-46DF-B5D6-DDDA100234A6\"\n                 src=\"http:\/\/olasz-altisk.edu.hu\/weboldal\/wp-content\/gallery\/szeptember-30-a-magyar-nepmese-napja\/Messenger_creation_B512A604-0C85-46DF-B5D6-DDDA100234A6.jpeg\"\n                 style=\"max-height: 380px;\"\/>\n        <\/a>\n\n        <\/div> \n<div id=\"ngg-image-25\" class=\"ngg-gallery-slideshow-image\" style=\"height:400px\">\n\n        <a href=\"http:\/\/olasz-altisk.edu.hu\/weboldal\/wp-content\/gallery\/szeptember-30-a-magyar-nepmese-napja\/Messenger_creation_D9D2074E-BB63-4EDF-8341-021DF2E7D488.jpeg\"\n           title=\"\"\n           data-src=\"http:\/\/olasz-altisk.edu.hu\/weboldal\/wp-content\/gallery\/szeptember-30-a-magyar-nepmese-napja\/Messenger_creation_D9D2074E-BB63-4EDF-8341-021DF2E7D488.jpeg\"\n           data-thumbnail=\"http:\/\/olasz-altisk.edu.hu\/weboldal\/wp-content\/gallery\/szeptember-30-a-magyar-nepmese-napja\/thumbs\/thumbs_Messenger_creation_D9D2074E-BB63-4EDF-8341-021DF2E7D488.jpeg\"\n           data-image-id=\"3257\"\n           data-title=\"Messenger_creation_D9D2074E-BB63-4EDF-8341-021DF2E7D488\"\n           data-description=\"\"\n           class=\"ngg-fancybox\" rel=\"e9ce8bcc621ef01a90454bf9c0f6c527\">\n\n            <img data-image-id='3257'\n                 title=\"\"\n                 alt=\"Messenger_creation_D9D2074E-BB63-4EDF-8341-021DF2E7D488\"\n                 src=\"http:\/\/olasz-altisk.edu.hu\/weboldal\/wp-content\/gallery\/szeptember-30-a-magyar-nepmese-napja\/Messenger_creation_D9D2074E-BB63-4EDF-8341-021DF2E7D488.jpeg\"\n                 style=\"max-height: 380px;\"\/>\n        <\/a>\n\n        <\/div> \n<div id=\"ngg-image-26\" class=\"ngg-gallery-slideshow-image\" style=\"height:400px\">\n\n        <a href=\"http:\/\/olasz-altisk.edu.hu\/weboldal\/wp-content\/gallery\/szeptember-30-a-magyar-nepmese-napja\/Messenger_creation_BDDF1449-145D-46A3-B230-329C70FE4D54.jpeg\"\n           title=\"\"\n           data-src=\"http:\/\/olasz-altisk.edu.hu\/weboldal\/wp-content\/gallery\/szeptember-30-a-magyar-nepmese-napja\/Messenger_creation_BDDF1449-145D-46A3-B230-329C70FE4D54.jpeg\"\n           data-thumbnail=\"http:\/\/olasz-altisk.edu.hu\/weboldal\/wp-content\/gallery\/szeptember-30-a-magyar-nepmese-napja\/thumbs\/thumbs_Messenger_creation_BDDF1449-145D-46A3-B230-329C70FE4D54.jpeg\"\n           data-image-id=\"3258\"\n           data-title=\"Messenger_creation_BDDF1449-145D-46A3-B230-329C70FE4D54\"\n           data-description=\"\"\n           class=\"ngg-fancybox\" rel=\"e9ce8bcc621ef01a90454bf9c0f6c527\">\n\n            <img data-image-id='3258'\n                 title=\"\"\n                 alt=\"Messenger_creation_BDDF1449-145D-46A3-B230-329C70FE4D54\"\n                 src=\"http:\/\/olasz-altisk.edu.hu\/weboldal\/wp-content\/gallery\/szeptember-30-a-magyar-nepmese-napja\/Messenger_creation_BDDF1449-145D-46A3-B230-329C70FE4D54.jpeg\"\n                 style=\"max-height: 380px;\"\/>\n        <\/a>\n\n        <\/div> \n<div id=\"ngg-image-27\" class=\"ngg-gallery-slideshow-image\" style=\"height:400px\">\n\n        <a href=\"http:\/\/olasz-altisk.edu.hu\/weboldal\/wp-content\/gallery\/szeptember-30-a-magyar-nepmese-napja\/Messenger_creation_C867258B-EB38-4855-9336-4E0A7AEC3DF7.jpeg\"\n           title=\"\"\n           data-src=\"http:\/\/olasz-altisk.edu.hu\/weboldal\/wp-content\/gallery\/szeptember-30-a-magyar-nepmese-napja\/Messenger_creation_C867258B-EB38-4855-9336-4E0A7AEC3DF7.jpeg\"\n           data-thumbnail=\"http:\/\/olasz-altisk.edu.hu\/weboldal\/wp-content\/gallery\/szeptember-30-a-magyar-nepmese-napja\/thumbs\/thumbs_Messenger_creation_C867258B-EB38-4855-9336-4E0A7AEC3DF7.jpeg\"\n           data-image-id=\"3259\"\n           data-title=\"Messenger_creation_C867258B-EB38-4855-9336-4E0A7AEC3DF7\"\n           data-description=\"\"\n           class=\"ngg-fancybox\" rel=\"e9ce8bcc621ef01a90454bf9c0f6c527\">\n\n            <img data-image-id='3259'\n                 title=\"\"\n                 alt=\"Messenger_creation_C867258B-EB38-4855-9336-4E0A7AEC3DF7\"\n                 src=\"http:\/\/olasz-altisk.edu.hu\/weboldal\/wp-content\/gallery\/szeptember-30-a-magyar-nepmese-napja\/Messenger_creation_C867258B-EB38-4855-9336-4E0A7AEC3DF7.jpeg\"\n                 style=\"max-height: 380px;\"\/>\n        <\/a>\n\n        <\/div> \n<div id=\"ngg-image-28\" class=\"ngg-gallery-slideshow-image\" style=\"height:400px\">\n\n        <a href=\"http:\/\/olasz-altisk.edu.hu\/weboldal\/wp-content\/gallery\/szeptember-30-a-magyar-nepmese-napja\/Messenger_creation_D95DB8A9-B082-4609-9616-2F2087C1DF77.jpeg\"\n           title=\"\"\n           data-src=\"http:\/\/olasz-altisk.edu.hu\/weboldal\/wp-content\/gallery\/szeptember-30-a-magyar-nepmese-napja\/Messenger_creation_D95DB8A9-B082-4609-9616-2F2087C1DF77.jpeg\"\n           data-thumbnail=\"http:\/\/olasz-altisk.edu.hu\/weboldal\/wp-content\/gallery\/szeptember-30-a-magyar-nepmese-napja\/thumbs\/thumbs_Messenger_creation_D95DB8A9-B082-4609-9616-2F2087C1DF77.jpeg\"\n           data-image-id=\"3260\"\n           data-title=\"Messenger_creation_D95DB8A9-B082-4609-9616-2F2087C1DF77\"\n           data-description=\"\"\n           class=\"ngg-fancybox\" rel=\"e9ce8bcc621ef01a90454bf9c0f6c527\">\n\n            <img data-image-id='3260'\n                 title=\"\"\n                 alt=\"Messenger_creation_D95DB8A9-B082-4609-9616-2F2087C1DF77\"\n                 src=\"http:\/\/olasz-altisk.edu.hu\/weboldal\/wp-content\/gallery\/szeptember-30-a-magyar-nepmese-napja\/Messenger_creation_D95DB8A9-B082-4609-9616-2F2087C1DF77.jpeg\"\n                 style=\"max-height: 380px;\"\/>\n        <\/a>\n\n        <\/div> \n<div id=\"ngg-image-29\" class=\"ngg-gallery-slideshow-image\" style=\"height:400px\">\n\n        <a href=\"http:\/\/olasz-altisk.edu.hu\/weboldal\/wp-content\/gallery\/szeptember-30-a-magyar-nepmese-napja\/Messenger_creation_DEC74D01-F162-4A60-90A4-2FAEA8442EBB.jpeg\"\n           title=\"\"\n           data-src=\"http:\/\/olasz-altisk.edu.hu\/weboldal\/wp-content\/gallery\/szeptember-30-a-magyar-nepmese-napja\/Messenger_creation_DEC74D01-F162-4A60-90A4-2FAEA8442EBB.jpeg\"\n           data-thumbnail=\"http:\/\/olasz-altisk.edu.hu\/weboldal\/wp-content\/gallery\/szeptember-30-a-magyar-nepmese-napja\/thumbs\/thumbs_Messenger_creation_DEC74D01-F162-4A60-90A4-2FAEA8442EBB.jpeg\"\n           data-image-id=\"3261\"\n           data-title=\"Messenger_creation_DEC74D01-F162-4A60-90A4-2FAEA8442EBB\"\n           data-description=\"\"\n           class=\"ngg-fancybox\" rel=\"e9ce8bcc621ef01a90454bf9c0f6c527\">\n\n            <img data-image-id='3261'\n                 title=\"\"\n                 alt=\"Messenger_creation_DEC74D01-F162-4A60-90A4-2FAEA8442EBB\"\n                 src=\"http:\/\/olasz-altisk.edu.hu\/weboldal\/wp-content\/gallery\/szeptember-30-a-magyar-nepmese-napja\/Messenger_creation_DEC74D01-F162-4A60-90A4-2FAEA8442EBB.jpeg\"\n                 style=\"max-height: 380px;\"\/>\n        <\/a>\n\n        <\/div> \n<div id=\"ngg-image-30\" class=\"ngg-gallery-slideshow-image\" style=\"height:400px\">\n\n        <a href=\"http:\/\/olasz-altisk.edu.hu\/weboldal\/wp-content\/gallery\/szeptember-30-a-magyar-nepmese-napja\/Messenger_creation_E6BC3725-4B26-4575-B5DA-2A1AE0F5BA1E.jpeg\"\n           title=\"\"\n           data-src=\"http:\/\/olasz-altisk.edu.hu\/weboldal\/wp-content\/gallery\/szeptember-30-a-magyar-nepmese-napja\/Messenger_creation_E6BC3725-4B26-4575-B5DA-2A1AE0F5BA1E.jpeg\"\n           data-thumbnail=\"http:\/\/olasz-altisk.edu.hu\/weboldal\/wp-content\/gallery\/szeptember-30-a-magyar-nepmese-napja\/thumbs\/thumbs_Messenger_creation_E6BC3725-4B26-4575-B5DA-2A1AE0F5BA1E.jpeg\"\n           data-image-id=\"3262\"\n           data-title=\"Messenger_creation_E6BC3725-4B26-4575-B5DA-2A1AE0F5BA1E\"\n           data-description=\"\"\n           class=\"ngg-fancybox\" rel=\"e9ce8bcc621ef01a90454bf9c0f6c527\">\n\n            <img data-image-id='3262'\n                 title=\"\"\n                 alt=\"Messenger_creation_E6BC3725-4B26-4575-B5DA-2A1AE0F5BA1E\"\n                 src=\"http:\/\/olasz-altisk.edu.hu\/weboldal\/wp-content\/gallery\/szeptember-30-a-magyar-nepmese-napja\/Messenger_creation_E6BC3725-4B26-4575-B5DA-2A1AE0F5BA1E.jpeg\"\n                 style=\"max-height: 380px;\"\/>\n        <\/a>\n\n        <\/div> \n<div id=\"ngg-image-31\" class=\"ngg-gallery-slideshow-image\" style=\"height:400px\">\n\n        <a href=\"http:\/\/olasz-altisk.edu.hu\/weboldal\/wp-content\/gallery\/szeptember-30-a-magyar-nepmese-napja\/Messenger_creation_F78CC344-AD40-4EBC-BB85-058165E47155.jpeg\"\n           title=\"\"\n           data-src=\"http:\/\/olasz-altisk.edu.hu\/weboldal\/wp-content\/gallery\/szeptember-30-a-magyar-nepmese-napja\/Messenger_creation_F78CC344-AD40-4EBC-BB85-058165E47155.jpeg\"\n           data-thumbnail=\"http:\/\/olasz-altisk.edu.hu\/weboldal\/wp-content\/gallery\/szeptember-30-a-magyar-nepmese-napja\/thumbs\/thumbs_Messenger_creation_F78CC344-AD40-4EBC-BB85-058165E47155.jpeg\"\n           data-image-id=\"3263\"\n           data-title=\"Messenger_creation_F78CC344-AD40-4EBC-BB85-058165E47155\"\n           data-description=\"\"\n           class=\"ngg-fancybox\" rel=\"e9ce8bcc621ef01a90454bf9c0f6c527\">\n\n            <img data-image-id='3263'\n                 title=\"\"\n                 alt=\"Messenger_creation_F78CC344-AD40-4EBC-BB85-058165E47155\"\n                 src=\"http:\/\/olasz-altisk.edu.hu\/weboldal\/wp-content\/gallery\/szeptember-30-a-magyar-nepmese-napja\/Messenger_creation_F78CC344-AD40-4EBC-BB85-058165E47155.jpeg\"\n                 style=\"max-height: 380px;\"\/>\n        <\/a>\n\n        <\/div> \n<div id=\"ngg-image-32\" class=\"ngg-gallery-slideshow-image\" style=\"height:400px\">\n\n        <a href=\"http:\/\/olasz-altisk.edu.hu\/weboldal\/wp-content\/gallery\/szeptember-30-a-magyar-nepmese-napja\/Messenger_creation_FDB761A6-D222-4CAD-932A-FDC7CF861E07.jpeg\"\n           title=\"\"\n           data-src=\"http:\/\/olasz-altisk.edu.hu\/weboldal\/wp-content\/gallery\/szeptember-30-a-magyar-nepmese-napja\/Messenger_creation_FDB761A6-D222-4CAD-932A-FDC7CF861E07.jpeg\"\n           data-thumbnail=\"http:\/\/olasz-altisk.edu.hu\/weboldal\/wp-content\/gallery\/szeptember-30-a-magyar-nepmese-napja\/thumbs\/thumbs_Messenger_creation_FDB761A6-D222-4CAD-932A-FDC7CF861E07.jpeg\"\n           data-image-id=\"3264\"\n           data-title=\"Messenger_creation_FDB761A6-D222-4CAD-932A-FDC7CF861E07\"\n           data-description=\"\"\n           class=\"ngg-fancybox\" rel=\"e9ce8bcc621ef01a90454bf9c0f6c527\">\n\n            <img data-image-id='3264'\n                 title=\"\"\n                 alt=\"Messenger_creation_FDB761A6-D222-4CAD-932A-FDC7CF861E07\"\n                 src=\"http:\/\/olasz-altisk.edu.hu\/weboldal\/wp-content\/gallery\/szeptember-30-a-magyar-nepmese-napja\/Messenger_creation_FDB761A6-D222-4CAD-932A-FDC7CF861E07.jpeg\"\n                 style=\"max-height: 380px;\"\/>\n        <\/a>\n\n        <\/div> \n<\/div>\n\n\n\n\n","protected":false},"excerpt":{"rendered":"<p>Ezen a napon a gyerekek megismert\u00e9k a n\u00e9pmese olvas\u00e1s \u00f6r\u00f6m\u00e9t \u00e9s hagyom\u00e1ny\u00e1t.Rosta Anita (\u00e9desanya) mesefelolvas\u00e1sa ut\u00e1n \u00e9rdekes kv\u00edzfeladatokat oldottak meg a 3.-4.oszt\u00e1lyos tanul\u00f3k.Majd a tov\u00e1bbiakban A h\u00e1rom K\u00edv\u00e1ns\u00e1g c\u00edm\u0171 n\u00e9pmes\u00e9t l\u00e1thatt\u00e1k a di\u00e1kok Bernhardt Enik\u0151, Berthold Eszter \u00e9s Kir\u00e1ly Bal\u00e1zs pedag\u00f3gusok el\u0151ad\u00e1s\u00e1ban, mellyel igen nagy sikert arattak a k\u00f6z\u00f6ns\u00e9g k\u00f6r\u00e9ben.Az \u2026 <a class=\"continue-reading-link\" href=\"http:\/\/olasz-altisk.edu.hu\/weboldal\/?p=6277\"> Continue reading <span class=\"meta-nav\">&rarr; <\/span><\/a><\/p>\n","protected":false},"author":1,"featured_media":0,"comment_status":"closed","ping_status":"closed","sticky":false,"template":"","format":"standard","meta":{"ngg_post_thumbnail":0},"categories":[1],"tags":[],"_links":{"self":[{"href":"http:\/\/olasz-altisk.edu.hu\/weboldal\/index.php?rest_route=\/wp\/v2\/posts\/6277"}],"collection":[{"href":"http:\/\/olasz-altisk.edu.hu\/weboldal\/index.php?rest_route=\/wp\/v2\/posts"}],"about":[{"href":"http:\/\/olasz-altisk.edu.hu\/weboldal\/index.php?rest_route=\/wp\/v2\/types\/post"}],"author":[{"embeddable":true,"href":"http:\/\/olasz-altisk.edu.hu\/weboldal\/index.php?rest_route=\/wp\/v2\/users\/1"}],"replies":[{"embeddable":true,"href":"http:\/\/olasz-altisk.edu.hu\/weboldal\/index.php?rest_route=%2Fwp%2Fv2%2Fcomments&post=6277"}],"version-history":[{"count":1,"href":"http:\/\/olasz-altisk.edu.hu\/weboldal\/index.php?rest_route=\/wp\/v2\/posts\/6277\/revisions"}],"predecessor-version":[{"id":6312,"href":"http:\/\/olasz-altisk.edu.hu\/weboldal\/index.php?rest_route=\/wp\/v2\/posts\/6277\/revisions\/6312"}],"wp:attachment":[{"href":"http:\/\/olasz-altisk.edu.hu\/weboldal\/index.php?rest_route=%2Fwp%2Fv2%2Fmedia&parent=6277"}],"wp:term":[{"taxonomy":"category","embeddable":true,"href":"http:\/\/olasz-altisk.edu.hu\/weboldal\/index.php?rest_route=%2Fwp%2Fv2%2Fcategories&post=6277"},{"taxonomy":"post_tag","embeddable":true,"href":"http:\/\/olasz-altisk.edu.hu\/weboldal\/index.php?rest_route=%2Fwp%2Fv2%2Ftags&post=6277"}],"curies":[{"name":"wp","href":"https:\/\/api.w.org\/{rel}","templated":true}]}}