{"id":6321,"date":"2025-10-12T21:54:20","date_gmt":"2025-10-12T19:54:20","guid":{"rendered":"http:\/\/olasz-altisk.edu.hu\/weboldal\/?p=6321"},"modified":"2025-10-12T21:54:20","modified_gmt":"2025-10-12T19:54:20","slug":"a-zene-vilagnapja","status":"publish","type":"post","link":"http:\/\/olasz-altisk.edu.hu\/weboldal\/?p=6321","title":{"rendered":"A zene vil\u00e1gnapja"},"content":{"rendered":"\n<p>Okt\u00f3ber 1. &#8222;A zene vil\u00e1gnapja&#8221;.<br>Ruffn\u00e9 Szab\u00f3 \u00c9va n\u00e9ni vezet\u00e9s\u00e9vel a gyerekek megismerkedtek a zeneszerz\u0151kkel, el\u0151ker\u00fcltek a hangszerek is. Vid\u00e1m zen\u00e9s, t\u00e1ncos d\u00e9lut\u00e1nt t\u00f6lt\u00f6tt\u00fcnk egy\u00fctt.<\/p>\n\n\n\n\n\n<div class=\"ngg-galleryoverview ngg-slideshow\"\n\t id=\"ngg-slideshow-09a2545842f3b87429be473c93a1b435-21130471220\"\n     data-gallery-id=\"09a2545842f3b87429be473c93a1b435\"\n     style=\"max-width: 600px; max-height: 400px;\">\n\n \t<div id=\"ngg-image-0\" class=\"ngg-gallery-slideshow-image\" style=\"height:400px\">\n\n        <a href=\"http:\/\/olasz-altisk.edu.hu\/weboldal\/wp-content\/gallery\/a-zene-vilagnapja\/IMG_20251002_143158.jpg\"\n           title=\"\"\n           data-src=\"http:\/\/olasz-altisk.edu.hu\/weboldal\/wp-content\/gallery\/a-zene-vilagnapja\/IMG_20251002_143158.jpg\"\n           data-thumbnail=\"http:\/\/olasz-altisk.edu.hu\/weboldal\/wp-content\/gallery\/a-zene-vilagnapja\/thumbs\/thumbs_IMG_20251002_143158.jpg\"\n           data-image-id=\"3269\"\n           data-title=\"IMG_20251002_143158\"\n           data-description=\"\"\n           class=\"ngg-fancybox\" rel=\"09a2545842f3b87429be473c93a1b435\">\n\n            <img data-image-id='3269'\n                 title=\"\"\n                 alt=\"IMG_20251002_143158\"\n                 src=\"http:\/\/olasz-altisk.edu.hu\/weboldal\/wp-content\/gallery\/a-zene-vilagnapja\/IMG_20251002_143158.jpg\"\n                 style=\"max-height: 380px;\"\/>\n        <\/a>\n\n        <\/div> \n<div id=\"ngg-image-1\" class=\"ngg-gallery-slideshow-image\" style=\"height:400px\">\n\n        <a href=\"http:\/\/olasz-altisk.edu.hu\/weboldal\/wp-content\/gallery\/a-zene-vilagnapja\/IMG_20251002_144011_1.jpg\"\n           title=\"\"\n           data-src=\"http:\/\/olasz-altisk.edu.hu\/weboldal\/wp-content\/gallery\/a-zene-vilagnapja\/IMG_20251002_144011_1.jpg\"\n           data-thumbnail=\"http:\/\/olasz-altisk.edu.hu\/weboldal\/wp-content\/gallery\/a-zene-vilagnapja\/thumbs\/thumbs_IMG_20251002_144011_1.jpg\"\n           data-image-id=\"3270\"\n           data-title=\"IMG_20251002_144011_1\"\n           data-description=\"\"\n           class=\"ngg-fancybox\" rel=\"09a2545842f3b87429be473c93a1b435\">\n\n            <img data-image-id='3270'\n                 title=\"\"\n                 alt=\"IMG_20251002_144011_1\"\n                 src=\"http:\/\/olasz-altisk.edu.hu\/weboldal\/wp-content\/gallery\/a-zene-vilagnapja\/IMG_20251002_144011_1.jpg\"\n                 style=\"max-height: 380px;\"\/>\n        <\/a>\n\n        <\/div> \n<div id=\"ngg-image-2\" class=\"ngg-gallery-slideshow-image\" style=\"height:400px\">\n\n        <a href=\"http:\/\/olasz-altisk.edu.hu\/weboldal\/wp-content\/gallery\/a-zene-vilagnapja\/IMG_20251002_143740.jpg\"\n           title=\"\"\n           data-src=\"http:\/\/olasz-altisk.edu.hu\/weboldal\/wp-content\/gallery\/a-zene-vilagnapja\/IMG_20251002_143740.jpg\"\n           data-thumbnail=\"http:\/\/olasz-altisk.edu.hu\/weboldal\/wp-content\/gallery\/a-zene-vilagnapja\/thumbs\/thumbs_IMG_20251002_143740.jpg\"\n           data-image-id=\"3271\"\n           data-title=\"IMG_20251002_143740\"\n           data-description=\"\"\n           class=\"ngg-fancybox\" rel=\"09a2545842f3b87429be473c93a1b435\">\n\n            <img data-image-id='3271'\n                 title=\"\"\n                 alt=\"IMG_20251002_143740\"\n                 src=\"http:\/\/olasz-altisk.edu.hu\/weboldal\/wp-content\/gallery\/a-zene-vilagnapja\/IMG_20251002_143740.jpg\"\n                 style=\"max-height: 380px;\"\/>\n        <\/a>\n\n        <\/div> \n<div id=\"ngg-image-3\" class=\"ngg-gallery-slideshow-image\" style=\"height:400px\">\n\n        <a href=\"http:\/\/olasz-altisk.edu.hu\/weboldal\/wp-content\/gallery\/a-zene-vilagnapja\/IMG_20251002_141102.jpg\"\n           title=\"\"\n           data-src=\"http:\/\/olasz-altisk.edu.hu\/weboldal\/wp-content\/gallery\/a-zene-vilagnapja\/IMG_20251002_141102.jpg\"\n           data-thumbnail=\"http:\/\/olasz-altisk.edu.hu\/weboldal\/wp-content\/gallery\/a-zene-vilagnapja\/thumbs\/thumbs_IMG_20251002_141102.jpg\"\n           data-image-id=\"3272\"\n           data-title=\"IMG_20251002_141102\"\n           data-description=\"\"\n           class=\"ngg-fancybox\" rel=\"09a2545842f3b87429be473c93a1b435\">\n\n            <img data-image-id='3272'\n                 title=\"\"\n                 alt=\"IMG_20251002_141102\"\n                 src=\"http:\/\/olasz-altisk.edu.hu\/weboldal\/wp-content\/gallery\/a-zene-vilagnapja\/IMG_20251002_141102.jpg\"\n                 style=\"max-height: 380px;\"\/>\n        <\/a>\n\n        <\/div> \n<div id=\"ngg-image-4\" class=\"ngg-gallery-slideshow-image\" style=\"height:400px\">\n\n        <a href=\"http:\/\/olasz-altisk.edu.hu\/weboldal\/wp-content\/gallery\/a-zene-vilagnapja\/IMG_20251002_141604.jpg\"\n           title=\"\"\n           data-src=\"http:\/\/olasz-altisk.edu.hu\/weboldal\/wp-content\/gallery\/a-zene-vilagnapja\/IMG_20251002_141604.jpg\"\n           data-thumbnail=\"http:\/\/olasz-altisk.edu.hu\/weboldal\/wp-content\/gallery\/a-zene-vilagnapja\/thumbs\/thumbs_IMG_20251002_141604.jpg\"\n           data-image-id=\"3273\"\n           data-title=\"IMG_20251002_141604\"\n           data-description=\"\"\n           class=\"ngg-fancybox\" rel=\"09a2545842f3b87429be473c93a1b435\">\n\n            <img data-image-id='3273'\n                 title=\"\"\n                 alt=\"IMG_20251002_141604\"\n                 src=\"http:\/\/olasz-altisk.edu.hu\/weboldal\/wp-content\/gallery\/a-zene-vilagnapja\/IMG_20251002_141604.jpg\"\n                 style=\"max-height: 380px;\"\/>\n        <\/a>\n\n        <\/div> \n<div id=\"ngg-image-5\" class=\"ngg-gallery-slideshow-image\" style=\"height:400px\">\n\n        <a href=\"http:\/\/olasz-altisk.edu.hu\/weboldal\/wp-content\/gallery\/a-zene-vilagnapja\/IMG_20251002_141845.jpg\"\n           title=\"\"\n           data-src=\"http:\/\/olasz-altisk.edu.hu\/weboldal\/wp-content\/gallery\/a-zene-vilagnapja\/IMG_20251002_141845.jpg\"\n           data-thumbnail=\"http:\/\/olasz-altisk.edu.hu\/weboldal\/wp-content\/gallery\/a-zene-vilagnapja\/thumbs\/thumbs_IMG_20251002_141845.jpg\"\n           data-image-id=\"3274\"\n           data-title=\"IMG_20251002_141845\"\n           data-description=\"\"\n           class=\"ngg-fancybox\" rel=\"09a2545842f3b87429be473c93a1b435\">\n\n            <img data-image-id='3274'\n                 title=\"\"\n                 alt=\"IMG_20251002_141845\"\n                 src=\"http:\/\/olasz-altisk.edu.hu\/weboldal\/wp-content\/gallery\/a-zene-vilagnapja\/IMG_20251002_141845.jpg\"\n                 style=\"max-height: 380px;\"\/>\n        <\/a>\n\n        <\/div> \n<div id=\"ngg-image-6\" class=\"ngg-gallery-slideshow-image\" style=\"height:400px\">\n\n        <a href=\"http:\/\/olasz-altisk.edu.hu\/weboldal\/wp-content\/gallery\/a-zene-vilagnapja\/IMG_20251002_144111.jpg\"\n           title=\"\"\n           data-src=\"http:\/\/olasz-altisk.edu.hu\/weboldal\/wp-content\/gallery\/a-zene-vilagnapja\/IMG_20251002_144111.jpg\"\n           data-thumbnail=\"http:\/\/olasz-altisk.edu.hu\/weboldal\/wp-content\/gallery\/a-zene-vilagnapja\/thumbs\/thumbs_IMG_20251002_144111.jpg\"\n           data-image-id=\"3275\"\n           data-title=\"IMG_20251002_144111\"\n           data-description=\"\"\n           class=\"ngg-fancybox\" rel=\"09a2545842f3b87429be473c93a1b435\">\n\n            <img data-image-id='3275'\n                 title=\"\"\n                 alt=\"IMG_20251002_144111\"\n                 src=\"http:\/\/olasz-altisk.edu.hu\/weboldal\/wp-content\/gallery\/a-zene-vilagnapja\/IMG_20251002_144111.jpg\"\n                 style=\"max-height: 380px;\"\/>\n        <\/a>\n\n        <\/div> \n<\/div>\n\n\n\n\n","protected":false},"excerpt":{"rendered":"<p>Okt\u00f3ber 1. &#8222;A zene vil\u00e1gnapja&#8221;.Ruffn\u00e9 Szab\u00f3 \u00c9va n\u00e9ni vezet\u00e9s\u00e9vel a gyerekek megismerkedtek a zeneszerz\u0151kkel, el\u0151ker\u00fcltek a hangszerek is. Vid\u00e1m zen\u00e9s, t\u00e1ncos d\u00e9lut\u00e1nt t\u00f6lt\u00f6tt\u00fcnk egy\u00fctt.<\/p>\n","protected":false},"author":1,"featured_media":0,"comment_status":"closed","ping_status":"closed","sticky":false,"template":"","format":"standard","meta":{"ngg_post_thumbnail":0},"categories":[1],"tags":[],"_links":{"self":[{"href":"http:\/\/olasz-altisk.edu.hu\/weboldal\/index.php?rest_route=\/wp\/v2\/posts\/6321"}],"collection":[{"href":"http:\/\/olasz-altisk.edu.hu\/weboldal\/index.php?rest_route=\/wp\/v2\/posts"}],"about":[{"href":"http:\/\/olasz-altisk.edu.hu\/weboldal\/index.php?rest_route=\/wp\/v2\/types\/post"}],"author":[{"embeddable":true,"href":"http:\/\/olasz-altisk.edu.hu\/weboldal\/index.php?rest_route=\/wp\/v2\/users\/1"}],"replies":[{"embeddable":true,"href":"http:\/\/olasz-altisk.edu.hu\/weboldal\/index.php?rest_route=%2Fwp%2Fv2%2Fcomments&post=6321"}],"version-history":[{"count":1,"href":"http:\/\/olasz-altisk.edu.hu\/weboldal\/index.php?rest_route=\/wp\/v2\/posts\/6321\/revisions"}],"predecessor-version":[{"id":6330,"href":"http:\/\/olasz-altisk.edu.hu\/weboldal\/index.php?rest_route=\/wp\/v2\/posts\/6321\/revisions\/6330"}],"wp:attachment":[{"href":"http:\/\/olasz-altisk.edu.hu\/weboldal\/index.php?rest_route=%2Fwp%2Fv2%2Fmedia&parent=6321"}],"wp:term":[{"taxonomy":"category","embeddable":true,"href":"http:\/\/olasz-altisk.edu.hu\/weboldal\/index.php?rest_route=%2Fwp%2Fv2%2Fcategories&post=6321"},{"taxonomy":"post_tag","embeddable":true,"href":"http:\/\/olasz-altisk.edu.hu\/weboldal\/index.php?rest_route=%2Fwp%2Fv2%2Ftags&post=6321"}],"curies":[{"name":"wp","href":"https:\/\/api.w.org\/{rel}","templated":true}]}}