{"id":6664,"date":"2026-01-13T15:53:37","date_gmt":"2026-01-13T14:53:37","guid":{"rendered":"http:\/\/olasz-altisk.edu.hu\/weboldal\/?p=6664"},"modified":"2026-02-02T12:22:02","modified_gmt":"2026-02-02T11:22:02","slug":"iskolanyitogato-2025-2","status":"publish","type":"post","link":"http:\/\/olasz-altisk.edu.hu\/weboldal\/?p=6664","title":{"rendered":"Iskolanyitogat\u00f3 2026."},"content":{"rendered":"\n<p>Nagy szeretettel fogadtuk a leend\u0151 els\u0151 oszt\u00e1lyos gyerekeket \u00e9s sz\u00fcleiket az iskolanyitogat\u00f3n. Ezen a foglalkoz\u00e1son megismerkedhettek az als\u00f3s pedag\u00f3gusokkal, akik nagyon \u00e9rdekes programmal k\u00e9sz\u00fcltek. A t\u00e9ma k\u00f6z\u00e9ppontj\u00e1ban a s\u00fcndiszn\u00f3 \u00e1llt. Meghallgattunk r\u00f3la egy mes\u00e9t, megtanultuk hol \u00e9s kivel \u00e9l, m\u00e9g a t\u00fcsk\u00e9it is megsz\u00e1moltuk majd pap\u00edrb\u00f3l el is k\u00e9sz\u00edtett\u00fck. N\u00e9met\u00fcl \u00e9nekelt\u00fcnk \u00e9s mond\u00f3k\u00e1ztunk.<br>Egy kellemes d\u00e9lut\u00e1nt t\u00f6lt\u00f6tt\u00fcnk egy\u00fctt.<\/p>\n\n\n\n\n\n<div class=\"ngg-galleryoverview ngg-slideshow\"\n\t id=\"ngg-slideshow-b750dafaf06c3f9d87e79289568226d3-7708991900\"\n     data-gallery-id=\"b750dafaf06c3f9d87e79289568226d3\"\n     style=\"max-width: 600px; max-height: 400px;\">\n\n \t<div id=\"ngg-image-0\" class=\"ngg-gallery-slideshow-image\" style=\"height:400px\">\n\n        <a href=\"http:\/\/olasz-altisk.edu.hu\/weboldal\/wp-content\/gallery\/iskolanyitogato-2025-1\/IMG_20260112_163003.jpg\"\n           title=\"\"\n           data-src=\"http:\/\/olasz-altisk.edu.hu\/weboldal\/wp-content\/gallery\/iskolanyitogato-2025-1\/IMG_20260112_163003.jpg\"\n           data-thumbnail=\"http:\/\/olasz-altisk.edu.hu\/weboldal\/wp-content\/gallery\/iskolanyitogato-2025-1\/thumbs\/thumbs_IMG_20260112_163003.jpg\"\n           data-image-id=\"3491\"\n           data-title=\"IMG_20260112_163003\"\n           data-description=\"\"\n           class=\"ngg-fancybox\" rel=\"b750dafaf06c3f9d87e79289568226d3\">\n\n            <img data-image-id='3491'\n                 title=\"\"\n                 alt=\"IMG_20260112_163003\"\n                 src=\"http:\/\/olasz-altisk.edu.hu\/weboldal\/wp-content\/gallery\/iskolanyitogato-2025-1\/IMG_20260112_163003.jpg\"\n                 style=\"max-height: 380px;\"\/>\n        <\/a>\n\n        <\/div> \n<div id=\"ngg-image-1\" class=\"ngg-gallery-slideshow-image\" style=\"height:400px\">\n\n        <a href=\"http:\/\/olasz-altisk.edu.hu\/weboldal\/wp-content\/gallery\/iskolanyitogato-2025-1\/IMG_20260112_165904.jpg\"\n           title=\"\"\n           data-src=\"http:\/\/olasz-altisk.edu.hu\/weboldal\/wp-content\/gallery\/iskolanyitogato-2025-1\/IMG_20260112_165904.jpg\"\n           data-thumbnail=\"http:\/\/olasz-altisk.edu.hu\/weboldal\/wp-content\/gallery\/iskolanyitogato-2025-1\/thumbs\/thumbs_IMG_20260112_165904.jpg\"\n           data-image-id=\"3492\"\n           data-title=\"IMG_20260112_165904\"\n           data-description=\"\"\n           class=\"ngg-fancybox\" rel=\"b750dafaf06c3f9d87e79289568226d3\">\n\n            <img data-image-id='3492'\n                 title=\"\"\n                 alt=\"IMG_20260112_165904\"\n                 src=\"http:\/\/olasz-altisk.edu.hu\/weboldal\/wp-content\/gallery\/iskolanyitogato-2025-1\/IMG_20260112_165904.jpg\"\n                 style=\"max-height: 380px;\"\/>\n        <\/a>\n\n        <\/div> \n<div id=\"ngg-image-2\" class=\"ngg-gallery-slideshow-image\" style=\"height:400px\">\n\n        <a href=\"http:\/\/olasz-altisk.edu.hu\/weboldal\/wp-content\/gallery\/iskolanyitogato-2025-1\/IMG_20260112_161805.jpg\"\n           title=\"\"\n           data-src=\"http:\/\/olasz-altisk.edu.hu\/weboldal\/wp-content\/gallery\/iskolanyitogato-2025-1\/IMG_20260112_161805.jpg\"\n           data-thumbnail=\"http:\/\/olasz-altisk.edu.hu\/weboldal\/wp-content\/gallery\/iskolanyitogato-2025-1\/thumbs\/thumbs_IMG_20260112_161805.jpg\"\n           data-image-id=\"3493\"\n           data-title=\"IMG_20260112_161805\"\n           data-description=\"\"\n           class=\"ngg-fancybox\" rel=\"b750dafaf06c3f9d87e79289568226d3\">\n\n            <img data-image-id='3493'\n                 title=\"\"\n                 alt=\"IMG_20260112_161805\"\n                 src=\"http:\/\/olasz-altisk.edu.hu\/weboldal\/wp-content\/gallery\/iskolanyitogato-2025-1\/IMG_20260112_161805.jpg\"\n                 style=\"max-height: 380px;\"\/>\n        <\/a>\n\n        <\/div> \n<div id=\"ngg-image-3\" class=\"ngg-gallery-slideshow-image\" style=\"height:400px\">\n\n        <a href=\"http:\/\/olasz-altisk.edu.hu\/weboldal\/wp-content\/gallery\/iskolanyitogato-2025-1\/IMG_20260112_165041.jpg\"\n           title=\"\"\n           data-src=\"http:\/\/olasz-altisk.edu.hu\/weboldal\/wp-content\/gallery\/iskolanyitogato-2025-1\/IMG_20260112_165041.jpg\"\n           data-thumbnail=\"http:\/\/olasz-altisk.edu.hu\/weboldal\/wp-content\/gallery\/iskolanyitogato-2025-1\/thumbs\/thumbs_IMG_20260112_165041.jpg\"\n           data-image-id=\"3494\"\n           data-title=\"IMG_20260112_165041\"\n           data-description=\"\"\n           class=\"ngg-fancybox\" rel=\"b750dafaf06c3f9d87e79289568226d3\">\n\n            <img data-image-id='3494'\n                 title=\"\"\n                 alt=\"IMG_20260112_165041\"\n                 src=\"http:\/\/olasz-altisk.edu.hu\/weboldal\/wp-content\/gallery\/iskolanyitogato-2025-1\/IMG_20260112_165041.jpg\"\n                 style=\"max-height: 380px;\"\/>\n        <\/a>\n\n        <\/div> \n<div id=\"ngg-image-4\" class=\"ngg-gallery-slideshow-image\" style=\"height:400px\">\n\n        <a href=\"http:\/\/olasz-altisk.edu.hu\/weboldal\/wp-content\/gallery\/iskolanyitogato-2025-1\/IMG_20260112_162930.jpg\"\n           title=\"\"\n           data-src=\"http:\/\/olasz-altisk.edu.hu\/weboldal\/wp-content\/gallery\/iskolanyitogato-2025-1\/IMG_20260112_162930.jpg\"\n           data-thumbnail=\"http:\/\/olasz-altisk.edu.hu\/weboldal\/wp-content\/gallery\/iskolanyitogato-2025-1\/thumbs\/thumbs_IMG_20260112_162930.jpg\"\n           data-image-id=\"3495\"\n           data-title=\"IMG_20260112_162930\"\n           data-description=\"\"\n           class=\"ngg-fancybox\" rel=\"b750dafaf06c3f9d87e79289568226d3\">\n\n            <img data-image-id='3495'\n                 title=\"\"\n                 alt=\"IMG_20260112_162930\"\n                 src=\"http:\/\/olasz-altisk.edu.hu\/weboldal\/wp-content\/gallery\/iskolanyitogato-2025-1\/IMG_20260112_162930.jpg\"\n                 style=\"max-height: 380px;\"\/>\n        <\/a>\n\n        <\/div> \n<div id=\"ngg-image-5\" class=\"ngg-gallery-slideshow-image\" style=\"height:400px\">\n\n        <a href=\"http:\/\/olasz-altisk.edu.hu\/weboldal\/wp-content\/gallery\/iskolanyitogato-2025-1\/IMG_20260112_163750.jpg\"\n           title=\"\"\n           data-src=\"http:\/\/olasz-altisk.edu.hu\/weboldal\/wp-content\/gallery\/iskolanyitogato-2025-1\/IMG_20260112_163750.jpg\"\n           data-thumbnail=\"http:\/\/olasz-altisk.edu.hu\/weboldal\/wp-content\/gallery\/iskolanyitogato-2025-1\/thumbs\/thumbs_IMG_20260112_163750.jpg\"\n           data-image-id=\"3496\"\n           data-title=\"IMG_20260112_163750\"\n           data-description=\"\"\n           class=\"ngg-fancybox\" rel=\"b750dafaf06c3f9d87e79289568226d3\">\n\n            <img data-image-id='3496'\n                 title=\"\"\n                 alt=\"IMG_20260112_163750\"\n                 src=\"http:\/\/olasz-altisk.edu.hu\/weboldal\/wp-content\/gallery\/iskolanyitogato-2025-1\/IMG_20260112_163750.jpg\"\n                 style=\"max-height: 380px;\"\/>\n        <\/a>\n\n        <\/div> \n<div id=\"ngg-image-6\" class=\"ngg-gallery-slideshow-image\" style=\"height:400px\">\n\n        <a href=\"http:\/\/olasz-altisk.edu.hu\/weboldal\/wp-content\/gallery\/iskolanyitogato-2025-1\/IMG_20260112_163903.jpg\"\n           title=\"\"\n           data-src=\"http:\/\/olasz-altisk.edu.hu\/weboldal\/wp-content\/gallery\/iskolanyitogato-2025-1\/IMG_20260112_163903.jpg\"\n           data-thumbnail=\"http:\/\/olasz-altisk.edu.hu\/weboldal\/wp-content\/gallery\/iskolanyitogato-2025-1\/thumbs\/thumbs_IMG_20260112_163903.jpg\"\n           data-image-id=\"3497\"\n           data-title=\"IMG_20260112_163903\"\n           data-description=\"\"\n           class=\"ngg-fancybox\" rel=\"b750dafaf06c3f9d87e79289568226d3\">\n\n            <img data-image-id='3497'\n                 title=\"\"\n                 alt=\"IMG_20260112_163903\"\n                 src=\"http:\/\/olasz-altisk.edu.hu\/weboldal\/wp-content\/gallery\/iskolanyitogato-2025-1\/IMG_20260112_163903.jpg\"\n                 style=\"max-height: 380px;\"\/>\n        <\/a>\n\n        <\/div> \n<div id=\"ngg-image-7\" class=\"ngg-gallery-slideshow-image\" style=\"height:400px\">\n\n        <a href=\"http:\/\/olasz-altisk.edu.hu\/weboldal\/wp-content\/gallery\/iskolanyitogato-2025-1\/IMG_20260112_163147.jpg\"\n           title=\"\"\n           data-src=\"http:\/\/olasz-altisk.edu.hu\/weboldal\/wp-content\/gallery\/iskolanyitogato-2025-1\/IMG_20260112_163147.jpg\"\n           data-thumbnail=\"http:\/\/olasz-altisk.edu.hu\/weboldal\/wp-content\/gallery\/iskolanyitogato-2025-1\/thumbs\/thumbs_IMG_20260112_163147.jpg\"\n           data-image-id=\"3498\"\n           data-title=\"IMG_20260112_163147\"\n           data-description=\"\"\n           class=\"ngg-fancybox\" rel=\"b750dafaf06c3f9d87e79289568226d3\">\n\n            <img data-image-id='3498'\n                 title=\"\"\n                 alt=\"IMG_20260112_163147\"\n                 src=\"http:\/\/olasz-altisk.edu.hu\/weboldal\/wp-content\/gallery\/iskolanyitogato-2025-1\/IMG_20260112_163147.jpg\"\n                 style=\"max-height: 380px;\"\/>\n        <\/a>\n\n        <\/div> \n<div id=\"ngg-image-8\" class=\"ngg-gallery-slideshow-image\" style=\"height:400px\">\n\n        <a href=\"http:\/\/olasz-altisk.edu.hu\/weboldal\/wp-content\/gallery\/iskolanyitogato-2025-1\/IMG_20260112_170222_1.jpg\"\n           title=\"\"\n           data-src=\"http:\/\/olasz-altisk.edu.hu\/weboldal\/wp-content\/gallery\/iskolanyitogato-2025-1\/IMG_20260112_170222_1.jpg\"\n           data-thumbnail=\"http:\/\/olasz-altisk.edu.hu\/weboldal\/wp-content\/gallery\/iskolanyitogato-2025-1\/thumbs\/thumbs_IMG_20260112_170222_1.jpg\"\n           data-image-id=\"3499\"\n           data-title=\"IMG_20260112_170222_1\"\n           data-description=\"\"\n           class=\"ngg-fancybox\" rel=\"b750dafaf06c3f9d87e79289568226d3\">\n\n            <img data-image-id='3499'\n                 title=\"\"\n                 alt=\"IMG_20260112_170222_1\"\n                 src=\"http:\/\/olasz-altisk.edu.hu\/weboldal\/wp-content\/gallery\/iskolanyitogato-2025-1\/IMG_20260112_170222_1.jpg\"\n                 style=\"max-height: 380px;\"\/>\n        <\/a>\n\n        <\/div> \n<div id=\"ngg-image-9\" class=\"ngg-gallery-slideshow-image\" style=\"height:400px\">\n\n        <a href=\"http:\/\/olasz-altisk.edu.hu\/weboldal\/wp-content\/gallery\/iskolanyitogato-2025-1\/IMG_20260112_173331.jpg\"\n           title=\"\"\n           data-src=\"http:\/\/olasz-altisk.edu.hu\/weboldal\/wp-content\/gallery\/iskolanyitogato-2025-1\/IMG_20260112_173331.jpg\"\n           data-thumbnail=\"http:\/\/olasz-altisk.edu.hu\/weboldal\/wp-content\/gallery\/iskolanyitogato-2025-1\/thumbs\/thumbs_IMG_20260112_173331.jpg\"\n           data-image-id=\"3500\"\n           data-title=\"IMG_20260112_173331\"\n           data-description=\"\"\n           class=\"ngg-fancybox\" rel=\"b750dafaf06c3f9d87e79289568226d3\">\n\n            <img data-image-id='3500'\n                 title=\"\"\n                 alt=\"IMG_20260112_173331\"\n                 src=\"http:\/\/olasz-altisk.edu.hu\/weboldal\/wp-content\/gallery\/iskolanyitogato-2025-1\/IMG_20260112_173331.jpg\"\n                 style=\"max-height: 380px;\"\/>\n        <\/a>\n\n        <\/div> \n<div id=\"ngg-image-10\" class=\"ngg-gallery-slideshow-image\" style=\"height:400px\">\n\n        <a href=\"http:\/\/olasz-altisk.edu.hu\/weboldal\/wp-content\/gallery\/iskolanyitogato-2025-1\/IMG_20260112_170932.jpg\"\n           title=\"\"\n           data-src=\"http:\/\/olasz-altisk.edu.hu\/weboldal\/wp-content\/gallery\/iskolanyitogato-2025-1\/IMG_20260112_170932.jpg\"\n           data-thumbnail=\"http:\/\/olasz-altisk.edu.hu\/weboldal\/wp-content\/gallery\/iskolanyitogato-2025-1\/thumbs\/thumbs_IMG_20260112_170932.jpg\"\n           data-image-id=\"3501\"\n           data-title=\"IMG_20260112_170932\"\n           data-description=\"\"\n           class=\"ngg-fancybox\" rel=\"b750dafaf06c3f9d87e79289568226d3\">\n\n            <img data-image-id='3501'\n                 title=\"\"\n                 alt=\"IMG_20260112_170932\"\n                 src=\"http:\/\/olasz-altisk.edu.hu\/weboldal\/wp-content\/gallery\/iskolanyitogato-2025-1\/IMG_20260112_170932.jpg\"\n                 style=\"max-height: 380px;\"\/>\n        <\/a>\n\n        <\/div> \n<div id=\"ngg-image-11\" class=\"ngg-gallery-slideshow-image\" style=\"height:400px\">\n\n        <a href=\"http:\/\/olasz-altisk.edu.hu\/weboldal\/wp-content\/gallery\/iskolanyitogato-2025-1\/IMG_20260112_164915.jpg\"\n           title=\"\"\n           data-src=\"http:\/\/olasz-altisk.edu.hu\/weboldal\/wp-content\/gallery\/iskolanyitogato-2025-1\/IMG_20260112_164915.jpg\"\n           data-thumbnail=\"http:\/\/olasz-altisk.edu.hu\/weboldal\/wp-content\/gallery\/iskolanyitogato-2025-1\/thumbs\/thumbs_IMG_20260112_164915.jpg\"\n           data-image-id=\"3502\"\n           data-title=\"IMG_20260112_164915\"\n           data-description=\"\"\n           class=\"ngg-fancybox\" rel=\"b750dafaf06c3f9d87e79289568226d3\">\n\n            <img data-image-id='3502'\n                 title=\"\"\n                 alt=\"IMG_20260112_164915\"\n                 src=\"http:\/\/olasz-altisk.edu.hu\/weboldal\/wp-content\/gallery\/iskolanyitogato-2025-1\/IMG_20260112_164915.jpg\"\n                 style=\"max-height: 380px;\"\/>\n        <\/a>\n\n        <\/div> \n<\/div>\n\n\n\n\n","protected":false},"excerpt":{"rendered":"<p>Nagy szeretettel fogadtuk a leend\u0151 els\u0151 oszt\u00e1lyos gyerekeket \u00e9s sz\u00fcleiket az iskolanyitogat\u00f3n. Ezen a foglalkoz\u00e1son megismerkedhettek az als\u00f3s pedag\u00f3gusokkal, akik nagyon \u00e9rdekes programmal k\u00e9sz\u00fcltek. A t\u00e9ma k\u00f6z\u00e9ppontj\u00e1ban a s\u00fcndiszn\u00f3 \u00e1llt. Meghallgattunk r\u00f3la egy mes\u00e9t, megtanultuk hol \u00e9s kivel \u00e9l, m\u00e9g a t\u00fcsk\u00e9it is megsz\u00e1moltuk majd pap\u00edrb\u00f3l el is k\u00e9sz\u00edtett\u00fck. N\u00e9met\u00fcl \u2026 <a class=\"continue-reading-link\" href=\"http:\/\/olasz-altisk.edu.hu\/weboldal\/?p=6664\"> Continue reading <span class=\"meta-nav\">&rarr; <\/span><\/a><\/p>\n","protected":false},"author":1,"featured_media":0,"comment_status":"closed","ping_status":"closed","sticky":false,"template":"","format":"standard","meta":{"ngg_post_thumbnail":0},"categories":[1],"tags":[],"_links":{"self":[{"href":"http:\/\/olasz-altisk.edu.hu\/weboldal\/index.php?rest_route=\/wp\/v2\/posts\/6664"}],"collection":[{"href":"http:\/\/olasz-altisk.edu.hu\/weboldal\/index.php?rest_route=\/wp\/v2\/posts"}],"about":[{"href":"http:\/\/olasz-altisk.edu.hu\/weboldal\/index.php?rest_route=\/wp\/v2\/types\/post"}],"author":[{"embeddable":true,"href":"http:\/\/olasz-altisk.edu.hu\/weboldal\/index.php?rest_route=\/wp\/v2\/users\/1"}],"replies":[{"embeddable":true,"href":"http:\/\/olasz-altisk.edu.hu\/weboldal\/index.php?rest_route=%2Fwp%2Fv2%2Fcomments&post=6664"}],"version-history":[{"count":2,"href":"http:\/\/olasz-altisk.edu.hu\/weboldal\/index.php?rest_route=\/wp\/v2\/posts\/6664\/revisions"}],"predecessor-version":[{"id":6723,"href":"http:\/\/olasz-altisk.edu.hu\/weboldal\/index.php?rest_route=\/wp\/v2\/posts\/6664\/revisions\/6723"}],"wp:attachment":[{"href":"http:\/\/olasz-altisk.edu.hu\/weboldal\/index.php?rest_route=%2Fwp%2Fv2%2Fmedia&parent=6664"}],"wp:term":[{"taxonomy":"category","embeddable":true,"href":"http:\/\/olasz-altisk.edu.hu\/weboldal\/index.php?rest_route=%2Fwp%2Fv2%2Fcategories&post=6664"},{"taxonomy":"post_tag","embeddable":true,"href":"http:\/\/olasz-altisk.edu.hu\/weboldal\/index.php?rest_route=%2Fwp%2Fv2%2Ftags&post=6664"}],"curies":[{"name":"wp","href":"https:\/\/api.w.org\/{rel}","templated":true}]}}